{"id":17154,"date":"2023-03-07T16:17:48","date_gmt":"2023-03-07T15:17:48","guid":{"rendered":"https:\/\/czechrepublic.afssite.afs.org\/?p=17154"},"modified":"2023-03-07T16:18:28","modified_gmt":"2023-03-07T15:18:28","slug":"ceska-republika-ocima-claudie-z-italie","status":"publish","type":"post","link":"https:\/\/www.afs.cz\/en\/2023\/03\/ceska-republika-ocima-claudie-z-italie\/","title":{"rendered":"\u010cesk\u00e1 republika o\u010dima Claudie z It\u00e1lie"},"content":{"rendered":"<p>Hi everyone! I\u2019m Claudia, I\u2019m from Italy and I live in the south in Sicily. I\u2019m really glad to write something about myself and my experience here in the Czech Republic. I\u2019m a happy person, I love to study languages and discover new cultures and countries so that\u2019s why I chose to study one year abroad. This was my dream since I was little, I got a scholarship for this program and Czech Republic was part of my favourite countries\u2019 list.<\/p>\n<p><figure class=\"wp-image-wrap\"><img loading=\"lazy\" decoding=\"async\" class=\"size-medium wp-image-17155 alignright\" src=\"https:\/\/d22dvihj4pfop3.cloudfront.net\/wp-content\/uploads\/sites\/84\/2023\/03\/07161530\/F5123F78-F9A6-422D-9305-C78E299B5B14-338x600.jpg\" alt=\"\" width=\"338\" height=\"600\" \/><\/figure><\/p>\n<p>Basically, I like all European countries and I believe that this program is based on how much you want to learn, so everywhere you can grow as a person thanks to the new life you will have. Since I&#8217;ve been here every day I learn new things, I&#8217;m discovering a new me and I also believe that this is the most beautiful because I&#8217;m living what I&#8217;ve always wanted.\u00a0 I am able to see the world with different eyes, in a positive way and I am getting to understand how beautiful it is to be able to see the differences of our world, as it is what characterizes us. There are emotions that I will never forget and I will always carry inside.<\/p>\n<p>To be honest, at first it was a little bit difficult because you change life in a short time, but it depends on the person. My biggest shock was that it was not noisy at home, because for me it was something quite normal, especially because in my country we speak a lot and we are a lot energetic. I was scared about the food but I have to say that is not bad.<\/p>\n<p>Furthermore, in Sicily I wasn\u2019t used to taking public transports because we have bad connections and now I\u2019m completely independent. Also now I help my host family to cook or clean and this is really nice to be better for yourself.<\/p>\n<p>My host family is perfect, I have a host mum, host sister and host brother and I have a very good relationship with them and now I feel at home. They are kind and friendly. I bond more with my host sister because we are quite similar and she likes my same things. Even though my host brother is shy, sometimes we speak and I understand his behaviour so I\u2019m just trying.<\/p>\n<p>Now let\u2019s talk about school because it is really different here. I study in a high school so I could say \u201cgrammar school\u201d and as I said before I study languages and in my school there are some specific courses and I\u2019m studying IGCSE Cambridge International School. This is not private but my parents pay because I have exams every year and also Chinese lessons. We have 60 minutes for one lesson and we have just 10-15 minutes of break (it depends on the school but I\u2019m speaking about mine). We don\u2019t have to change our shoes but we can stay with our slippers, and also at home we usually don\u2019t take off our shoes before entering. In my school there isn\u2019t a canteen so every day I eat at home. We have both oral and written tests and a math test could take 2 hours.<\/p>\n<p><figure class=\"wp-image-wrap\"><img loading=\"lazy\" decoding=\"async\" class=\"size-medium wp-image-17157 alignleft\" src=\"https:\/\/d22dvihj4pfop3.cloudfront.net\/wp-content\/uploads\/sites\/84\/2023\/03\/07161600\/b7b3c078-2fb4-488f-bbbe-b6fcb6504e64-450x600.jpg\" alt=\"\" width=\"450\" height=\"600\" \/><\/figure><\/p>\n<p>So\u2026 I like school here much more and I\u2019m learning Czech thanks to my teacher because we have special lessons for foreigners with teenagers from Ukraine. Now I understand czech\u2026not at all but of course better than before and I\u2019m able to complete a phrase. We also have czech lessons online with AFS. With this agency we do several activities and the best one for me are always camps especially the middle one because we slept all together for two nights and we travelled by train, so I believe that is beautiful to have time to spend with other students from all over the world and at the same time you learn new things with volunteers while you have fun. But another wonderful experience was when we went to Karlstejn Castle.<\/p>\n<p>Finally, I would recommend this experience to everyone because it is something that you do just once in your life as a teenager and you can become a better version of yourself. To the students who are currently here I would recommend to keep going and take care of everything because life is one and I would live it as best as I can.<\/p>\n<p>I\u2019m grateful for this and I will never forget a single moment. Thank you, I hope you enjoyed what I wrote.<\/p>\n","protected":false},"excerpt":{"rendered":"<p>Hi everyone! I\u2019m Claudia, I\u2019m from Italy and I live in the south in Sicily. I\u2019m really glad to write&hellip;<\/p>\n","protected":false},"author":351,"featured_media":0,"comment_status":"open","ping_status":"open","sticky":false,"template":"","format":"standard","meta":{"footnotes":""},"categories":[49],"tags":[],"class_list":["post-17154","post","type-post","status-publish","format-standard","hentry","category-hostitelsky-program"],"yoast_head":"<!-- This site is optimized with the Yoast SEO Premium plugin v26.6 (Yoast SEO v26.6) - https:\/\/yoast.com\/wordpress\/plugins\/seo\/ -->\n<title>\u010cesk\u00e1 republika o\u010dima Claudie z It\u00e1lie - Mezikulturn\u00ed programy<\/title>\n<meta name=\"robots\" content=\"index, follow, max-snippet:-1, max-image-preview:large, max-video-preview:-1\" \/>\n<link rel=\"canonical\" href=\"https:\/\/www.afs.cz\/en\/2023\/03\/ceska-republika-ocima-claudie-z-italie\/\" \/>\n<meta property=\"og:locale\" content=\"en_US\" \/>\n<meta property=\"og:type\" content=\"article\" \/>\n<meta property=\"og:title\" content=\"\u010cesk\u00e1 republika o\u010dima Claudie z It\u00e1lie\" \/>\n<meta property=\"og:description\" content=\"Hi everyone! I\u2019m Claudia, I\u2019m from Italy and I live in the south in Sicily. I\u2019m really glad to write&hellip;\" \/>\n<meta property=\"og:url\" content=\"https:\/\/www.afs.cz\/en\/2023\/03\/ceska-republika-ocima-claudie-z-italie\/\" \/>\n<meta property=\"og:site_name\" content=\"Mezikulturn\u00ed programy\" \/>\n<meta property=\"article:published_time\" content=\"2023-03-07T15:17:48+00:00\" \/>\n<meta property=\"article:modified_time\" content=\"2023-03-07T15:18:28+00:00\" \/>\n<meta property=\"og:image\" content=\"https:\/\/czechrepublic.afssite.afs.org\/wp-content\/uploads\/sites\/84\/2023\/03\/F5123F78-F9A6-422D-9305-C78E299B5B14-338x600.jpg\" \/>\n<meta name=\"author\" content=\"afscesko\" \/>\n<meta name=\"twitter:card\" content=\"summary_large_image\" \/>\n<meta name=\"twitter:label1\" content=\"Written by\" \/>\n\t<meta name=\"twitter:data1\" content=\"afscesko\" \/>\n\t<meta name=\"twitter:label2\" content=\"Est. reading time\" \/>\n\t<meta name=\"twitter:data2\" content=\"4 minutes\" \/>\n<script type=\"application\/ld+json\" class=\"yoast-schema-graph\">{\"@context\":\"https:\/\/schema.org\",\"@graph\":[{\"@type\":\"WebPage\",\"@id\":\"https:\/\/www.afs.cz\/en\/2023\/03\/ceska-republika-ocima-claudie-z-italie\/\",\"url\":\"https:\/\/www.afs.cz\/en\/2023\/03\/ceska-republika-ocima-claudie-z-italie\/\",\"name\":\"\u010cesk\u00e1 republika o\u010dima Claudie z It\u00e1lie - Mezikulturn\u00ed programy\",\"isPartOf\":{\"@id\":\"https:\/\/www.afs.cz\/en\/#website\"},\"primaryImageOfPage\":{\"@id\":\"https:\/\/www.afs.cz\/en\/2023\/03\/ceska-republika-ocima-claudie-z-italie\/#primaryimage\"},\"image\":{\"@id\":\"https:\/\/www.afs.cz\/en\/2023\/03\/ceska-republika-ocima-claudie-z-italie\/#primaryimage\"},\"thumbnailUrl\":\"https:\/\/czechrepublic.afssite.afs.org\/wp-content\/uploads\/sites\/84\/2023\/03\/F5123F78-F9A6-422D-9305-C78E299B5B14-338x600.jpg\",\"datePublished\":\"2023-03-07T15:17:48+00:00\",\"dateModified\":\"2023-03-07T15:18:28+00:00\",\"author\":{\"@id\":\"https:\/\/www.afs.cz\/en\/#\/schema\/person\/bc52da0be76098030e75baeb919827ff\"},\"breadcrumb\":{\"@id\":\"https:\/\/www.afs.cz\/en\/2023\/03\/ceska-republika-ocima-claudie-z-italie\/#breadcrumb\"},\"inLanguage\":\"en-US\",\"potentialAction\":[{\"@type\":\"ReadAction\",\"target\":[\"https:\/\/www.afs.cz\/en\/2023\/03\/ceska-republika-ocima-claudie-z-italie\/\"]}]},{\"@type\":\"ImageObject\",\"inLanguage\":\"en-US\",\"@id\":\"https:\/\/www.afs.cz\/en\/2023\/03\/ceska-republika-ocima-claudie-z-italie\/#primaryimage\",\"url\":\"https:\/\/czechrepublic.afssite.afs.org\/wp-content\/uploads\/sites\/84\/2023\/03\/F5123F78-F9A6-422D-9305-C78E299B5B14-338x600.jpg\",\"contentUrl\":\"https:\/\/czechrepublic.afssite.afs.org\/wp-content\/uploads\/sites\/84\/2023\/03\/F5123F78-F9A6-422D-9305-C78E299B5B14-338x600.jpg\"},{\"@type\":\"BreadcrumbList\",\"@id\":\"https:\/\/www.afs.cz\/en\/2023\/03\/ceska-republika-ocima-claudie-z-italie\/#breadcrumb\",\"itemListElement\":[{\"@type\":\"ListItem\",\"position\":1,\"name\":\"Home\",\"item\":\"https:\/\/czechrepublic.afssite.afs.org\/en\/\"},{\"@type\":\"ListItem\",\"position\":2,\"name\":\"\u010cesk\u00e1 republika o\u010dima Claudie z It\u00e1lie\"}]},{\"@type\":\"WebSite\",\"@id\":\"https:\/\/www.afs.cz\/en\/#website\",\"url\":\"https:\/\/www.afs.cz\/en\/\",\"name\":\"Mezikulturn\u00ed programy\",\"description\":\"Studium v zahrani\u010d\u00ed, hostitelsk\u00fd program, vzd\u011bl\u00e1vac\u00ed programy, dobrovolnictv\u00ed a mnoho dal\u0161\u00edho.\",\"potentialAction\":[{\"@type\":\"SearchAction\",\"target\":{\"@type\":\"EntryPoint\",\"urlTemplate\":\"https:\/\/www.afs.cz\/en\/?s={search_term_string}\"},\"query-input\":{\"@type\":\"PropertyValueSpecification\",\"valueRequired\":true,\"valueName\":\"search_term_string\"}}],\"inLanguage\":\"en-US\"},{\"@type\":\"Person\",\"@id\":\"https:\/\/www.afs.cz\/en\/#\/schema\/person\/bc52da0be76098030e75baeb919827ff\",\"name\":\"afscesko\",\"image\":{\"@type\":\"ImageObject\",\"inLanguage\":\"en-US\",\"@id\":\"https:\/\/www.afs.cz\/en\/#\/schema\/person\/image\/\",\"url\":\"https:\/\/secure.gravatar.com\/avatar\/eda270bfa745d003b9a210dc384a8c22e1a05bc41e5280645d3e2968a117c931?s=96&d=mm&r=g\",\"contentUrl\":\"https:\/\/secure.gravatar.com\/avatar\/eda270bfa745d003b9a210dc384a8c22e1a05bc41e5280645d3e2968a117c931?s=96&d=mm&r=g\",\"caption\":\"afscesko\"},\"url\":\"https:\/\/www.afs.cz\/en\/author\/afscesko\/\"}]}<\/script>\n<!-- \/ Yoast SEO Premium plugin. -->","yoast_head_json":{"title":"\u010cesk\u00e1 republika o\u010dima Claudie z It\u00e1lie - Mezikulturn\u00ed programy","robots":{"index":"index","follow":"follow","max-snippet":"max-snippet:-1","max-image-preview":"max-image-preview:large","max-video-preview":"max-video-preview:-1"},"canonical":"https:\/\/www.afs.cz\/en\/2023\/03\/ceska-republika-ocima-claudie-z-italie\/","og_locale":"en_US","og_type":"article","og_title":"\u010cesk\u00e1 republika o\u010dima Claudie z It\u00e1lie","og_description":"Hi everyone! I\u2019m Claudia, I\u2019m from Italy and I live in the south in Sicily. I\u2019m really glad to write&hellip;","og_url":"https:\/\/www.afs.cz\/en\/2023\/03\/ceska-republika-ocima-claudie-z-italie\/","og_site_name":"Mezikulturn\u00ed programy","article_published_time":"2023-03-07T15:17:48+00:00","article_modified_time":"2023-03-07T15:18:28+00:00","og_image":[{"url":"https:\/\/czechrepublic.afssite.afs.org\/wp-content\/uploads\/sites\/84\/2023\/03\/F5123F78-F9A6-422D-9305-C78E299B5B14-338x600.jpg","type":"","width":"","height":""}],"author":"afscesko","twitter_card":"summary_large_image","twitter_misc":{"Written by":"afscesko","Est. reading time":"4 minutes"},"schema":{"@context":"https:\/\/schema.org","@graph":[{"@type":"WebPage","@id":"https:\/\/www.afs.cz\/en\/2023\/03\/ceska-republika-ocima-claudie-z-italie\/","url":"https:\/\/www.afs.cz\/en\/2023\/03\/ceska-republika-ocima-claudie-z-italie\/","name":"\u010cesk\u00e1 republika o\u010dima Claudie z It\u00e1lie - Mezikulturn\u00ed programy","isPartOf":{"@id":"https:\/\/www.afs.cz\/en\/#website"},"primaryImageOfPage":{"@id":"https:\/\/www.afs.cz\/en\/2023\/03\/ceska-republika-ocima-claudie-z-italie\/#primaryimage"},"image":{"@id":"https:\/\/www.afs.cz\/en\/2023\/03\/ceska-republika-ocima-claudie-z-italie\/#primaryimage"},"thumbnailUrl":"https:\/\/czechrepublic.afssite.afs.org\/wp-content\/uploads\/sites\/84\/2023\/03\/F5123F78-F9A6-422D-9305-C78E299B5B14-338x600.jpg","datePublished":"2023-03-07T15:17:48+00:00","dateModified":"2023-03-07T15:18:28+00:00","author":{"@id":"https:\/\/www.afs.cz\/en\/#\/schema\/person\/bc52da0be76098030e75baeb919827ff"},"breadcrumb":{"@id":"https:\/\/www.afs.cz\/en\/2023\/03\/ceska-republika-ocima-claudie-z-italie\/#breadcrumb"},"inLanguage":"en-US","potentialAction":[{"@type":"ReadAction","target":["https:\/\/www.afs.cz\/en\/2023\/03\/ceska-republika-ocima-claudie-z-italie\/"]}]},{"@type":"ImageObject","inLanguage":"en-US","@id":"https:\/\/www.afs.cz\/en\/2023\/03\/ceska-republika-ocima-claudie-z-italie\/#primaryimage","url":"https:\/\/czechrepublic.afssite.afs.org\/wp-content\/uploads\/sites\/84\/2023\/03\/F5123F78-F9A6-422D-9305-C78E299B5B14-338x600.jpg","contentUrl":"https:\/\/czechrepublic.afssite.afs.org\/wp-content\/uploads\/sites\/84\/2023\/03\/F5123F78-F9A6-422D-9305-C78E299B5B14-338x600.jpg"},{"@type":"BreadcrumbList","@id":"https:\/\/www.afs.cz\/en\/2023\/03\/ceska-republika-ocima-claudie-z-italie\/#breadcrumb","itemListElement":[{"@type":"ListItem","position":1,"name":"Home","item":"https:\/\/czechrepublic.afssite.afs.org\/en\/"},{"@type":"ListItem","position":2,"name":"\u010cesk\u00e1 republika o\u010dima Claudie z It\u00e1lie"}]},{"@type":"WebSite","@id":"https:\/\/www.afs.cz\/en\/#website","url":"https:\/\/www.afs.cz\/en\/","name":"Mezikulturn\u00ed programy","description":"Studium v zahrani\u010d\u00ed, hostitelsk\u00fd program, vzd\u011bl\u00e1vac\u00ed programy, dobrovolnictv\u00ed a mnoho dal\u0161\u00edho.","potentialAction":[{"@type":"SearchAction","target":{"@type":"EntryPoint","urlTemplate":"https:\/\/www.afs.cz\/en\/?s={search_term_string}"},"query-input":{"@type":"PropertyValueSpecification","valueRequired":true,"valueName":"search_term_string"}}],"inLanguage":"en-US"},{"@type":"Person","@id":"https:\/\/www.afs.cz\/en\/#\/schema\/person\/bc52da0be76098030e75baeb919827ff","name":"afscesko","image":{"@type":"ImageObject","inLanguage":"en-US","@id":"https:\/\/www.afs.cz\/en\/#\/schema\/person\/image\/","url":"https:\/\/secure.gravatar.com\/avatar\/eda270bfa745d003b9a210dc384a8c22e1a05bc41e5280645d3e2968a117c931?s=96&d=mm&r=g","contentUrl":"https:\/\/secure.gravatar.com\/avatar\/eda270bfa745d003b9a210dc384a8c22e1a05bc41e5280645d3e2968a117c931?s=96&d=mm&r=g","caption":"afscesko"},"url":"https:\/\/www.afs.cz\/en\/author\/afscesko\/"}]}},"_links":{"self":[{"href":"https:\/\/www.afs.cz\/en\/wp-json\/wp\/v2\/posts\/17154","targetHints":{"allow":["GET"]}}],"collection":[{"href":"https:\/\/www.afs.cz\/en\/wp-json\/wp\/v2\/posts"}],"about":[{"href":"https:\/\/www.afs.cz\/en\/wp-json\/wp\/v2\/types\/post"}],"author":[{"embeddable":true,"href":"https:\/\/www.afs.cz\/en\/wp-json\/wp\/v2\/users\/351"}],"replies":[{"embeddable":true,"href":"https:\/\/www.afs.cz\/en\/wp-json\/wp\/v2\/comments?post=17154"}],"version-history":[{"count":2,"href":"https:\/\/www.afs.cz\/en\/wp-json\/wp\/v2\/posts\/17154\/revisions"}],"predecessor-version":[{"id":17162,"href":"https:\/\/www.afs.cz\/en\/wp-json\/wp\/v2\/posts\/17154\/revisions\/17162"}],"wp:attachment":[{"href":"https:\/\/www.afs.cz\/en\/wp-json\/wp\/v2\/media?parent=17154"}],"wp:term":[{"taxonomy":"category","embeddable":true,"href":"https:\/\/www.afs.cz\/en\/wp-json\/wp\/v2\/categories?post=17154"},{"taxonomy":"post_tag","embeddable":true,"href":"https:\/\/www.afs.cz\/en\/wp-json\/wp\/v2\/tags?post=17154"}],"curies":[{"name":"wp","href":"https:\/\/api.w.org\/{rel}","templated":true}]}}