{"id":17060,"date":"2023-02-28T10:06:51","date_gmt":"2023-02-28T09:06:51","guid":{"rendered":"https:\/\/czechrepublic.afssite.afs.org\/?p=17060"},"modified":"2025-01-01T15:50:56","modified_gmt":"2025-01-01T14:50:56","slug":"zeleny-klenot-stredni-ameriky-kostarika","status":"publish","type":"post","link":"https:\/\/www.afs.cz\/en\/2023\/02\/zeleny-klenot-stredni-ameriky-kostarika\/","title":{"rendered":"Zelen\u00fd klenot St\u0159edn\u00ed Ameriky &#8211; Kostarika"},"content":{"rendered":"<p>Hola, jsem Kate\u0159ina \ud83d\ude42 I kdy\u017e u\u017e je to p\u00e1r t\u00fddn\u016f, co jsem opustila sv\u016fj mal\u00fd r\u00e1j na Kostarice a p\u0159ilet\u011bla zp\u00e1tky do \u010ceska, dote\u010f st\u00e1le netu\u0161\u00edm, jak se m\u00e1m vlastn\u011b c\u00edtit. Kdy\u017e se ohl\u00e9dnu za v\u0161emi t\u011bmi \u00fa\u017easn\u00fdmi i ne tak \u00fa\u017easn\u00fdmi z\u00e1\u017eitky, v\u017edycky pro m\u011b bude tenhle pobyt jedn\u00edm z nejlep\u0161\u00edch rozhodnut\u00ed, do kter\u00fdch jsem se pustila, a jsem za tuhle mo\u017enost vd\u011b\u010dn\u00e1 jak AFS, tak sv\u00fdm rodi\u010d\u016fm. Jednou jsem u\u017e \u010dl\u00e1nek o tom, jak se \u017eije ve St\u0159edn\u00ed Americe, psala. Te\u010f m\u00e1m sice v\u0161e za sebou, za to jsem ale o n\u011bco moud\u0159ej\u0161\u00ed (mo\u017en\u00e1) a pokus\u00edm se tu o men\u0161\u00ed evaluaci a p\u0159ed\u00e1n\u00ed p\u00e1r friendly rad.<\/p>\n<p><figure class=\"wp-image-wrap\"><img loading=\"lazy\" decoding=\"async\" class=\"size-medium wp-image-17063 alignright\" src=\"https:\/\/d22dvihj4pfop3.cloudfront.net\/wp-content\/uploads\/sites\/84\/2023\/02\/28100433\/IMG_1186-450x600.jpeg\" alt=\"\" width=\"450\" height=\"600\" \/><\/figure><\/p>\n<p>Zemi jsem si vybrala hlavn\u011b kv\u016fli jazyku. Na Kostariku jsem odjela s nulovou znalost\u00ed \u0161pan\u011bl\u0161tiny a vr\u00e1tila se v\u00edc ne\u017e spokojen\u00e1 \u2013 sama v\u00edm, \u017ee to nen\u00ed perfektn\u00ed, ale dostat se z ni\u010deho na A2\/B1 za p\u011bt m\u011bs\u00edc\u016f je pro m\u011b obrovskej \u00fasp\u011bch. Te\u010f bych \u0159ekla, \u017ee m\u016f\u017eu udr\u017eet v pohod\u011b konverzaci, a tak n\u011bjak se vyhrabat z jak\u00e9koliv situace. A tip pro budouc\u00ed studenty \u2013 nebojte se d\u011blat chyby, po\u0159\u00e1d se ptejte, a hlavn\u011b mluvte a mluvte, \u00fapln\u011b se v\u0161ema, i kdy\u017e si p\u0159ipad\u00e1te naprosto otravn\u00ed a n\u011bjak\u00e9 ty pohledy m\u00edstn\u00edch si neberte osobn\u011b \ud83d\ude00 D\u011bl\u00e1te to sami pro sebe! M\u016f\u017eete nap\u0159\u00edklad poprosit u\u010ditele o poskytnut\u00ed u\u010debn\u00edch materi\u00e1l\u016f na va\u0161\u00ed \u00farovni a podobn\u011b. U\u017e za prvn\u00ed m\u011bs\u00edc uvid\u00edte pokrok a za dva se budete c\u00edtit v\u00edce comfortable v ovl\u00e1d\u00e1n\u00ed jazyka. Co bych ud\u011blala zp\u011btn\u011b jinak, je mo\u017en\u00e1 jen v\u00edce se soust\u0159edit na gramatiku a nedoh\u00e1n\u011bt ji a\u017e po programu (guilty).<\/p>\n<p>M\u011bla jsem \u0161t\u011bst\u00ed na lidi okolo sebe, a hlavn\u011b na rodinu, kterou jsem byla doslova obklopen\u00e1 (jako\u017ee doslova, cel\u00e1 ulice se skl\u00e1dala z m\u00fdch \u201cp\u0159\u00edbuzn\u00fdch\u201d). Samoz\u0159ejm\u011b jsem m\u011bla neskute\u010dn\u00fd strach z toho, jestli zapadnu a jestli se mezi nimi budu c\u00edtit dob\u0159e. Taky jsem v\u016fbec nev\u011bd\u011bla, jak budu zvl\u00e1dat dom\u00e1cnost v mal\u00e9m dome\u010dku se t\u0159emi dal\u0161\u00edmi sourozenci. Kdy\u017e jsem ale p\u0159ijela, mozek z toho stresu p\u0159epnul do fight or flight modu a nau\u010dila jsem se na interakce s lidma nahl\u00ed\u017eet z \u00fapln\u011b jin\u00e9ho \u00fahlu, p\u0159estala m\u00edt nere\u00e1ln\u00e1 o\u010dek\u00e1v\u00e1n\u00ed a sna\u017eila se ostatn\u00ed p\u0159ij\u00edmat p\u0159esn\u011b takov\u00fd, jac\u00ed jsou. Zanedlouho, ani nev\u00edm jak, jsem s rodinou vtipkovala, jezdila na v\u00fdlety a p\u0159ipadala si jednou z nich. A kdyby to n\u00e1hodou tak nedopadlo, po\u0159\u00e1d jsem v\u011bd\u011bla, \u017ee vym\u011bnit rodinu nebo se minim\u00e1ln\u011b obr\u00e1tit na n\u011bkoho z AFS, by bylo stejn\u011b tak \u00fapln\u011b okay a neznamenalo by to moje selh\u00e1n\u00ed (tu\u010dn\u00fd vyk\u0159i\u010dn\u00edk!).<\/p>\n<p>Kostari\u010dan\u00e9 jsou neuv\u011b\u0159iteln\u011b p\u0159\u00e1tel\u0161t\u00ed, otev\u0159en\u00ed a n\u00e1pomocn\u00ed lid\u00e9 a bylo a\u017e moc lehk\u00e9 si naj\u00edt p\u0159\u00e1tele \u2013 ve \u0161kole i mimo ni. P\u0159esto jsem se neust\u00e1le sna\u017eila bavit se s nov\u00fdmi lidmi a prost\u011b se sna\u017eila vyt\u011b\u017eit z toho co nejv\u00edc. Samoz\u0159ejm\u011b, \u017ee si nemus\u00edte sednout s ka\u017ed\u00fdm, a ne ka\u017ed\u00fd p\u0159\u00e1telstv\u00ed bude na cel\u00fd \u017eivot, ale to pat\u0159\u00ed k \u017eivotu a d\u016fle\u017eit\u00fd je, \u017ee jsem v\u0161e zkusila a d\u011blala to, v \u010dem jsem se c\u00edtila safe. Celkov\u011b jsem si stejn\u011b \u010dasem na\u0161la siln\u00e1 p\u0159\u00e1telstv\u00ed se spolu\u017e\u00e1ky nebo ostatn\u00edmi studenty z AFS, kte\u0159\u00ed m\u011b tahali na sportovn\u00ed utk\u00e1n\u00ed, v\u00fdlety nebo r\u016fzn\u00e9 akce. A p\u0159esn\u011b tihle lid\u00e9 tvo\u0159ili (a st\u00e1le tvo\u0159\u00ed) jednu z nejkr\u00e1sn\u011bj\u0161\u00edch \u010d\u00e1st\u00ed programu, kter\u00e1 m\u011b d\u011blala \u0161\u0165astnou. Tak\u017ee rada v tomhle? Ano, d\u011blejte prvn\u00ed kroky a ne\u010dekejte, \u017ee se v\u0161e samo vy\u0159e\u0161\u00ed, ale nebu\u010fte na sebe moc tvrd\u00ed a v ostatn\u00edm se nechte tak trochu un\u00e1\u0161et osudem, ono to vyjde.<\/p>\n<p><figure class=\"wp-image-wrap\"><img loading=\"lazy\" decoding=\"async\" class=\"size-medium wp-image-17065 alignleft\" src=\"https:\/\/d22dvihj4pfop3.cloudfront.net\/wp-content\/uploads\/sites\/84\/2023\/02\/28100552\/daafc37f-1953-4c1b-a48f-ef9684f530f6-450x600.jpeg\" alt=\"\" width=\"450\" height=\"600\" \/><\/figure><\/p>\n<p>Ka\u017ed\u00fd, fakt ka\u017ed\u00fd den jsem pro\u017eila naplno (krom t\u00fddne s r\u00fdmi\u010dkou) a \u0161la sp\u00e1t s nad\u0161en\u00edm a hrdost\u00ed, \u017ee jsem zase o n\u011bco v\u00edc vystoupila ze sv\u00e9 komfortn\u00ed z\u00f3ny. A\u0165 u\u017e jsem se sezn\u00e1mila s nov\u00fdm \u010dlov\u011bkem, nau\u010dila se n\u011bco nov\u00e9ho, poznala nov\u00e9 m\u00edsto nebo jedla \u0161pagety s r\u00fd\u017e\u00ed (kultura??). Za\u017e\u00edvat neust\u00e1lou zm\u011bnu byl kr\u00e1sn\u00fd pocit, kter\u00fd se stal z\u00e1vislost\u00ed. Tak\u017ee kdybych m\u011bla zvolit jedinou v\u011bc, kterou jsem si odvezla, krom\u011b pura vida lifestylu (= aneb bu\u010f pozitivn\u00ed a nestarej se o n\u00e1zory ostatn\u00edch), tak by to bylo sna\u017eit se nepromrhat ani jeden den a prost\u011b si jet to svoje. To mi p\u0159ipom\u00edn\u00e1, \u017ee na za\u010d\u00e1tku mi n\u011bjak\u00fd dobrovoln\u00edk \u0159ekl, jak opravdu za\u010dal \u017e\u00edt a\u017e po absolvov\u00e1n\u00ed programu, a i kdy\u017e to zn\u00ed jako naprost\u00fd kli\u0161\u00e9, je to p\u0159esn\u011b to, co se tady sna\u017e\u00edm vysv\u011btlit.<\/p>\n<p>Tak\u017ee na z\u00e1v\u011br \u2013 jestli se taky chyst\u00e1te s AFS n\u011bkam vydat, dejte do toho pros\u00edm v\u0161echno, zkou\u0161ejte v\u011bci, o kter\u00fdch byste norm\u00e1ln\u011b ani nep\u0159em\u00fd\u0161leli, vystupte ze sv\u00e9 komfortn\u00ed z\u00f3ny a u\u017eijte si to tak, abyste nemuseli ni\u010deho litovat. A hlavn\u011b pamatujte, \u017ee v\u0161echno, \u010d\u00edm si v hlav\u011b proch\u00e1z\u00edte, je naprosto v pohod\u011b a mus\u00edte b\u00fdt sami na sebe mil\u00ed! Jd\u011bte do toho a ni\u010deho se nebojte, zvl\u00e1dnete to a v\u017edycky z\u00edsk\u00e1te v\u00edc, ne\u017e si mysl\u00edte.<\/p>\n<p>Hasta pronto \ud83d\ude42<\/p>\n<p>\u2013 Kate\u0159ina \u0160., semestr\u00e1ln\u00ed program v Kostarice ve \u0161koln\u00edm roce 2021\/2022<\/p>\n<hr \/>\n<h3><strong>Za\u017eij st\u0159edn\u00ed \u0161kolu v zahrani\u010d\u00ed<\/strong><\/h3>\n<p>L\u00e1k\u00e1 t\u011b pro\u017e\u00edt podobn\u00e9 dobrodru\u017estv\u00ed jako Ka\u010dka? Nau\u010dit se nov\u00fd ciz\u00ed jazyk na druh\u00e9 stran\u011b sv\u011bta? V\u00fdm\u011bnn\u00fd studijn\u00ed program je z\u00e1\u017eitek, kter\u00fd ka\u017ed\u00e9mu studentovi p\u0159inese zku\u0161enosti a nadhled pot\u0159ebn\u00e9 pro sou\u010dasn\u00fd sv\u011bt. Pokud i tebe l\u00e1k\u00e1 my\u0161lenka st\u0159edn\u00ed \u0161koly za hranicemi \u010cesk\u00e9 republiky, nev\u00e1hej a kontaktuj na\u0161i koordin\u00e1torku Zuzanu. Ji\u017e z\u00edtra m\u016f\u017ee\u0161 b\u00fdt o krok bl\u00ed\u017e sv\u00e9mu snu! V\u00edce informac\u00ed o AFS studijn\u00edch programech a konkr\u00e9tn\u00ed nab\u00eddku mo\u017en\u00fdch destinac\u00ed nalezne\u0161 zde:\u00a0<a href=\"https:\/\/www.afs.cz\/studium-v-zahranici\/?utm_source=web&amp;utm_medium=blog&amp;utm_campaign=sending_clanky&amp;utm_term=kostarika\">www.afs.cz\/studium-v-zahranici\/<\/a><\/p>\n<p>Spojit se s n\u00e1mi m\u016f\u017ee\u0161 tak\u00e9 p\u0159es kontaktn\u00ed formul\u00e1\u0159 a my se ti ozveme do t\u0159\u00ed pracovn\u00edch dn\u00ed:\u00a0<a href=\"https:\/\/www.afs.cz\/kontaktni-formular\/?utm_source=web&amp;utm_medium=blog&amp;utm_campaign=sending_clanky&amp;utm_term=kostarika\">www.afs.cz\/kontaktni-formular\/<\/a><\/p>\n<div class=\"panel-wysiwyg__column-content\">\n<div class=\"context-content\" data-name=\"content\" data-livetext=\"\">\n<p>&nbsp;<\/p>\n<\/div>\n<\/div>\n","protected":false},"excerpt":{"rendered":"<p>Hola, jsem Kate\u0159ina \ud83d\ude42 I kdy\u017e u\u017e je to p\u00e1r t\u00fddn\u016f, co jsem opustila sv\u016fj mal\u00fd r\u00e1j na Kostarice a&hellip;<\/p>\n","protected":false},"author":351,"featured_media":17067,"comment_status":"open","ping_status":"open","sticky":false,"template":"","format":"standard","meta":{"footnotes":""},"categories":[50],"tags":[],"class_list":["post-17060","post","type-post","status-publish","format-standard","has-post-thumbnail","hentry","category-studium-v-zahranici"],"yoast_head":"<!-- This site is optimized with the Yoast SEO Premium plugin v26.6 (Yoast SEO v26.6) - https:\/\/yoast.com\/wordpress\/plugins\/seo\/ -->\n<title>Zelen\u00fd klenot St\u0159edn\u00ed Ameriky - Kostarika - Mezikulturn\u00ed programy<\/title>\n<meta name=\"robots\" content=\"index, follow, max-snippet:-1, max-image-preview:large, max-video-preview:-1\" \/>\n<link rel=\"canonical\" href=\"https:\/\/www.afs.cz\/en\/2023\/02\/zeleny-klenot-stredni-ameriky-kostarika\/\" \/>\n<meta property=\"og:locale\" content=\"en_US\" \/>\n<meta property=\"og:type\" content=\"article\" \/>\n<meta property=\"og:title\" content=\"Zelen\u00fd klenot St\u0159edn\u00ed Ameriky - Kostarika\" \/>\n<meta property=\"og:description\" content=\"Hola, jsem Kate\u0159ina \ud83d\ude42 I kdy\u017e u\u017e je to p\u00e1r t\u00fddn\u016f, co jsem opustila sv\u016fj mal\u00fd r\u00e1j na Kostarice a&hellip;\" \/>\n<meta property=\"og:url\" content=\"https:\/\/www.afs.cz\/en\/2023\/02\/zeleny-klenot-stredni-ameriky-kostarika\/\" \/>\n<meta property=\"og:site_name\" content=\"Mezikulturn\u00ed programy\" \/>\n<meta property=\"article:published_time\" content=\"2023-02-28T09:06:51+00:00\" \/>\n<meta property=\"article:modified_time\" content=\"2025-01-01T14:50:56+00:00\" \/>\n<meta property=\"og:image\" content=\"https:\/\/d22dvihj4pfop3.cloudfront.net\/wp-content\/uploads\/sites\/84\/2023\/02\/28100632\/DSC_4780-1200x630.jpeg\" \/>\n\t<meta property=\"og:image:width\" content=\"1200\" \/>\n\t<meta property=\"og:image:height\" content=\"630\" \/>\n\t<meta property=\"og:image:type\" content=\"image\/jpeg\" \/>\n<meta name=\"author\" content=\"afscesko\" \/>\n<meta name=\"twitter:card\" content=\"summary_large_image\" \/>\n<meta name=\"twitter:label1\" content=\"Written by\" \/>\n\t<meta name=\"twitter:data1\" content=\"afscesko\" \/>\n\t<meta name=\"twitter:label2\" content=\"Est. reading time\" \/>\n\t<meta name=\"twitter:data2\" content=\"6 minutes\" \/>\n<script type=\"application\/ld+json\" class=\"yoast-schema-graph\">{\"@context\":\"https:\/\/schema.org\",\"@graph\":[{\"@type\":\"WebPage\",\"@id\":\"https:\/\/www.afs.cz\/en\/2023\/02\/zeleny-klenot-stredni-ameriky-kostarika\/\",\"url\":\"https:\/\/www.afs.cz\/en\/2023\/02\/zeleny-klenot-stredni-ameriky-kostarika\/\",\"name\":\"Zelen\u00fd klenot St\u0159edn\u00ed Ameriky - Kostarika - Mezikulturn\u00ed programy\",\"isPartOf\":{\"@id\":\"https:\/\/www.afs.cz\/en\/#website\"},\"primaryImageOfPage\":{\"@id\":\"https:\/\/www.afs.cz\/en\/2023\/02\/zeleny-klenot-stredni-ameriky-kostarika\/#primaryimage\"},\"image\":{\"@id\":\"https:\/\/www.afs.cz\/en\/2023\/02\/zeleny-klenot-stredni-ameriky-kostarika\/#primaryimage\"},\"thumbnailUrl\":\"https:\/\/d22dvihj4pfop3.cloudfront.net\/wp-content\/uploads\/sites\/84\/2023\/02\/28100632\/DSC_4780.jpeg\",\"datePublished\":\"2023-02-28T09:06:51+00:00\",\"dateModified\":\"2025-01-01T14:50:56+00:00\",\"author\":{\"@id\":\"https:\/\/www.afs.cz\/en\/#\/schema\/person\/bc52da0be76098030e75baeb919827ff\"},\"breadcrumb\":{\"@id\":\"https:\/\/www.afs.cz\/en\/2023\/02\/zeleny-klenot-stredni-ameriky-kostarika\/#breadcrumb\"},\"inLanguage\":\"en-US\",\"potentialAction\":[{\"@type\":\"ReadAction\",\"target\":[\"https:\/\/www.afs.cz\/en\/2023\/02\/zeleny-klenot-stredni-ameriky-kostarika\/\"]}]},{\"@type\":\"ImageObject\",\"inLanguage\":\"en-US\",\"@id\":\"https:\/\/www.afs.cz\/en\/2023\/02\/zeleny-klenot-stredni-ameriky-kostarika\/#primaryimage\",\"url\":\"https:\/\/d22dvihj4pfop3.cloudfront.net\/wp-content\/uploads\/sites\/84\/2023\/02\/28100632\/DSC_4780.jpeg\",\"contentUrl\":\"https:\/\/d22dvihj4pfop3.cloudfront.net\/wp-content\/uploads\/sites\/84\/2023\/02\/28100632\/DSC_4780.jpeg\",\"width\":2048,\"height\":1370},{\"@type\":\"BreadcrumbList\",\"@id\":\"https:\/\/www.afs.cz\/en\/2023\/02\/zeleny-klenot-stredni-ameriky-kostarika\/#breadcrumb\",\"itemListElement\":[{\"@type\":\"ListItem\",\"position\":1,\"name\":\"Home\",\"item\":\"https:\/\/czechrepublic.afssite.afs.org\/en\/\"},{\"@type\":\"ListItem\",\"position\":2,\"name\":\"Zelen\u00fd klenot St\u0159edn\u00ed Ameriky &#8211; Kostarika\"}]},{\"@type\":\"WebSite\",\"@id\":\"https:\/\/www.afs.cz\/en\/#website\",\"url\":\"https:\/\/www.afs.cz\/en\/\",\"name\":\"Mezikulturn\u00ed programy\",\"description\":\"Studium v zahrani\u010d\u00ed, hostitelsk\u00fd program, vzd\u011bl\u00e1vac\u00ed programy, dobrovolnictv\u00ed a mnoho dal\u0161\u00edho.\",\"potentialAction\":[{\"@type\":\"SearchAction\",\"target\":{\"@type\":\"EntryPoint\",\"urlTemplate\":\"https:\/\/www.afs.cz\/en\/?s={search_term_string}\"},\"query-input\":{\"@type\":\"PropertyValueSpecification\",\"valueRequired\":true,\"valueName\":\"search_term_string\"}}],\"inLanguage\":\"en-US\"},{\"@type\":\"Person\",\"@id\":\"https:\/\/www.afs.cz\/en\/#\/schema\/person\/bc52da0be76098030e75baeb919827ff\",\"name\":\"afscesko\",\"image\":{\"@type\":\"ImageObject\",\"inLanguage\":\"en-US\",\"@id\":\"https:\/\/www.afs.cz\/en\/#\/schema\/person\/image\/\",\"url\":\"https:\/\/secure.gravatar.com\/avatar\/eda270bfa745d003b9a210dc384a8c22e1a05bc41e5280645d3e2968a117c931?s=96&d=mm&r=g\",\"contentUrl\":\"https:\/\/secure.gravatar.com\/avatar\/eda270bfa745d003b9a210dc384a8c22e1a05bc41e5280645d3e2968a117c931?s=96&d=mm&r=g\",\"caption\":\"afscesko\"},\"url\":\"https:\/\/www.afs.cz\/en\/author\/afscesko\/\"}]}<\/script>\n<!-- \/ Yoast SEO Premium plugin. -->","yoast_head_json":{"title":"Zelen\u00fd klenot St\u0159edn\u00ed Ameriky - Kostarika - Mezikulturn\u00ed programy","robots":{"index":"index","follow":"follow","max-snippet":"max-snippet:-1","max-image-preview":"max-image-preview:large","max-video-preview":"max-video-preview:-1"},"canonical":"https:\/\/www.afs.cz\/en\/2023\/02\/zeleny-klenot-stredni-ameriky-kostarika\/","og_locale":"en_US","og_type":"article","og_title":"Zelen\u00fd klenot St\u0159edn\u00ed Ameriky - Kostarika","og_description":"Hola, jsem Kate\u0159ina \ud83d\ude42 I kdy\u017e u\u017e je to p\u00e1r t\u00fddn\u016f, co jsem opustila sv\u016fj mal\u00fd r\u00e1j na Kostarice a&hellip;","og_url":"https:\/\/www.afs.cz\/en\/2023\/02\/zeleny-klenot-stredni-ameriky-kostarika\/","og_site_name":"Mezikulturn\u00ed programy","article_published_time":"2023-02-28T09:06:51+00:00","article_modified_time":"2025-01-01T14:50:56+00:00","og_image":[{"width":1200,"height":630,"url":"https:\/\/d22dvihj4pfop3.cloudfront.net\/wp-content\/uploads\/sites\/84\/2023\/02\/28100632\/DSC_4780-1200x630.jpeg","type":"image\/jpeg"}],"author":"afscesko","twitter_card":"summary_large_image","twitter_misc":{"Written by":"afscesko","Est. reading time":"6 minutes"},"schema":{"@context":"https:\/\/schema.org","@graph":[{"@type":"WebPage","@id":"https:\/\/www.afs.cz\/en\/2023\/02\/zeleny-klenot-stredni-ameriky-kostarika\/","url":"https:\/\/www.afs.cz\/en\/2023\/02\/zeleny-klenot-stredni-ameriky-kostarika\/","name":"Zelen\u00fd klenot St\u0159edn\u00ed Ameriky - Kostarika - Mezikulturn\u00ed programy","isPartOf":{"@id":"https:\/\/www.afs.cz\/en\/#website"},"primaryImageOfPage":{"@id":"https:\/\/www.afs.cz\/en\/2023\/02\/zeleny-klenot-stredni-ameriky-kostarika\/#primaryimage"},"image":{"@id":"https:\/\/www.afs.cz\/en\/2023\/02\/zeleny-klenot-stredni-ameriky-kostarika\/#primaryimage"},"thumbnailUrl":"https:\/\/d22dvihj4pfop3.cloudfront.net\/wp-content\/uploads\/sites\/84\/2023\/02\/28100632\/DSC_4780.jpeg","datePublished":"2023-02-28T09:06:51+00:00","dateModified":"2025-01-01T14:50:56+00:00","author":{"@id":"https:\/\/www.afs.cz\/en\/#\/schema\/person\/bc52da0be76098030e75baeb919827ff"},"breadcrumb":{"@id":"https:\/\/www.afs.cz\/en\/2023\/02\/zeleny-klenot-stredni-ameriky-kostarika\/#breadcrumb"},"inLanguage":"en-US","potentialAction":[{"@type":"ReadAction","target":["https:\/\/www.afs.cz\/en\/2023\/02\/zeleny-klenot-stredni-ameriky-kostarika\/"]}]},{"@type":"ImageObject","inLanguage":"en-US","@id":"https:\/\/www.afs.cz\/en\/2023\/02\/zeleny-klenot-stredni-ameriky-kostarika\/#primaryimage","url":"https:\/\/d22dvihj4pfop3.cloudfront.net\/wp-content\/uploads\/sites\/84\/2023\/02\/28100632\/DSC_4780.jpeg","contentUrl":"https:\/\/d22dvihj4pfop3.cloudfront.net\/wp-content\/uploads\/sites\/84\/2023\/02\/28100632\/DSC_4780.jpeg","width":2048,"height":1370},{"@type":"BreadcrumbList","@id":"https:\/\/www.afs.cz\/en\/2023\/02\/zeleny-klenot-stredni-ameriky-kostarika\/#breadcrumb","itemListElement":[{"@type":"ListItem","position":1,"name":"Home","item":"https:\/\/czechrepublic.afssite.afs.org\/en\/"},{"@type":"ListItem","position":2,"name":"Zelen\u00fd klenot St\u0159edn\u00ed Ameriky &#8211; Kostarika"}]},{"@type":"WebSite","@id":"https:\/\/www.afs.cz\/en\/#website","url":"https:\/\/www.afs.cz\/en\/","name":"Mezikulturn\u00ed programy","description":"Studium v zahrani\u010d\u00ed, hostitelsk\u00fd program, vzd\u011bl\u00e1vac\u00ed programy, dobrovolnictv\u00ed a mnoho dal\u0161\u00edho.","potentialAction":[{"@type":"SearchAction","target":{"@type":"EntryPoint","urlTemplate":"https:\/\/www.afs.cz\/en\/?s={search_term_string}"},"query-input":{"@type":"PropertyValueSpecification","valueRequired":true,"valueName":"search_term_string"}}],"inLanguage":"en-US"},{"@type":"Person","@id":"https:\/\/www.afs.cz\/en\/#\/schema\/person\/bc52da0be76098030e75baeb919827ff","name":"afscesko","image":{"@type":"ImageObject","inLanguage":"en-US","@id":"https:\/\/www.afs.cz\/en\/#\/schema\/person\/image\/","url":"https:\/\/secure.gravatar.com\/avatar\/eda270bfa745d003b9a210dc384a8c22e1a05bc41e5280645d3e2968a117c931?s=96&d=mm&r=g","contentUrl":"https:\/\/secure.gravatar.com\/avatar\/eda270bfa745d003b9a210dc384a8c22e1a05bc41e5280645d3e2968a117c931?s=96&d=mm&r=g","caption":"afscesko"},"url":"https:\/\/www.afs.cz\/en\/author\/afscesko\/"}]}},"_links":{"self":[{"href":"https:\/\/www.afs.cz\/en\/wp-json\/wp\/v2\/posts\/17060","targetHints":{"allow":["GET"]}}],"collection":[{"href":"https:\/\/www.afs.cz\/en\/wp-json\/wp\/v2\/posts"}],"about":[{"href":"https:\/\/www.afs.cz\/en\/wp-json\/wp\/v2\/types\/post"}],"author":[{"embeddable":true,"href":"https:\/\/www.afs.cz\/en\/wp-json\/wp\/v2\/users\/351"}],"replies":[{"embeddable":true,"href":"https:\/\/www.afs.cz\/en\/wp-json\/wp\/v2\/comments?post=17060"}],"version-history":[{"count":7,"href":"https:\/\/www.afs.cz\/en\/wp-json\/wp\/v2\/posts\/17060\/revisions"}],"predecessor-version":[{"id":25110,"href":"https:\/\/www.afs.cz\/en\/wp-json\/wp\/v2\/posts\/17060\/revisions\/25110"}],"wp:featuredmedia":[{"embeddable":true,"href":"https:\/\/www.afs.cz\/en\/wp-json\/wp\/v2\/media\/17067"}],"wp:attachment":[{"href":"https:\/\/www.afs.cz\/en\/wp-json\/wp\/v2\/media?parent=17060"}],"wp:term":[{"taxonomy":"category","embeddable":true,"href":"https:\/\/www.afs.cz\/en\/wp-json\/wp\/v2\/categories?post=17060"},{"taxonomy":"post_tag","embeddable":true,"href":"https:\/\/www.afs.cz\/en\/wp-json\/wp\/v2\/tags?post=17060"}],"curies":[{"name":"wp","href":"https:\/\/api.w.org\/{rel}","templated":true}]}}