{"id":17053,"date":"2023-02-28T09:58:29","date_gmt":"2023-02-28T08:58:29","guid":{"rendered":"https:\/\/czechrepublic.afssite.afs.org\/?p=17053"},"modified":"2025-01-01T15:51:40","modified_gmt":"2025-01-01T14:51:40","slug":"muj-rok-v-texasu","status":"publish","type":"post","link":"https:\/\/www.afs.cz\/en\/2023\/02\/muj-rok-v-texasu\/","title":{"rendered":"M\u016fj rok v Texasu"},"content":{"rendered":"<p>M\u016fj rok v Texasu utekl jako voda a j\u00e1 u\u017e jsem n\u011bjakou dobu zp\u00e1tky doma. Po\u0159\u00e1dn\u011b jsem se je\u0161t\u011b nevyrovnal s t\u00edm, \u017ee na program odj\u00ed\u017ed\u00edm a te\u010f u\u017e je to cel\u00e9 za mnou. Jsem moc r\u00e1d za v\u0161echny fotky, co jsem za cel\u00fd ten rok vyfotil, proto\u017ee bez nich bych te\u010f nem\u011bl na co vzpom\u00ednat. Nikdy ale nezapomenu na sv\u016fj prvn\u00ed m\u011bs\u00edc v Americe. Nov\u00e9 j\u00eddlo, host rodina a vlastn\u011b v\u0161echno nov\u00e9 spolu s mou \u0161kolou a kamar\u00e1dy.<\/p>\n<p>V\u011bd\u011bl jsem, \u017ee ve \u0161kole budu tr\u00e1vit hodn\u011b \u010dasu, tak\u017ee seznamov\u00e1n\u00ed se s lidmi a hled\u00e1n\u00ed kamar\u00e1d\u016f byla moje priorita. Ze za\u010d\u00e1tku to bylo slo\u017eit\u00e9, proto\u017ee jsem do kolektivu zapadl tak dob\u0159e, \u017ee si ani n\u011bkte\u0159\u00ed u\u010ditel\u00e9 nev\u0161imli, \u017ee jsem v\u00fdm\u011bnn\u00fd student, do t\u00e9 doby, dokud jsem jim o tom s\u00e1m ne\u0159ekl. Po \u010dase jsem si na\u0161el mnoho dobr\u00fdch kamar\u00e1d\u016f. Mimo \u0161kolu jsem se stra\u0161n\u011b r\u00e1d chodil s kamar\u00e1dy d\u00edvat se na \u0161koln\u00ed z\u00e1pasy. Chodil jsem na z\u00e1pasy od americk\u00e9ho fotbalu po basketbal&#8230; Krom\u011b toho jsem tak\u00e9 tan\u010dil pro \u0161koln\u00ed t\u00fdm, kde jsem m\u011bl \u00fa\u017easnou p\u0159\u00edle\u017eitost potkat mnoho super lid\u00ed. M\u016fj norm\u00e1ln\u00ed \u0161koln\u00ed den prob\u00edhal n\u011bjak n\u00e1sledovn\u011b: \u0161kola mi ka\u017ed\u00fd den za\u010d\u00ednala v 8:45, tak\u017ee jsem vst\u00e1val kolem sedmi hodin. Pak n\u00e1sledovala rann\u00ed hygiena a sn\u00eddan\u011b. Oproti \u010desk\u00e9 \u0161kole jsem m\u011bl v\u00fdhodu, \u017ee jsem si na ka\u017ed\u00fd jednotliv\u00fd den nemusel p\u0159ipravovat batoh. N\u00e1sledn\u011b jsem \u0161el na zast\u00e1vku autobusu, kter\u00fd m\u011b bral do \u0161koly (ano byl to ten \u017elut\u00fd, jak v\u0161ichni zn\u00e1me z film\u016f). Pot\u00e9 bylo vyu\u010dov\u00e1n\u00ed do p\u016fl p\u00e1t\u00e9 odpoledne s hodinovou ob\u011bdovou pauzou. Hned po \u0161kole jsem v\u011bt\u0161inou chodil ven s kamar\u00e1dy nebo jel rovnou dom\u016f za host rodinou.<\/p>\n<p>O v\u00edkendech byl program v\u011bt\u0161inou velmi nabit\u00fd. Bu\u010f za n\u00e1mi p\u0159ijeli p\u0159\u00edbuzn\u00ed moj\u00ed host rodiny nebo se n\u011bkam jelo, t\u0159eba nakupovat nebo za pam\u00e1tkami. Celkov\u011b jsem si sv\u016fj rok v Americe velice u\u017eil, a i kdy\u017e to nebylo v\u017edy snadn\u00e9 a vesel\u00e9, jak o tom te\u010f tady p\u00ed\u0161u, tak je to m\u016fj nejv\u011bt\u0161\u00ed z\u00e1\u017eitek v m\u00e9m \u017eivot\u011b.<\/p>\n<p>Na z\u00e1v\u011br bych cht\u011bl pod\u011bkovat AFS, proto\u017ee bez n\u00ed by nic z tohoto nebylo mo\u017en\u00e9.<\/p>\n<p>\u2013 Ondra K., ro\u010dn\u00ed program v USA ve \u0161koln\u00edm roce 2021\/2022<\/p>\n<hr \/>\n<h3><strong>Za\u017eij st\u0159edn\u00ed \u0161kolu v zahrani\u010d\u00ed<\/strong><\/h3>\n<p>L\u00e1k\u00e1 t\u011b pro\u017e\u00edt podobn\u00e9 dobrodru\u017estv\u00ed jako Ondra? Zdokonalit si angli\u010dtinu na druh\u00e9 stran\u011b sv\u011bta? V\u00fdm\u011bnn\u00fd studijn\u00ed program je z\u00e1\u017eitek, kter\u00fd ka\u017ed\u00e9mu studentovi p\u0159inese zku\u0161enosti a nadhled pot\u0159ebn\u00e9 pro sou\u010dasn\u00fd sv\u011bt. Pokud i tebe l\u00e1k\u00e1 my\u0161lenka st\u0159edn\u00ed \u0161koly za hranicemi \u010cesk\u00e9 republiky, nev\u00e1hej a kontaktuj na\u0161i koordin\u00e1torku Zuzanu. Ji\u017e z\u00edtra m\u016f\u017ee\u0161 b\u00fdt o krok bl\u00ed\u017e sv\u00e9mu snu! V\u00edce informac\u00ed o AFS studijn\u00edch programech a konkr\u00e9tn\u00ed nab\u00eddku mo\u017en\u00fdch destinac\u00ed nalezne\u0161 zde: <a href=\"https:\/\/www.afs.cz\/studium-v-zahranici\/?utm_source=web&amp;utm_medium=blog&amp;utm_campaign=sending_clanky&amp;utm_term=usa\">www.afs.cz\/studium-v-zahranici\/<\/a><\/p>\n<p>Spojit se s n\u00e1mi m\u016f\u017ee\u0161 tak\u00e9 p\u0159es kontaktn\u00ed formul\u00e1\u0159 a my se ti ozveme do t\u0159\u00ed pracovn\u00edch dn\u00ed:\u00a0<a href=\"https:\/\/www.afs.cz\/kontaktni-formular\/?utm_source=web&amp;utm_medium=blog&amp;utm_campaign=sending_clanky&amp;utm_term=usa\">www.afs.cz\/kontaktni-formular\/<\/a><\/p>\n","protected":false},"excerpt":{"rendered":"<p>M\u016fj rok v Texasu utekl jako voda a j\u00e1 u\u017e jsem n\u011bjakou dobu zp\u00e1tky doma. Po\u0159\u00e1dn\u011b jsem se je\u0161t\u011b nevyrovnal&hellip;<\/p>\n","protected":false},"author":351,"featured_media":17054,"comment_status":"open","ping_status":"open","sticky":false,"template":"","format":"standard","meta":{"footnotes":""},"categories":[50],"tags":[],"class_list":["post-17053","post","type-post","status-publish","format-standard","has-post-thumbnail","hentry","category-studium-v-zahranici"],"yoast_head":"<!-- This site is optimized with the Yoast SEO Premium plugin v26.6 (Yoast SEO v26.6) - https:\/\/yoast.com\/wordpress\/plugins\/seo\/ -->\n<title>M\u016fj rok v Texasu - Mezikulturn\u00ed programy<\/title>\n<meta name=\"robots\" content=\"index, follow, max-snippet:-1, max-image-preview:large, max-video-preview:-1\" \/>\n<link rel=\"canonical\" href=\"https:\/\/www.afs.cz\/en\/2023\/02\/muj-rok-v-texasu\/\" \/>\n<meta property=\"og:locale\" content=\"en_US\" \/>\n<meta property=\"og:type\" content=\"article\" \/>\n<meta property=\"og:title\" content=\"M\u016fj rok v Texasu\" \/>\n<meta property=\"og:description\" content=\"M\u016fj rok v Texasu utekl jako voda a j\u00e1 u\u017e jsem n\u011bjakou dobu zp\u00e1tky doma. Po\u0159\u00e1dn\u011b jsem se je\u0161t\u011b nevyrovnal&hellip;\" \/>\n<meta property=\"og:url\" content=\"https:\/\/www.afs.cz\/en\/2023\/02\/muj-rok-v-texasu\/\" \/>\n<meta property=\"og:site_name\" content=\"Mezikulturn\u00ed programy\" \/>\n<meta property=\"article:published_time\" content=\"2023-02-28T08:58:29+00:00\" \/>\n<meta property=\"article:modified_time\" content=\"2025-01-01T14:51:40+00:00\" \/>\n<meta property=\"og:image\" content=\"https:\/\/d22dvihj4pfop3.cloudfront.net\/wp-content\/uploads\/sites\/84\/2023\/02\/28095816\/austin-texas-1756159_1920-1200x630.jpg\" \/>\n\t<meta property=\"og:image:width\" content=\"1200\" \/>\n\t<meta property=\"og:image:height\" content=\"630\" \/>\n\t<meta property=\"og:image:type\" content=\"image\/jpeg\" \/>\n<meta name=\"author\" content=\"afscesko\" \/>\n<meta name=\"twitter:card\" content=\"summary_large_image\" \/>\n<meta name=\"twitter:label1\" content=\"Written by\" \/>\n\t<meta name=\"twitter:data1\" content=\"afscesko\" \/>\n\t<meta name=\"twitter:label2\" content=\"Est. reading time\" \/>\n\t<meta name=\"twitter:data2\" content=\"3 minutes\" \/>\n<script type=\"application\/ld+json\" class=\"yoast-schema-graph\">{\"@context\":\"https:\/\/schema.org\",\"@graph\":[{\"@type\":\"WebPage\",\"@id\":\"https:\/\/www.afs.cz\/en\/2023\/02\/muj-rok-v-texasu\/\",\"url\":\"https:\/\/www.afs.cz\/en\/2023\/02\/muj-rok-v-texasu\/\",\"name\":\"M\u016fj rok v Texasu - Mezikulturn\u00ed programy\",\"isPartOf\":{\"@id\":\"https:\/\/www.afs.cz\/en\/#website\"},\"primaryImageOfPage\":{\"@id\":\"https:\/\/www.afs.cz\/en\/2023\/02\/muj-rok-v-texasu\/#primaryimage\"},\"image\":{\"@id\":\"https:\/\/www.afs.cz\/en\/2023\/02\/muj-rok-v-texasu\/#primaryimage\"},\"thumbnailUrl\":\"https:\/\/d22dvihj4pfop3.cloudfront.net\/wp-content\/uploads\/sites\/84\/2023\/02\/28095816\/austin-texas-1756159_1920.jpg\",\"datePublished\":\"2023-02-28T08:58:29+00:00\",\"dateModified\":\"2025-01-01T14:51:40+00:00\",\"author\":{\"@id\":\"https:\/\/www.afs.cz\/en\/#\/schema\/person\/bc52da0be76098030e75baeb919827ff\"},\"breadcrumb\":{\"@id\":\"https:\/\/www.afs.cz\/en\/2023\/02\/muj-rok-v-texasu\/#breadcrumb\"},\"inLanguage\":\"en-US\",\"potentialAction\":[{\"@type\":\"ReadAction\",\"target\":[\"https:\/\/www.afs.cz\/en\/2023\/02\/muj-rok-v-texasu\/\"]}]},{\"@type\":\"ImageObject\",\"inLanguage\":\"en-US\",\"@id\":\"https:\/\/www.afs.cz\/en\/2023\/02\/muj-rok-v-texasu\/#primaryimage\",\"url\":\"https:\/\/d22dvihj4pfop3.cloudfront.net\/wp-content\/uploads\/sites\/84\/2023\/02\/28095816\/austin-texas-1756159_1920.jpg\",\"contentUrl\":\"https:\/\/d22dvihj4pfop3.cloudfront.net\/wp-content\/uploads\/sites\/84\/2023\/02\/28095816\/austin-texas-1756159_1920.jpg\",\"width\":1920,\"height\":1280},{\"@type\":\"BreadcrumbList\",\"@id\":\"https:\/\/www.afs.cz\/en\/2023\/02\/muj-rok-v-texasu\/#breadcrumb\",\"itemListElement\":[{\"@type\":\"ListItem\",\"position\":1,\"name\":\"Home\",\"item\":\"https:\/\/czechrepublic.afssite.afs.org\/en\/\"},{\"@type\":\"ListItem\",\"position\":2,\"name\":\"M\u016fj rok v Texasu\"}]},{\"@type\":\"WebSite\",\"@id\":\"https:\/\/www.afs.cz\/en\/#website\",\"url\":\"https:\/\/www.afs.cz\/en\/\",\"name\":\"Mezikulturn\u00ed programy\",\"description\":\"Studium v zahrani\u010d\u00ed, hostitelsk\u00fd program, vzd\u011bl\u00e1vac\u00ed programy, dobrovolnictv\u00ed a mnoho dal\u0161\u00edho.\",\"potentialAction\":[{\"@type\":\"SearchAction\",\"target\":{\"@type\":\"EntryPoint\",\"urlTemplate\":\"https:\/\/www.afs.cz\/en\/?s={search_term_string}\"},\"query-input\":{\"@type\":\"PropertyValueSpecification\",\"valueRequired\":true,\"valueName\":\"search_term_string\"}}],\"inLanguage\":\"en-US\"},{\"@type\":\"Person\",\"@id\":\"https:\/\/www.afs.cz\/en\/#\/schema\/person\/bc52da0be76098030e75baeb919827ff\",\"name\":\"afscesko\",\"image\":{\"@type\":\"ImageObject\",\"inLanguage\":\"en-US\",\"@id\":\"https:\/\/www.afs.cz\/en\/#\/schema\/person\/image\/\",\"url\":\"https:\/\/secure.gravatar.com\/avatar\/eda270bfa745d003b9a210dc384a8c22e1a05bc41e5280645d3e2968a117c931?s=96&d=mm&r=g\",\"contentUrl\":\"https:\/\/secure.gravatar.com\/avatar\/eda270bfa745d003b9a210dc384a8c22e1a05bc41e5280645d3e2968a117c931?s=96&d=mm&r=g\",\"caption\":\"afscesko\"},\"url\":\"https:\/\/www.afs.cz\/en\/author\/afscesko\/\"}]}<\/script>\n<!-- \/ Yoast SEO Premium plugin. -->","yoast_head_json":{"title":"M\u016fj rok v Texasu - Mezikulturn\u00ed programy","robots":{"index":"index","follow":"follow","max-snippet":"max-snippet:-1","max-image-preview":"max-image-preview:large","max-video-preview":"max-video-preview:-1"},"canonical":"https:\/\/www.afs.cz\/en\/2023\/02\/muj-rok-v-texasu\/","og_locale":"en_US","og_type":"article","og_title":"M\u016fj rok v Texasu","og_description":"M\u016fj rok v Texasu utekl jako voda a j\u00e1 u\u017e jsem n\u011bjakou dobu zp\u00e1tky doma. Po\u0159\u00e1dn\u011b jsem se je\u0161t\u011b nevyrovnal&hellip;","og_url":"https:\/\/www.afs.cz\/en\/2023\/02\/muj-rok-v-texasu\/","og_site_name":"Mezikulturn\u00ed programy","article_published_time":"2023-02-28T08:58:29+00:00","article_modified_time":"2025-01-01T14:51:40+00:00","og_image":[{"width":1200,"height":630,"url":"https:\/\/d22dvihj4pfop3.cloudfront.net\/wp-content\/uploads\/sites\/84\/2023\/02\/28095816\/austin-texas-1756159_1920-1200x630.jpg","type":"image\/jpeg"}],"author":"afscesko","twitter_card":"summary_large_image","twitter_misc":{"Written by":"afscesko","Est. reading time":"3 minutes"},"schema":{"@context":"https:\/\/schema.org","@graph":[{"@type":"WebPage","@id":"https:\/\/www.afs.cz\/en\/2023\/02\/muj-rok-v-texasu\/","url":"https:\/\/www.afs.cz\/en\/2023\/02\/muj-rok-v-texasu\/","name":"M\u016fj rok v Texasu - Mezikulturn\u00ed programy","isPartOf":{"@id":"https:\/\/www.afs.cz\/en\/#website"},"primaryImageOfPage":{"@id":"https:\/\/www.afs.cz\/en\/2023\/02\/muj-rok-v-texasu\/#primaryimage"},"image":{"@id":"https:\/\/www.afs.cz\/en\/2023\/02\/muj-rok-v-texasu\/#primaryimage"},"thumbnailUrl":"https:\/\/d22dvihj4pfop3.cloudfront.net\/wp-content\/uploads\/sites\/84\/2023\/02\/28095816\/austin-texas-1756159_1920.jpg","datePublished":"2023-02-28T08:58:29+00:00","dateModified":"2025-01-01T14:51:40+00:00","author":{"@id":"https:\/\/www.afs.cz\/en\/#\/schema\/person\/bc52da0be76098030e75baeb919827ff"},"breadcrumb":{"@id":"https:\/\/www.afs.cz\/en\/2023\/02\/muj-rok-v-texasu\/#breadcrumb"},"inLanguage":"en-US","potentialAction":[{"@type":"ReadAction","target":["https:\/\/www.afs.cz\/en\/2023\/02\/muj-rok-v-texasu\/"]}]},{"@type":"ImageObject","inLanguage":"en-US","@id":"https:\/\/www.afs.cz\/en\/2023\/02\/muj-rok-v-texasu\/#primaryimage","url":"https:\/\/d22dvihj4pfop3.cloudfront.net\/wp-content\/uploads\/sites\/84\/2023\/02\/28095816\/austin-texas-1756159_1920.jpg","contentUrl":"https:\/\/d22dvihj4pfop3.cloudfront.net\/wp-content\/uploads\/sites\/84\/2023\/02\/28095816\/austin-texas-1756159_1920.jpg","width":1920,"height":1280},{"@type":"BreadcrumbList","@id":"https:\/\/www.afs.cz\/en\/2023\/02\/muj-rok-v-texasu\/#breadcrumb","itemListElement":[{"@type":"ListItem","position":1,"name":"Home","item":"https:\/\/czechrepublic.afssite.afs.org\/en\/"},{"@type":"ListItem","position":2,"name":"M\u016fj rok v Texasu"}]},{"@type":"WebSite","@id":"https:\/\/www.afs.cz\/en\/#website","url":"https:\/\/www.afs.cz\/en\/","name":"Mezikulturn\u00ed programy","description":"Studium v zahrani\u010d\u00ed, hostitelsk\u00fd program, vzd\u011bl\u00e1vac\u00ed programy, dobrovolnictv\u00ed a mnoho dal\u0161\u00edho.","potentialAction":[{"@type":"SearchAction","target":{"@type":"EntryPoint","urlTemplate":"https:\/\/www.afs.cz\/en\/?s={search_term_string}"},"query-input":{"@type":"PropertyValueSpecification","valueRequired":true,"valueName":"search_term_string"}}],"inLanguage":"en-US"},{"@type":"Person","@id":"https:\/\/www.afs.cz\/en\/#\/schema\/person\/bc52da0be76098030e75baeb919827ff","name":"afscesko","image":{"@type":"ImageObject","inLanguage":"en-US","@id":"https:\/\/www.afs.cz\/en\/#\/schema\/person\/image\/","url":"https:\/\/secure.gravatar.com\/avatar\/eda270bfa745d003b9a210dc384a8c22e1a05bc41e5280645d3e2968a117c931?s=96&d=mm&r=g","contentUrl":"https:\/\/secure.gravatar.com\/avatar\/eda270bfa745d003b9a210dc384a8c22e1a05bc41e5280645d3e2968a117c931?s=96&d=mm&r=g","caption":"afscesko"},"url":"https:\/\/www.afs.cz\/en\/author\/afscesko\/"}]}},"_links":{"self":[{"href":"https:\/\/www.afs.cz\/en\/wp-json\/wp\/v2\/posts\/17053","targetHints":{"allow":["GET"]}}],"collection":[{"href":"https:\/\/www.afs.cz\/en\/wp-json\/wp\/v2\/posts"}],"about":[{"href":"https:\/\/www.afs.cz\/en\/wp-json\/wp\/v2\/types\/post"}],"author":[{"embeddable":true,"href":"https:\/\/www.afs.cz\/en\/wp-json\/wp\/v2\/users\/351"}],"replies":[{"embeddable":true,"href":"https:\/\/www.afs.cz\/en\/wp-json\/wp\/v2\/comments?post=17053"}],"version-history":[{"count":5,"href":"https:\/\/www.afs.cz\/en\/wp-json\/wp\/v2\/posts\/17053\/revisions"}],"predecessor-version":[{"id":25111,"href":"https:\/\/www.afs.cz\/en\/wp-json\/wp\/v2\/posts\/17053\/revisions\/25111"}],"wp:featuredmedia":[{"embeddable":true,"href":"https:\/\/www.afs.cz\/en\/wp-json\/wp\/v2\/media\/17054"}],"wp:attachment":[{"href":"https:\/\/www.afs.cz\/en\/wp-json\/wp\/v2\/media?parent=17053"}],"wp:term":[{"taxonomy":"category","embeddable":true,"href":"https:\/\/www.afs.cz\/en\/wp-json\/wp\/v2\/categories?post=17053"},{"taxonomy":"post_tag","embeddable":true,"href":"https:\/\/www.afs.cz\/en\/wp-json\/wp\/v2\/tags?post=17053"}],"curies":[{"name":"wp","href":"https:\/\/api.w.org\/{rel}","templated":true}]}}