{"id":17040,"date":"2024-09-02T09:51:18","date_gmt":"2024-09-02T08:51:18","guid":{"rendered":"https:\/\/czechrepublic.afssite.afs.org\/?p=17040"},"modified":"2024-09-03T09:41:03","modified_gmt":"2024-09-03T08:41:03","slug":"jidlo-je-perla","status":"publish","type":"post","link":"https:\/\/www.afs.cz\/en\/2024\/09\/jidlo-je-perla\/","title":{"rendered":"&#8220;J\u00eddlo je v It\u00e1lii nejv\u011bt\u0161\u00ed perla m\u00edstn\u00ed kultury, n\u00e1rodn\u00ed hrdost a jazyk l\u00e1sky v\u00a0jednom.&#8221;"},"content":{"rendered":"<p>Pamatuji si, jak jsem na jednom z prvn\u00edch hovor\u016f s AFS \u0159\u00edkala, \u017ee je mi opravdu \u00fapln\u011b jedno, kde v It\u00e1lii budu, jenom \u017ee bych se mo\u017en\u00e1 rad\u0161i vyhnula \u00fapln\u00e9mu jihu a ostrov\u016fm. Asi v\u00a0p\u016flce listopadu jsem sed\u011bla u laptopu na posteli a sk\u00e1kala radost\u00ed, \u017ee pojedu na p\u016fl roku k\u00a0mo\u0159i. Na Sic\u00edlii. Nic jako zd\u011b\u0161en\u00ed nebo zklam\u00e1n\u00ed nep\u0159i\u0161lo, naopak se p\u0159ivalilo nad\u0161en\u00ed z\u00a0rodiny a n\u00e1dhern\u00e9ho m\u00edsta a mam\u010diny ob\u010dasn\u00e9 obavy, \u017ee tam budou mafi\u00e1ni nebo uprchl\u00edci, kdy\u017e je to tak bl\u00edzko Africe. Do\u0161lo mi, \u017ee p\u00e1r m\u011bs\u00edc\u016f zp\u00e1tky ze m\u011b mluvily p\u0159edsudky a Kmotrem podlo\u017een\u00fd strach.<\/p>\n<p><figure class=\"wp-image-wrap\"><img loading=\"lazy\" decoding=\"async\" class=\"size-medium wp-image-17044 alignright\" src=\"https:\/\/d22dvihj4pfop3.cloudfront.net\/wp-content\/uploads\/sites\/84\/2023\/02\/28095208\/20220407_133500-600x450.jpg\" alt=\"\" width=\"600\" height=\"450\" \/><\/figure><\/p>\n<p>Po p\u0159\u00edjezdu na Sicilku jsem byla zasko\u010dena \/ mile p\u0159ekvapena \/ uchv\u00e1cena t\u00edm, jak:<\/p>\n<ul>\n<li>n\u00e1dhern\u00e9 a pln\u00e9 historie to tam je! (A jak moc si svou historii uv\u011bdomuj\u00ed, od \u0158ek\u016f a\u017e po Borsellina.)<\/li>\n<li>mil\u00ed lid\u00e9 na Sic\u00edlii jsou. Jako\u017eto pro cizinku, na kterou nemuseli mluvit anglicky, by se pro m\u011b ztrhali.<\/li>\n<li>jsou tam v\u0161ude palmy a mo\u0159e. Petice za palmy a mo\u0159e v \u010cesku, d\u011bcka!<\/li>\n<\/ul>\n<p>I kdy\u017e jsem z toho m\u011bla nervy (j\u00e1 m\u00e1m nervy ze v\u0161eho teda), s rodinou jsme si sedli na 100 % a i p\u0159es p\u00e1r slo\u017eit\u011bj\u0161\u00edch okam\u017eik\u016f, kter\u00e9 plynuly hlavn\u011b z toho, \u017ee jsem byla opravdu \u010dlen rodiny, a ne dekora\u010dn\u00ed p\u0159edm\u011bt, jsem si nemohla p\u0159\u00e1t nic lep\u0161\u00edho. Ke sv\u00e9mu mal\u00e9mu br\u00e1chovi m\u00e1m te\u010f dv\u011b s\u00e9gry a nejlep\u0161\u00ed kamar\u00e1dky v jednom. V host mamce jsem na\u0161la par\u0165a\u010dku na sport a s host ta\u0165kou jsem sd\u00edlela stejn\u011b blb\u00fd smysl pro humor. Ale ten jsme tam tak n\u011bjak m\u011bli v\u0161ichni. Rodina m\u011b dr\u017eela, kdy\u017e se mi st\u00fdskalo nebo jsem m\u011bla moc velk\u00e9 depky z toho, \u017ee dal\u0161\u00ed papou\u0161kov\u00e1n\u00ed d\u011bjepisu u\u017e nezvl\u00e1dnu. Hr\u00e1vali jsme spolu UNO, kecali a samoz\u0159ejm\u011b jedli.<\/p>\n<p><figure class=\"wp-image-wrap\"><img loading=\"lazy\" decoding=\"async\" class=\"size-medium wp-image-17047 alignleft\" src=\"https:\/\/d22dvihj4pfop3.cloudfront.net\/wp-content\/uploads\/sites\/84\/2023\/02\/28095231\/20220508_195059-450x600.jpg\" alt=\"\" width=\"450\" height=\"600\" \/><\/figure><\/p>\n<p>J\u00eddlo je toti\u017e nejv\u011bt\u0161\u00ed perla m\u00edstn\u00ed kultury, n\u00e1rodn\u00ed hrdost a jazyk l\u00e1sky v\u00a0jednom. V\u0161e\u0159\u00edkaj\u00edc\u00ed jsou asi oslavy, kter\u00e9 kon\u010dily skoro hned, jak se dojedlo (a i tak trvaly docela dlouho), nebo kdy\u017e mi moje host mamka psala na leti\u0161t\u011b, jestli jsem si u\u017e sn\u011bdla sendvi\u010d, co mi dala.<\/p>\n<p>Abych pravdu \u0159ekla, zp\u011btn\u011b se styd\u00edm za to, \u017ee jsem si \u0159\u00edkala, \u017ee bych na jih necht\u011bla. Na severu v\u00e1m mo\u017en\u00e1 budou tvrdit opak, ale jih je n\u00e1dhern\u00fd. Lid\u00e9 jsou tu hrd\u00ed, v\u011bdom\u00ed sv\u00e9 historie, kterou v\u00e1m za\u010dnou vykl\u00e1dat na potk\u00e1n\u00ed, n\u011bkte\u0159\u00ed si st\u00e1le dr\u017e\u00ed sv\u016fj dialekt* (kter\u00fd mi dal zpo\u010d\u00e1tku dost zabrat, ale te\u010f jsem na n\u011bj stejn\u011b hrd\u00e1, jako \u010d\u00e1st m\u00edstn\u00edch) a v\u0161ichni tu jsou hlavn\u011b nesm\u00edrn\u011b mil\u00ed, ochotn\u00ed, srde\u010dn\u00ed a v\u0159el\u00ed, \u010d\u00edm\u017e nahrazuj\u00ed pokulh\u00e1vaj\u00edc\u00ed syst\u00e9m. Mysl\u00edm, \u017ee se od nich m\u00e1me v\u00a0\u010cesku co u\u010dit.<\/p>\n<p>*sicil\u0161tina je \u010d\u00e1st\u00ed sicilsk\u00e9 populace milovan\u00e1 a neum\u00ed se j\u00ed vzd\u00e1t \u2013 \u010dasto i p\u0159es to, \u017ee jsou to velmi vzd\u011blan\u00ed lid\u00e9, kte\u0159\u00ed t\u0159eba \u017eili na severu a um\u00ed perfektn\u011b italsky. Dialekt je v\u0161ak v\u011bt\u0161inou spole\u010dnosti (v\u010detn\u011b moj\u00ed rodiny) spat\u0159ov\u00e1n jako jazyk nevzd\u011blan\u00fdch lid\u00ed na okraji spole\u010dnosti.<\/p>\n<p>\u2013 Lucy V., semestr\u00e1ln\u00ed program v It\u00e1lii<\/p>\n<hr \/>\n<div class=\"panel-wysiwyg__column-content\">\n<div class=\"context-content\" data-name=\"content\" data-livetext=\"\">\n<h3><\/h3>\n<h3><\/h3>\n<\/div>\n<\/div>\n<h3><\/h3>\n<h3>Nab\u00eddka program\u016f v It\u00e1lii:<\/h3>\n<ul>\n<li><a href=\"https:\/\/www.afs.cz\/programs\/semestr-na-stredni-skole-v-italii\/\">Semestr na st\u0159edn\u00ed \u0161kole v It\u00e1lii<\/a> za\u010d\u00e1tek programu: leden<\/li>\n<li><a href=\"https:\/\/www.afs.cz\/programs\/rok-na-stredni-skole-v-italii\/\">Rok na st\u0159edn\u00ed \u0161kole v It\u00e1lii<\/a> za\u010d\u00e1tek programu: z\u00e1\u0159\u00ed<\/li>\n<li><a href=\"https:\/\/www.afs.cz\/programs\/tri-mesice-na-stredni-skole-v-italii\/\">T\u0159i m\u011bs\u00edce na st\u0159edn\u00ed \u0161kole v It\u00e1lii<\/a> za\u010d\u00e1tek programu: z\u00e1\u0159\u00ed<\/li>\n<\/ul>\n<h3>Jak se p\u0159ihl\u00e1sit na program?<\/h3>\n<p>Je-li It\u00e1lie Tv\u00e1 jasn\u00e1 volba, m\u016f\u017ee\u0161 za\u010d\u00edt <a href=\"https:\/\/www.afs.cz\/studium-v-zahranici\/prihlasovaci-formular-studijni-program-afs\/\">vypln\u011bn\u00edm nez\u00e1vazn\u00e9 p\u0159ihl\u00e1\u0161ky na program<\/a>.<\/p>\n<p>V p\u0159\u00edpad\u011b dotaz\u016f kontaktuj koordin\u00e1torku programu Studium v zahrani\u010d\u00ed: <a href=\"https:\/\/www.afs.cz\/kontakt\/#afs-nav-zamestnanci\"><strong>KONTAKTY<\/strong><\/a><\/p>\n<div class=\"panel-wysiwyg__column-content\">\n<div class=\"context-content\" data-name=\"content\" data-livetext=\"\">\n<h3>Odkazy:<\/h3>\n<ul>\n<li><a href=\"https:\/\/www.afs.cz\/studium-v-zahranici\/prihlasovaci-formular-studijni-program-afs\/\">Nez\u00e1vazn\u00e1 p\u0159ihl\u00e1\u0161ka na studium v zahrani\u010d\u00ed<\/a><\/li>\n<li><a href=\"https:\/\/www.afs.cz\/studium-v-zahranici\/najdi-program\/\">Nab\u00eddka studijn\u00edch program\u016f AFS<\/a><\/li>\n<li><a href=\"https:\/\/www.afs.cz\/hostitelsky-program\/\">Hostitelsk\u00fd program AFS<\/a><\/li>\n<\/ul>\n<\/div>\n<\/div>\n","protected":false},"excerpt":{"rendered":"<p>Pamatuji si, jak jsem na jednom z prvn\u00edch hovor\u016f s AFS \u0159\u00edkala, \u017ee je mi opravdu \u00fapln\u011b jedno, kde v&hellip;<\/p>\n","protected":false},"author":351,"featured_media":23697,"comment_status":"open","ping_status":"open","sticky":false,"template":"","format":"standard","meta":{"footnotes":""},"categories":[50],"tags":[],"class_list":["post-17040","post","type-post","status-publish","format-standard","has-post-thumbnail","hentry","category-studium-v-zahranici"],"yoast_head":"<!-- This site is optimized with the Yoast SEO Premium plugin v26.6 (Yoast SEO v26.6) - https:\/\/yoast.com\/wordpress\/plugins\/seo\/ -->\n<title>&quot;J\u00eddlo je v It\u00e1lii nejv\u011bt\u0161\u00ed perla m\u00edstn\u00ed kultury, n\u00e1rodn\u00ed hrdost a jazyk l\u00e1sky v\u00a0jednom.&quot; - Mezikulturn\u00ed programy<\/title>\n<meta name=\"robots\" content=\"index, follow, max-snippet:-1, max-image-preview:large, max-video-preview:-1\" \/>\n<link rel=\"canonical\" href=\"https:\/\/www.afs.cz\/en\/2024\/09\/jidlo-je-perla\/\" \/>\n<meta property=\"og:locale\" content=\"en_US\" \/>\n<meta property=\"og:type\" content=\"article\" \/>\n<meta property=\"og:title\" content=\"&quot;J\u00eddlo je v It\u00e1lii nejv\u011bt\u0161\u00ed perla m\u00edstn\u00ed kultury, n\u00e1rodn\u00ed hrdost a jazyk l\u00e1sky v\u00a0jednom.&quot;\" \/>\n<meta property=\"og:description\" content=\"Pamatuji si, jak jsem na jednom z prvn\u00edch hovor\u016f s AFS \u0159\u00edkala, \u017ee je mi opravdu \u00fapln\u011b jedno, kde v&hellip;\" \/>\n<meta property=\"og:url\" content=\"https:\/\/www.afs.cz\/en\/2024\/09\/jidlo-je-perla\/\" \/>\n<meta property=\"og:site_name\" content=\"Mezikulturn\u00ed programy\" \/>\n<meta property=\"article:published_time\" content=\"2024-09-02T08:51:18+00:00\" \/>\n<meta property=\"article:modified_time\" content=\"2024-09-03T08:41:03+00:00\" \/>\n<meta property=\"og:image\" content=\"https:\/\/d22dvihj4pfop3.cloudfront.net\/wp-content\/uploads\/sites\/84\/2024\/09\/03094039\/Sicily-1200x630.png\" \/>\n\t<meta property=\"og:image:width\" content=\"1200\" \/>\n\t<meta property=\"og:image:height\" content=\"630\" \/>\n\t<meta property=\"og:image:type\" content=\"image\/png\" \/>\n<meta name=\"author\" content=\"afscesko\" \/>\n<meta name=\"twitter:card\" content=\"summary_large_image\" \/>\n<meta name=\"twitter:label1\" content=\"Written by\" \/>\n\t<meta name=\"twitter:data1\" content=\"afscesko\" \/>\n\t<meta name=\"twitter:label2\" content=\"Est. reading time\" \/>\n\t<meta name=\"twitter:data2\" content=\"4 minutes\" \/>\n<script type=\"application\/ld+json\" class=\"yoast-schema-graph\">{\"@context\":\"https:\/\/schema.org\",\"@graph\":[{\"@type\":\"WebPage\",\"@id\":\"https:\/\/www.afs.cz\/en\/2024\/09\/jidlo-je-perla\/\",\"url\":\"https:\/\/www.afs.cz\/en\/2024\/09\/jidlo-je-perla\/\",\"name\":\"\\\"J\u00eddlo je v It\u00e1lii nejv\u011bt\u0161\u00ed perla m\u00edstn\u00ed kultury, n\u00e1rodn\u00ed hrdost a jazyk l\u00e1sky v\u00a0jednom.\\\" - Mezikulturn\u00ed programy\",\"isPartOf\":{\"@id\":\"https:\/\/www.afs.cz\/en\/#website\"},\"primaryImageOfPage\":{\"@id\":\"https:\/\/www.afs.cz\/en\/2024\/09\/jidlo-je-perla\/#primaryimage\"},\"image\":{\"@id\":\"https:\/\/www.afs.cz\/en\/2024\/09\/jidlo-je-perla\/#primaryimage\"},\"thumbnailUrl\":\"https:\/\/d22dvihj4pfop3.cloudfront.net\/wp-content\/uploads\/sites\/84\/2024\/09\/03094039\/Sicily.png\",\"datePublished\":\"2024-09-02T08:51:18+00:00\",\"dateModified\":\"2024-09-03T08:41:03+00:00\",\"author\":{\"@id\":\"https:\/\/www.afs.cz\/en\/#\/schema\/person\/bc52da0be76098030e75baeb919827ff\"},\"breadcrumb\":{\"@id\":\"https:\/\/www.afs.cz\/en\/2024\/09\/jidlo-je-perla\/#breadcrumb\"},\"inLanguage\":\"en-US\",\"potentialAction\":[{\"@type\":\"ReadAction\",\"target\":[\"https:\/\/www.afs.cz\/en\/2024\/09\/jidlo-je-perla\/\"]}]},{\"@type\":\"ImageObject\",\"inLanguage\":\"en-US\",\"@id\":\"https:\/\/www.afs.cz\/en\/2024\/09\/jidlo-je-perla\/#primaryimage\",\"url\":\"https:\/\/d22dvihj4pfop3.cloudfront.net\/wp-content\/uploads\/sites\/84\/2024\/09\/03094039\/Sicily.png\",\"contentUrl\":\"https:\/\/d22dvihj4pfop3.cloudfront.net\/wp-content\/uploads\/sites\/84\/2024\/09\/03094039\/Sicily.png\",\"width\":2048,\"height\":1396},{\"@type\":\"BreadcrumbList\",\"@id\":\"https:\/\/www.afs.cz\/en\/2024\/09\/jidlo-je-perla\/#breadcrumb\",\"itemListElement\":[{\"@type\":\"ListItem\",\"position\":1,\"name\":\"Home\",\"item\":\"https:\/\/czechrepublic.afssite.afs.org\/en\/\"},{\"@type\":\"ListItem\",\"position\":2,\"name\":\"&#8222;J\u00eddlo je v It\u00e1lii nejv\u011bt\u0161\u00ed perla m\u00edstn\u00ed kultury, n\u00e1rodn\u00ed hrdost a jazyk l\u00e1sky v\u00a0jednom.&#8220;\"}]},{\"@type\":\"WebSite\",\"@id\":\"https:\/\/www.afs.cz\/en\/#website\",\"url\":\"https:\/\/www.afs.cz\/en\/\",\"name\":\"Mezikulturn\u00ed programy\",\"description\":\"Studium v zahrani\u010d\u00ed, hostitelsk\u00fd program, vzd\u011bl\u00e1vac\u00ed programy, dobrovolnictv\u00ed a mnoho dal\u0161\u00edho.\",\"potentialAction\":[{\"@type\":\"SearchAction\",\"target\":{\"@type\":\"EntryPoint\",\"urlTemplate\":\"https:\/\/www.afs.cz\/en\/?s={search_term_string}\"},\"query-input\":{\"@type\":\"PropertyValueSpecification\",\"valueRequired\":true,\"valueName\":\"search_term_string\"}}],\"inLanguage\":\"en-US\"},{\"@type\":\"Person\",\"@id\":\"https:\/\/www.afs.cz\/en\/#\/schema\/person\/bc52da0be76098030e75baeb919827ff\",\"name\":\"afscesko\",\"image\":{\"@type\":\"ImageObject\",\"inLanguage\":\"en-US\",\"@id\":\"https:\/\/www.afs.cz\/en\/#\/schema\/person\/image\/\",\"url\":\"https:\/\/secure.gravatar.com\/avatar\/eda270bfa745d003b9a210dc384a8c22e1a05bc41e5280645d3e2968a117c931?s=96&d=mm&r=g\",\"contentUrl\":\"https:\/\/secure.gravatar.com\/avatar\/eda270bfa745d003b9a210dc384a8c22e1a05bc41e5280645d3e2968a117c931?s=96&d=mm&r=g\",\"caption\":\"afscesko\"},\"url\":\"https:\/\/www.afs.cz\/en\/author\/afscesko\/\"}]}<\/script>\n<!-- \/ Yoast SEO Premium plugin. -->","yoast_head_json":{"title":"\"J\u00eddlo je v It\u00e1lii nejv\u011bt\u0161\u00ed perla m\u00edstn\u00ed kultury, n\u00e1rodn\u00ed hrdost a jazyk l\u00e1sky v\u00a0jednom.\" - Mezikulturn\u00ed programy","robots":{"index":"index","follow":"follow","max-snippet":"max-snippet:-1","max-image-preview":"max-image-preview:large","max-video-preview":"max-video-preview:-1"},"canonical":"https:\/\/www.afs.cz\/en\/2024\/09\/jidlo-je-perla\/","og_locale":"en_US","og_type":"article","og_title":"\"J\u00eddlo je v It\u00e1lii nejv\u011bt\u0161\u00ed perla m\u00edstn\u00ed kultury, n\u00e1rodn\u00ed hrdost a jazyk l\u00e1sky v\u00a0jednom.\"","og_description":"Pamatuji si, jak jsem na jednom z prvn\u00edch hovor\u016f s AFS \u0159\u00edkala, \u017ee je mi opravdu \u00fapln\u011b jedno, kde v&hellip;","og_url":"https:\/\/www.afs.cz\/en\/2024\/09\/jidlo-je-perla\/","og_site_name":"Mezikulturn\u00ed programy","article_published_time":"2024-09-02T08:51:18+00:00","article_modified_time":"2024-09-03T08:41:03+00:00","og_image":[{"width":1200,"height":630,"url":"https:\/\/d22dvihj4pfop3.cloudfront.net\/wp-content\/uploads\/sites\/84\/2024\/09\/03094039\/Sicily-1200x630.png","type":"image\/png"}],"author":"afscesko","twitter_card":"summary_large_image","twitter_misc":{"Written by":"afscesko","Est. reading time":"4 minutes"},"schema":{"@context":"https:\/\/schema.org","@graph":[{"@type":"WebPage","@id":"https:\/\/www.afs.cz\/en\/2024\/09\/jidlo-je-perla\/","url":"https:\/\/www.afs.cz\/en\/2024\/09\/jidlo-je-perla\/","name":"\"J\u00eddlo je v It\u00e1lii nejv\u011bt\u0161\u00ed perla m\u00edstn\u00ed kultury, n\u00e1rodn\u00ed hrdost a jazyk l\u00e1sky v\u00a0jednom.\" - Mezikulturn\u00ed programy","isPartOf":{"@id":"https:\/\/www.afs.cz\/en\/#website"},"primaryImageOfPage":{"@id":"https:\/\/www.afs.cz\/en\/2024\/09\/jidlo-je-perla\/#primaryimage"},"image":{"@id":"https:\/\/www.afs.cz\/en\/2024\/09\/jidlo-je-perla\/#primaryimage"},"thumbnailUrl":"https:\/\/d22dvihj4pfop3.cloudfront.net\/wp-content\/uploads\/sites\/84\/2024\/09\/03094039\/Sicily.png","datePublished":"2024-09-02T08:51:18+00:00","dateModified":"2024-09-03T08:41:03+00:00","author":{"@id":"https:\/\/www.afs.cz\/en\/#\/schema\/person\/bc52da0be76098030e75baeb919827ff"},"breadcrumb":{"@id":"https:\/\/www.afs.cz\/en\/2024\/09\/jidlo-je-perla\/#breadcrumb"},"inLanguage":"en-US","potentialAction":[{"@type":"ReadAction","target":["https:\/\/www.afs.cz\/en\/2024\/09\/jidlo-je-perla\/"]}]},{"@type":"ImageObject","inLanguage":"en-US","@id":"https:\/\/www.afs.cz\/en\/2024\/09\/jidlo-je-perla\/#primaryimage","url":"https:\/\/d22dvihj4pfop3.cloudfront.net\/wp-content\/uploads\/sites\/84\/2024\/09\/03094039\/Sicily.png","contentUrl":"https:\/\/d22dvihj4pfop3.cloudfront.net\/wp-content\/uploads\/sites\/84\/2024\/09\/03094039\/Sicily.png","width":2048,"height":1396},{"@type":"BreadcrumbList","@id":"https:\/\/www.afs.cz\/en\/2024\/09\/jidlo-je-perla\/#breadcrumb","itemListElement":[{"@type":"ListItem","position":1,"name":"Home","item":"https:\/\/czechrepublic.afssite.afs.org\/en\/"},{"@type":"ListItem","position":2,"name":"&#8222;J\u00eddlo je v It\u00e1lii nejv\u011bt\u0161\u00ed perla m\u00edstn\u00ed kultury, n\u00e1rodn\u00ed hrdost a jazyk l\u00e1sky v\u00a0jednom.&#8220;"}]},{"@type":"WebSite","@id":"https:\/\/www.afs.cz\/en\/#website","url":"https:\/\/www.afs.cz\/en\/","name":"Mezikulturn\u00ed programy","description":"Studium v zahrani\u010d\u00ed, hostitelsk\u00fd program, vzd\u011bl\u00e1vac\u00ed programy, dobrovolnictv\u00ed a mnoho dal\u0161\u00edho.","potentialAction":[{"@type":"SearchAction","target":{"@type":"EntryPoint","urlTemplate":"https:\/\/www.afs.cz\/en\/?s={search_term_string}"},"query-input":{"@type":"PropertyValueSpecification","valueRequired":true,"valueName":"search_term_string"}}],"inLanguage":"en-US"},{"@type":"Person","@id":"https:\/\/www.afs.cz\/en\/#\/schema\/person\/bc52da0be76098030e75baeb919827ff","name":"afscesko","image":{"@type":"ImageObject","inLanguage":"en-US","@id":"https:\/\/www.afs.cz\/en\/#\/schema\/person\/image\/","url":"https:\/\/secure.gravatar.com\/avatar\/eda270bfa745d003b9a210dc384a8c22e1a05bc41e5280645d3e2968a117c931?s=96&d=mm&r=g","contentUrl":"https:\/\/secure.gravatar.com\/avatar\/eda270bfa745d003b9a210dc384a8c22e1a05bc41e5280645d3e2968a117c931?s=96&d=mm&r=g","caption":"afscesko"},"url":"https:\/\/www.afs.cz\/en\/author\/afscesko\/"}]}},"_links":{"self":[{"href":"https:\/\/www.afs.cz\/en\/wp-json\/wp\/v2\/posts\/17040","targetHints":{"allow":["GET"]}}],"collection":[{"href":"https:\/\/www.afs.cz\/en\/wp-json\/wp\/v2\/posts"}],"about":[{"href":"https:\/\/www.afs.cz\/en\/wp-json\/wp\/v2\/types\/post"}],"author":[{"embeddable":true,"href":"https:\/\/www.afs.cz\/en\/wp-json\/wp\/v2\/users\/351"}],"replies":[{"embeddable":true,"href":"https:\/\/www.afs.cz\/en\/wp-json\/wp\/v2\/comments?post=17040"}],"version-history":[{"count":15,"href":"https:\/\/www.afs.cz\/en\/wp-json\/wp\/v2\/posts\/17040\/revisions"}],"predecessor-version":[{"id":23699,"href":"https:\/\/www.afs.cz\/en\/wp-json\/wp\/v2\/posts\/17040\/revisions\/23699"}],"wp:featuredmedia":[{"embeddable":true,"href":"https:\/\/www.afs.cz\/en\/wp-json\/wp\/v2\/media\/23697"}],"wp:attachment":[{"href":"https:\/\/www.afs.cz\/en\/wp-json\/wp\/v2\/media?parent=17040"}],"wp:term":[{"taxonomy":"category","embeddable":true,"href":"https:\/\/www.afs.cz\/en\/wp-json\/wp\/v2\/categories?post=17040"},{"taxonomy":"post_tag","embeddable":true,"href":"https:\/\/www.afs.cz\/en\/wp-json\/wp\/v2\/tags?post=17040"}],"curies":[{"name":"wp","href":"https:\/\/api.w.org\/{rel}","templated":true}]}}