{"id":16005,"date":"2022-11-30T10:20:57","date_gmt":"2022-11-30T09:20:57","guid":{"rendered":"https:\/\/czechrepublic.afssite.afs.org\/?p=16005"},"modified":"2023-07-12T09:22:08","modified_gmt":"2023-07-12T08:22:08","slug":"level-up-v-bruselu-2022","status":"publish","type":"post","link":"https:\/\/www.afs.cz\/en\/2022\/11\/level-up-v-bruselu-2022\/","title":{"rendered":"LEVEL UP v Bruselu 2022"},"content":{"rendered":"<p data-pk-hash=\"5b8d66d4af9845332368a44cd5de9482\"><span class=\"pk-token\">Ke<\/span> <span class=\"pk-token\">konci<\/span> <span class=\"pk-token\">\u0159\u00edjna<\/span> 2022 <span class=\"pk-token\">jsem<\/span> <span class=\"pk-token\">se<\/span> <span class=\"pk-token\">d\u00edky<\/span> <span class=\"pk-token\">AFS<\/span> <span class=\"pk-token\">a na\u0161\u00ed partnersk\u00e9 evropsk\u00e9 kancel\u00e1\u0159i<\/span> <a href=\"https:\/\/www.facebook.com\/EFILVSS\" target=\"_blank\" rel=\"noopener\"><span class=\"pk-token\" data-id=\"ynhojiwhk\">(EFILu)<\/span><\/a> <span class=\"pk-token\">z\u00fa\u010dastnila<\/span> <span class=\"pk-token\">dvoudenn\u00ed<\/span> <span class=\"pk-token\">akce<\/span> <span class=\"pk-token\">LEVEL<\/span> <span class=\"pk-token\">Up<\/span>\u00a0<span class=\"pk-token\">v<\/span><span class=\"pk-token\">\u00a0<\/span><span class=\"pk-token\">Bruselu. Akce se konala v prostor\u00e1ch Evropsk\u00e9ho parlamentu.<\/span>\u00a0<span class=\"pk-token\">Hlavn\u00ed program<\/span> <span class=\"pk-token\">se<\/span> <span class=\"pk-token\">nesl <\/span><span class=\"pk-token\">v<\/span><span class=\"pk-token\">\u00a0<\/span><span class=\"pk-token\">duchu<\/span> <span class=\"pk-token\">zapojen\u00ed<\/span><span class=\"pk-token\">\u00a0aktivn\u00edch<\/span> <span class=\"pk-token\">lid\u00ed<\/span> <span class=\"pk-token\">do<\/span> <span class=\"pk-token\">m\u00edstn\u00edch<\/span> <span class=\"pk-token\">komunit. Dal\u0161\u00ed t\u00e9ma bylo posilov\u00e1n\u00ed <\/span><span class=\"pk-token\">vlivu<\/span> jednotlivc\u016f\u00a0<span class=\"pk-token\">na<\/span> ka\u017edodenn\u00ed <span class=\"pk-token\">d\u011bn\u00ed<\/span> <span class=\"pk-token\">kolem<\/span> <span class=\"pk-token\">nich<\/span><span class=\"pk-token\">.<\/span> <span class=\"pk-token\">M\u011bli<\/span> <span class=\"pk-token\">jsme<\/span> <span class=\"pk-token\">mo\u017enost<\/span> <span class=\"pk-token\">nav\u0161t\u00edvit<\/span> <span class=\"pk-token\">\u0159adu<\/span> <span class=\"pk-token\">zaj\u00edmav\u00fdch<\/span> <span class=\"pk-token\">p\u0159edn\u00e1\u0161ek. <\/span><\/p>\n<h5 data-pk-hash=\"9aad97a4c283fc79f9c874e3b3739f10\">LEVEL Up v Bruselu &#8211; p\u0159ipraven\u00fd program<\/h5>\n<p data-pk-hash=\"5b8d66d4af9845332368a44cd5de9482\"><span class=\"pk-token\">Program byl celkov\u011b navr\u017een\u00fd tak, aby n\u00e1m pomohl zlep\u0161it a roz\u0161\u00ed\u0159it na\u0161e dovednosti v n\u011bkolika kl\u00ed\u010dov\u00fdch oblastech. Jednou z nich byla komunikace. Byli jsme vedeni ke komunikaci my\u0161lenek a n\u00e1zor\u016f. Dal\u0161\u00ed oblast\u00ed, na kterou se program zam\u011b\u0159il, bylo organizov\u00e1n\u00ed a pl\u00e1nov\u00e1n\u00ed akc\u00ed. Zde jsme se nau\u010dili, jak strukturovat a \u0159\u00eddit vlastn\u00ed projekty. To zahrnovalo v\u0161e od pl\u00e1nov\u00e1n\u00ed a\u017e po veden\u00ed t\u00fdmu. Posledn\u00ed <\/span><span class=\"pk-token\">oblast\u00ed byl v\u00fdznam dialogu. Byli jsme vedeni k diskusi a komunikaci s lidmi r\u016fzn\u00fdch v\u011bkov\u00fdch skupin a soci\u00e1ln\u00edch pozad\u00ed. Toto n\u00e1m pomohlo pochopit r\u016fzn\u00e9 perspektivy a z\u00edskat \u0161ir\u0161\u00ed pohled na sv\u011bt.<\/span><\/p>\n<p><figure class=\"wp-image-wrap\"><img loading=\"lazy\" decoding=\"async\" class=\"alignleft wp-image-16008 size-medium\" style=\"max-width: 35%;font-size: 18px\" src=\"https:\/\/d22dvihj4pfop3.cloudfront.net\/wp-content\/uploads\/sites\/84\/2022\/11\/30101611\/IMG-20221028-WA0006-450x600.jpg\" alt=\"AFS dobrovoln\u00edci na LEVEL Up! v Bruselu\" width=\"450\" height=\"600\" \/><\/figure><\/p>\n<h5 data-pk-hash=\"9aad97a4c283fc79f9c874e3b3739f10\">LEVEL Up v Bruselu &#8211; pr\u016fb\u011bh samotn\u00e9 akce<\/h5>\n<p data-pk-hash=\"9aad97a4c283fc79f9c874e3b3739f10\">Akce v Bruselu se z\u00fa\u010dastnilo 1 300 mlad\u00fdch lid\u00ed z cel\u00e9 Evropy. Vz\u00e1jemn\u00e9 interakce b\u011bhem programu n\u00e1m poskytly v\u00fdjime\u010dnou p\u0159\u00edle\u017eitost k hlub\u0161\u00edmu kulturn\u00edmu porozum\u011bn\u00ed a pozn\u00e1n\u00ed. Pestrost \u00fa\u010dastn\u00edk\u016f n\u00e1m umo\u017enila pohl\u00e9dnout pod povrch r\u016fzn\u00fdch n\u00e1rodn\u00edch i m\u00edstn\u00edch probl\u00e9m\u016f a uv\u011bdomit si, \u017ee realita \u010dasto nen\u00ed \u010dernob\u00edl\u00e1. \u017de ob\u010das mus\u00edme na v\u011bci nahl\u00ed\u017eet komplexn\u011bji.<\/p>\n<p data-pk-hash=\"9aad97a4c283fc79f9c874e3b3739f10\">Na akci jsme tak\u00e9 spole\u010dn\u011b s Ka\u010dkou potkaly 20 dobrovoln\u00edk\u016f z dal\u0161\u00edch evropsk\u00fdch kancel\u00e1\u0159\u00ed AFS, co\u017e n\u00e1m umo\u017enilo za\u017e\u00edt nezapomenuteln\u00e9 okam\u017eiky. Poskytlo n\u00e1m to jedine\u010dnou p\u0159\u00edle\u017eitost vym\u011bnit si zku\u0161enosti z na\u0161ich \u010desk\u00fdch dobrovolnick\u00fdch skupin a inspirovat se navz\u00e1jem nov\u00fdmi n\u00e1pady. Tato zku\u0161enost n\u00e1m otev\u0159ela o\u010di a pos\u00edlila na\u0161e vazby s dobrovoln\u00edky z cel\u00e9 Evropy.<\/p>\n<p data-pk-hash=\"07a920a9b71b18cd5e35f5d6ef764bb9\"><span class=\"pk-token\">&#8211;<\/span> <span class=\"pk-token\">Ad\u00e9l<\/span> <span class=\"pk-token\">B.<\/span><span class=\"pk-token\">,<\/span> <span class=\"pk-token\">dobrovolnick\u00e1<\/span> <span class=\"pk-token\">skupina<\/span> <a href=\"https:\/\/www.instagram.com\/afs.praha\/\" target=\"_blank\" rel=\"noopener\"><span class=\"pk-token\">Praha<\/span> <span class=\"pk-token\">a<\/span><span class=\"pk-token\">\u00a0<\/span><span class=\"pk-token\">okol\u00ed<\/span><\/a><\/p>\n<hr \/>\n<h3>Dobrovolnictv\u00ed jako cesta ke zm\u011bn\u011b<\/h3>\n<p>Zaujala t\u011b my\u0161lenka dobrovolnictv\u00ed? Chce\u0161 potk\u00e1vat nov\u00e9 lidi z v\u0161ech kout\u016f sv\u011bta a p\u0159itom z\u00edsk\u00e1vat nov\u00e9 zku\u0161enosti a dovednosti? Sta\u0148 se sou\u010d\u00e1st\u00ed mezin\u00e1rodn\u00ed skupiny aktivn\u00edch lid\u00ed, kte\u0159\u00ed pom\u00e1haj\u00ed, aby se mezikulturn\u00ed porozum\u011bn\u00ed ve spole\u010dnosti stalo realitou. Pokud se i ty chce\u0161 st\u00e1t sou\u010d\u00e1st\u00ed AFS:<\/p>\n<p style=\"text-align: left\"><a class=\"button\" href=\"https:\/\/www.afs.cz\/dobrovolnictvi\/prihlasovaci-formular-k-dobrovolnictvi\/\" target=\"_blank\" rel=\"noopener\">Vypl\u0148 nez\u00e1vazn\u00fd p\u0159ihla\u0161ovac\u00ed formul\u00e1\u0159<\/a><\/p>\n<p style=\"text-align: left\"><a class=\"button\" href=\"https:\/\/www.afs.cz\/dobrovolnictvi\/\" target=\"_blank\" rel=\"noopener\">Zjisti si v\u00edce informac\u00ed<\/a><\/p>\n","protected":false},"excerpt":{"rendered":"<p>Ke konci \u0159\u00edjna 2022 jsem se d\u00edky AFS a na\u0161\u00ed partnersk\u00e9 evropsk\u00e9 kancel\u00e1\u0159i (EFILu) z\u00fa\u010dastnila dvoudenn\u00ed akce LEVEL Up\u00a0v\u00a0Bruselu. Akce&hellip;<\/p>\n","protected":false},"author":351,"featured_media":16006,"comment_status":"open","ping_status":"open","sticky":false,"template":"","format":"standard","meta":{"footnotes":""},"categories":[51],"tags":[],"class_list":["post-16005","post","type-post","status-publish","format-standard","has-post-thumbnail","hentry","category-dobrovolnictvi"],"yoast_head":"<!-- This site is optimized with the Yoast SEO Premium plugin v26.6 (Yoast SEO v26.6) - https:\/\/yoast.com\/wordpress\/plugins\/seo\/ -->\n<title>LEVEL UP v Bruselu 2022 o\u010dima AFS dobrovolnice - Mezikulturn\u00ed programy<\/title>\n<meta name=\"description\" content=\"Ad\u00e9l, dobrovolnice AFS, sd\u00edl\u00ed zku\u0161enosti z akce LEVEL Up v Bruselu z Evropsk\u00e9ho parlamentu, kde roz\u0161i\u0159ovala kulturn\u00ed pov\u011bdom\u00ed a sd\u00edlela sv\u00e9 zku\u0161enosti.\" \/>\n<meta name=\"robots\" content=\"index, follow, max-snippet:-1, max-image-preview:large, max-video-preview:-1\" \/>\n<link rel=\"canonical\" href=\"https:\/\/www.afs.cz\/en\/2022\/11\/level-up-v-bruselu-2022\/\" \/>\n<meta property=\"og:locale\" content=\"en_US\" \/>\n<meta property=\"og:type\" content=\"article\" \/>\n<meta property=\"og:title\" content=\"LEVEL UP v Bruselu 2022\" \/>\n<meta property=\"og:description\" content=\"Ad\u00e9l, dobrovolnice AFS, sd\u00edl\u00ed zku\u0161enosti z akce LEVEL Up v Bruselu z Evropsk\u00e9ho parlamentu, kde roz\u0161i\u0159ovala kulturn\u00ed pov\u011bdom\u00ed a sd\u00edlela sv\u00e9 zku\u0161enosti.\" \/>\n<meta property=\"og:url\" content=\"https:\/\/www.afs.cz\/en\/2022\/11\/level-up-v-bruselu-2022\/\" \/>\n<meta property=\"og:site_name\" content=\"Mezikulturn\u00ed programy\" \/>\n<meta property=\"article:published_time\" content=\"2022-11-30T09:20:57+00:00\" \/>\n<meta property=\"article:modified_time\" content=\"2023-07-12T08:22:08+00:00\" \/>\n<meta property=\"og:image\" content=\"https:\/\/d22dvihj4pfop3.cloudfront.net\/wp-content\/uploads\/sites\/84\/2022\/11\/30101537\/IMG-20221027-WA0012-1024x630.jpg\" \/>\n\t<meta property=\"og:image:width\" content=\"1024\" \/>\n\t<meta property=\"og:image:height\" content=\"630\" \/>\n\t<meta property=\"og:image:type\" content=\"image\/jpeg\" \/>\n<meta name=\"author\" content=\"afscesko\" \/>\n<meta name=\"twitter:card\" content=\"summary_large_image\" \/>\n<meta name=\"twitter:label1\" content=\"Written by\" \/>\n\t<meta name=\"twitter:data1\" content=\"afscesko\" \/>\n\t<meta name=\"twitter:label2\" content=\"Est. reading time\" \/>\n\t<meta name=\"twitter:data2\" content=\"2 minutes\" \/>\n<script type=\"application\/ld+json\" class=\"yoast-schema-graph\">{\"@context\":\"https:\/\/schema.org\",\"@graph\":[{\"@type\":\"WebPage\",\"@id\":\"https:\/\/www.afs.cz\/en\/2022\/11\/level-up-v-bruselu-2022\/\",\"url\":\"https:\/\/www.afs.cz\/en\/2022\/11\/level-up-v-bruselu-2022\/\",\"name\":\"LEVEL UP v Bruselu 2022 o\u010dima AFS dobrovolnice - Mezikulturn\u00ed programy\",\"isPartOf\":{\"@id\":\"https:\/\/www.afs.cz\/en\/#website\"},\"primaryImageOfPage\":{\"@id\":\"https:\/\/www.afs.cz\/en\/2022\/11\/level-up-v-bruselu-2022\/#primaryimage\"},\"image\":{\"@id\":\"https:\/\/www.afs.cz\/en\/2022\/11\/level-up-v-bruselu-2022\/#primaryimage\"},\"thumbnailUrl\":\"https:\/\/d22dvihj4pfop3.cloudfront.net\/wp-content\/uploads\/sites\/84\/2022\/11\/30101537\/IMG-20221027-WA0012.jpg\",\"datePublished\":\"2022-11-30T09:20:57+00:00\",\"dateModified\":\"2023-07-12T08:22:08+00:00\",\"author\":{\"@id\":\"https:\/\/www.afs.cz\/en\/#\/schema\/person\/bc52da0be76098030e75baeb919827ff\"},\"description\":\"Ad\u00e9l, dobrovolnice AFS, sd\u00edl\u00ed zku\u0161enosti z akce LEVEL Up v Bruselu z Evropsk\u00e9ho parlamentu, kde roz\u0161i\u0159ovala kulturn\u00ed pov\u011bdom\u00ed a sd\u00edlela sv\u00e9 zku\u0161enosti.\",\"breadcrumb\":{\"@id\":\"https:\/\/www.afs.cz\/en\/2022\/11\/level-up-v-bruselu-2022\/#breadcrumb\"},\"inLanguage\":\"en-US\",\"potentialAction\":[{\"@type\":\"ReadAction\",\"target\":[\"https:\/\/www.afs.cz\/en\/2022\/11\/level-up-v-bruselu-2022\/\"]}]},{\"@type\":\"ImageObject\",\"inLanguage\":\"en-US\",\"@id\":\"https:\/\/www.afs.cz\/en\/2022\/11\/level-up-v-bruselu-2022\/#primaryimage\",\"url\":\"https:\/\/d22dvihj4pfop3.cloudfront.net\/wp-content\/uploads\/sites\/84\/2022\/11\/30101537\/IMG-20221027-WA0012.jpg\",\"contentUrl\":\"https:\/\/d22dvihj4pfop3.cloudfront.net\/wp-content\/uploads\/sites\/84\/2022\/11\/30101537\/IMG-20221027-WA0012.jpg\",\"width\":1024,\"height\":768,\"caption\":\"Dobrovoln\u00edci na akci LEVEL Up! v Bruselu\"},{\"@type\":\"BreadcrumbList\",\"@id\":\"https:\/\/www.afs.cz\/en\/2022\/11\/level-up-v-bruselu-2022\/#breadcrumb\",\"itemListElement\":[{\"@type\":\"ListItem\",\"position\":1,\"name\":\"Home\",\"item\":\"https:\/\/czechrepublic.afssite.afs.org\/en\/\"},{\"@type\":\"ListItem\",\"position\":2,\"name\":\"LEVEL UP v Bruselu 2022\"}]},{\"@type\":\"WebSite\",\"@id\":\"https:\/\/www.afs.cz\/en\/#website\",\"url\":\"https:\/\/www.afs.cz\/en\/\",\"name\":\"Mezikulturn\u00ed programy\",\"description\":\"Studium v zahrani\u010d\u00ed, hostitelsk\u00fd program, vzd\u011bl\u00e1vac\u00ed programy, dobrovolnictv\u00ed a mnoho dal\u0161\u00edho.\",\"potentialAction\":[{\"@type\":\"SearchAction\",\"target\":{\"@type\":\"EntryPoint\",\"urlTemplate\":\"https:\/\/www.afs.cz\/en\/?s={search_term_string}\"},\"query-input\":{\"@type\":\"PropertyValueSpecification\",\"valueRequired\":true,\"valueName\":\"search_term_string\"}}],\"inLanguage\":\"en-US\"},{\"@type\":\"Person\",\"@id\":\"https:\/\/www.afs.cz\/en\/#\/schema\/person\/bc52da0be76098030e75baeb919827ff\",\"name\":\"afscesko\",\"image\":{\"@type\":\"ImageObject\",\"inLanguage\":\"en-US\",\"@id\":\"https:\/\/www.afs.cz\/en\/#\/schema\/person\/image\/\",\"url\":\"https:\/\/secure.gravatar.com\/avatar\/eda270bfa745d003b9a210dc384a8c22e1a05bc41e5280645d3e2968a117c931?s=96&d=mm&r=g\",\"contentUrl\":\"https:\/\/secure.gravatar.com\/avatar\/eda270bfa745d003b9a210dc384a8c22e1a05bc41e5280645d3e2968a117c931?s=96&d=mm&r=g\",\"caption\":\"afscesko\"},\"url\":\"https:\/\/www.afs.cz\/en\/author\/afscesko\/\"}]}<\/script>\n<!-- \/ Yoast SEO Premium plugin. -->","yoast_head_json":{"title":"LEVEL UP v Bruselu 2022 o\u010dima AFS dobrovolnice - Mezikulturn\u00ed programy","description":"Ad\u00e9l, dobrovolnice AFS, sd\u00edl\u00ed zku\u0161enosti z akce LEVEL Up v Bruselu z Evropsk\u00e9ho parlamentu, kde roz\u0161i\u0159ovala kulturn\u00ed pov\u011bdom\u00ed a sd\u00edlela sv\u00e9 zku\u0161enosti.","robots":{"index":"index","follow":"follow","max-snippet":"max-snippet:-1","max-image-preview":"max-image-preview:large","max-video-preview":"max-video-preview:-1"},"canonical":"https:\/\/www.afs.cz\/en\/2022\/11\/level-up-v-bruselu-2022\/","og_locale":"en_US","og_type":"article","og_title":"LEVEL UP v Bruselu 2022","og_description":"Ad\u00e9l, dobrovolnice AFS, sd\u00edl\u00ed zku\u0161enosti z akce LEVEL Up v Bruselu z Evropsk\u00e9ho parlamentu, kde roz\u0161i\u0159ovala kulturn\u00ed pov\u011bdom\u00ed a sd\u00edlela sv\u00e9 zku\u0161enosti.","og_url":"https:\/\/www.afs.cz\/en\/2022\/11\/level-up-v-bruselu-2022\/","og_site_name":"Mezikulturn\u00ed programy","article_published_time":"2022-11-30T09:20:57+00:00","article_modified_time":"2023-07-12T08:22:08+00:00","og_image":[{"width":1024,"height":630,"url":"https:\/\/d22dvihj4pfop3.cloudfront.net\/wp-content\/uploads\/sites\/84\/2022\/11\/30101537\/IMG-20221027-WA0012-1024x630.jpg","type":"image\/jpeg"}],"author":"afscesko","twitter_card":"summary_large_image","twitter_misc":{"Written by":"afscesko","Est. reading time":"2 minutes"},"schema":{"@context":"https:\/\/schema.org","@graph":[{"@type":"WebPage","@id":"https:\/\/www.afs.cz\/en\/2022\/11\/level-up-v-bruselu-2022\/","url":"https:\/\/www.afs.cz\/en\/2022\/11\/level-up-v-bruselu-2022\/","name":"LEVEL UP v Bruselu 2022 o\u010dima AFS dobrovolnice - Mezikulturn\u00ed programy","isPartOf":{"@id":"https:\/\/www.afs.cz\/en\/#website"},"primaryImageOfPage":{"@id":"https:\/\/www.afs.cz\/en\/2022\/11\/level-up-v-bruselu-2022\/#primaryimage"},"image":{"@id":"https:\/\/www.afs.cz\/en\/2022\/11\/level-up-v-bruselu-2022\/#primaryimage"},"thumbnailUrl":"https:\/\/d22dvihj4pfop3.cloudfront.net\/wp-content\/uploads\/sites\/84\/2022\/11\/30101537\/IMG-20221027-WA0012.jpg","datePublished":"2022-11-30T09:20:57+00:00","dateModified":"2023-07-12T08:22:08+00:00","author":{"@id":"https:\/\/www.afs.cz\/en\/#\/schema\/person\/bc52da0be76098030e75baeb919827ff"},"description":"Ad\u00e9l, dobrovolnice AFS, sd\u00edl\u00ed zku\u0161enosti z akce LEVEL Up v Bruselu z Evropsk\u00e9ho parlamentu, kde roz\u0161i\u0159ovala kulturn\u00ed pov\u011bdom\u00ed a sd\u00edlela sv\u00e9 zku\u0161enosti.","breadcrumb":{"@id":"https:\/\/www.afs.cz\/en\/2022\/11\/level-up-v-bruselu-2022\/#breadcrumb"},"inLanguage":"en-US","potentialAction":[{"@type":"ReadAction","target":["https:\/\/www.afs.cz\/en\/2022\/11\/level-up-v-bruselu-2022\/"]}]},{"@type":"ImageObject","inLanguage":"en-US","@id":"https:\/\/www.afs.cz\/en\/2022\/11\/level-up-v-bruselu-2022\/#primaryimage","url":"https:\/\/d22dvihj4pfop3.cloudfront.net\/wp-content\/uploads\/sites\/84\/2022\/11\/30101537\/IMG-20221027-WA0012.jpg","contentUrl":"https:\/\/d22dvihj4pfop3.cloudfront.net\/wp-content\/uploads\/sites\/84\/2022\/11\/30101537\/IMG-20221027-WA0012.jpg","width":1024,"height":768,"caption":"Dobrovoln\u00edci na akci LEVEL Up! v Bruselu"},{"@type":"BreadcrumbList","@id":"https:\/\/www.afs.cz\/en\/2022\/11\/level-up-v-bruselu-2022\/#breadcrumb","itemListElement":[{"@type":"ListItem","position":1,"name":"Home","item":"https:\/\/czechrepublic.afssite.afs.org\/en\/"},{"@type":"ListItem","position":2,"name":"LEVEL UP v Bruselu 2022"}]},{"@type":"WebSite","@id":"https:\/\/www.afs.cz\/en\/#website","url":"https:\/\/www.afs.cz\/en\/","name":"Mezikulturn\u00ed programy","description":"Studium v zahrani\u010d\u00ed, hostitelsk\u00fd program, vzd\u011bl\u00e1vac\u00ed programy, dobrovolnictv\u00ed a mnoho dal\u0161\u00edho.","potentialAction":[{"@type":"SearchAction","target":{"@type":"EntryPoint","urlTemplate":"https:\/\/www.afs.cz\/en\/?s={search_term_string}"},"query-input":{"@type":"PropertyValueSpecification","valueRequired":true,"valueName":"search_term_string"}}],"inLanguage":"en-US"},{"@type":"Person","@id":"https:\/\/www.afs.cz\/en\/#\/schema\/person\/bc52da0be76098030e75baeb919827ff","name":"afscesko","image":{"@type":"ImageObject","inLanguage":"en-US","@id":"https:\/\/www.afs.cz\/en\/#\/schema\/person\/image\/","url":"https:\/\/secure.gravatar.com\/avatar\/eda270bfa745d003b9a210dc384a8c22e1a05bc41e5280645d3e2968a117c931?s=96&d=mm&r=g","contentUrl":"https:\/\/secure.gravatar.com\/avatar\/eda270bfa745d003b9a210dc384a8c22e1a05bc41e5280645d3e2968a117c931?s=96&d=mm&r=g","caption":"afscesko"},"url":"https:\/\/www.afs.cz\/en\/author\/afscesko\/"}]}},"_links":{"self":[{"href":"https:\/\/www.afs.cz\/en\/wp-json\/wp\/v2\/posts\/16005","targetHints":{"allow":["GET"]}}],"collection":[{"href":"https:\/\/www.afs.cz\/en\/wp-json\/wp\/v2\/posts"}],"about":[{"href":"https:\/\/www.afs.cz\/en\/wp-json\/wp\/v2\/types\/post"}],"author":[{"embeddable":true,"href":"https:\/\/www.afs.cz\/en\/wp-json\/wp\/v2\/users\/351"}],"replies":[{"embeddable":true,"href":"https:\/\/www.afs.cz\/en\/wp-json\/wp\/v2\/comments?post=16005"}],"version-history":[{"count":36,"href":"https:\/\/www.afs.cz\/en\/wp-json\/wp\/v2\/posts\/16005\/revisions"}],"predecessor-version":[{"id":19166,"href":"https:\/\/www.afs.cz\/en\/wp-json\/wp\/v2\/posts\/16005\/revisions\/19166"}],"wp:featuredmedia":[{"embeddable":true,"href":"https:\/\/www.afs.cz\/en\/wp-json\/wp\/v2\/media\/16006"}],"wp:attachment":[{"href":"https:\/\/www.afs.cz\/en\/wp-json\/wp\/v2\/media?parent=16005"}],"wp:term":[{"taxonomy":"category","embeddable":true,"href":"https:\/\/www.afs.cz\/en\/wp-json\/wp\/v2\/categories?post=16005"},{"taxonomy":"post_tag","embeddable":true,"href":"https:\/\/www.afs.cz\/en\/wp-json\/wp\/v2\/tags?post=16005"}],"curies":[{"name":"wp","href":"https:\/\/api.w.org\/{rel}","templated":true}]}}