{"id":15993,"date":"2022-11-23T14:00:14","date_gmt":"2022-11-23T13:00:14","guid":{"rendered":"https:\/\/czechrepublic.afssite.afs.org\/?p=15993"},"modified":"2024-06-27T09:27:53","modified_gmt":"2024-06-27T08:27:53","slug":"megavikend-v-ostrave-z-pohledu-dobrovolnicke-maminky","status":"publish","type":"post","link":"https:\/\/www.afs.cz\/en\/2022\/11\/megavikend-v-ostrave-z-pohledu-dobrovolnicke-maminky\/","title":{"rendered":"Megav\u00edkend v Ostrav\u011b z pohledu dobrovolnick\u00e9 maminky"},"content":{"rendered":"<p>O v\u00edkendu 14. \u2013 16. 10. 2022 jsem se dv\u011bma adepty na dobrovolni\u010den\u00ed v\u00a0AFS a s\u00a0dal\u0161\u00ed dobrovolnickou maminkou z\u00a0Rakovn\u00edka vyrazila sm\u011br Megav\u00edkend Ostrava. T\u011b\u0161ila jsem se na ostatn\u00ed maminky a na workshopy, na kter\u00e9 jsem se p\u0159edem p\u0159ihl\u00e1sila. V\u00edkend byl na t\u00e9ma Harry Potter, \u010demu\u017e odpov\u00eddala v\u00fdzdoba \u0161koly <a href=\"https:\/\/www.porg.cz\/porg-ostrava\/\" target=\"_blank\" rel=\"noopener\">PORG Ostrava<\/a>, kde se odehr\u00e1valy workshopy a z\u00e1bava.<\/p>\n<p>Prvn\u00ed ve\u010der jsme v\u00fdte\u010dn\u011b pove\u010de\u0159eli a se\u0161li jsme se v t\u011blocvi\u010dn\u011b na seznamovac\u00edch aktivit\u00e1ch. Potom jsme s ostatn\u00edmi maminkami debatily v na\u0161em penzionu. Sobota za\u010dala skvostnou sn\u00eddan\u00ed a s\u00a0v\u011bt\u0161inou maminek jsem se potkala na workshopu Mgr. Kamily Tk\u00e1\u010dov\u00e9 Co chce\u0161, to dok\u00e1\u017ee\u0161! Ani na vte\u0159inu jsem se nenudila a workshop pro m\u011b byl i na osobn\u00ed rovin\u011b velmi p\u0159\u00ednosn\u00fd. Kamila n\u00e1s nenechala ani na chvili\u010dku vydechnout a nabila n\u00e1s svoj\u00ed neuv\u011b\u0159itelnou energi\u00ed.<\/p>\n<p><figure class=\"wp-image-wrap\"><img loading=\"lazy\" decoding=\"async\" class=\"alignleft wp-image-15994 size-medium\" src=\"https:\/\/d22dvihj4pfop3.cloudfront.net\/wp-content\/uploads\/sites\/84\/2022\/11\/23135740\/52476905481_7a1e5ea5e0_o-450x600.jpg\" alt=\"Dobrovolnick\u00e9 maminky na akci Megav\u00edkend\" width=\"450\" height=\"600\" \/><\/figure><\/p>\n<p>Po ob\u011bd\u011b jsme se s\u00a0maminkami vydaly na prohl\u00eddku bl\u00edzk\u00e9ho are\u00e1lu Doln\u00ed V\u00edtkovice. V\u00a0roce 2008 byl zaps\u00e1n jako v\u016fbec prvn\u00ed \u010desk\u00e1 pam\u00e1tka na seznam Evropsk\u00e9ho kulturn\u00edho d\u011bdictv\u00ed. Pro\u0161ly jsme adrenalinov\u00fd vysokopecn\u00ed okruh v\u010detn\u011b n\u00e1v\u0161t\u011bvy Bolt Tower. Dostaly jsme se do nitra vysok\u00e9 pece a dozv\u011bd\u011bly se spoustu detail\u016f o v\u00fdrob\u011b surov\u00e9ho \u017eeleza. V\u00a0b\u00fdval\u00e9m plynojemu, kter\u00fd je p\u0159estav\u011bn podle n\u00e1vrhu arch. Josefa Pleskota na multifuk\u010dn\u00ed aulu s\u00a0velk\u00fdm s\u00e1lem, vstupn\u00edm foyerem a kav\u00e1rnou, jsme si daly v\u00fdte\u010dnou k\u00e1vu a ve\u010der jsme zakon\u010dily posezen\u00edm v\u00a0m\u00edstn\u00ed hosp\u016fdce.<\/p>\n<p>V\u00a0ned\u011bli n\u00e1s u\u017e \u010dekal posledn\u00ed workshop a cesta dom\u016f. Jsem moc r\u00e1da, \u017ee jsem poznala nov\u00e9 AFS lidi z\u00a0Belgie, USA, kone\u010dn\u011b jsem se osobn\u011b potkala i s\u00a0lidmi na na\u0161eho DOSu a se zam\u011bstnanci kancel\u00e1\u0159e AFS.<\/p>\n<p>\u2013 Zuzana K., AFS dobrovolnice z dobrovolnick\u00e9 skupiny <a href=\"https:\/\/www.instagram.com\/afs.praha\/\" target=\"_blank\" rel=\"noopener\">Praha a okol\u00ed<\/a><\/p>\n<hr \/>\n<h3>Dobrovolnictv\u00ed jako cesta ke zm\u011bn\u011b<\/h3>\n<p>Zaujala t\u011b my\u0161lenka dobrovolnictv\u00ed? Chce\u0161 potk\u00e1vat nov\u00e9 lidi z v\u0161ech kout\u016f sv\u011bta a p\u0159itom z\u00edsk\u00e1vat nov\u00e9 zku\u0161enosti a dovednosti, kter\u00e9 jsou pot\u0159ebn\u00e9 v dne\u0161n\u00edm glob\u00e1ln\u00edm sv\u011bt\u011b? Sta\u0148 se sou\u010d\u00e1st\u00ed mezin\u00e1rodn\u00ed skupiny aktivn\u00edch lid\u00ed, kte\u0159\u00ed pom\u00e1haj\u00ed, aby se mezikulturn\u00ed porozum\u011bn\u00ed ve spole\u010dnosti stalo realitou. Pokud se i ty chce\u0161 st\u00e1t sou\u010d\u00e1st\u00ed AFS:<\/p>\n<p style=\"text-align: left\"><a class=\"button\" href=\"https:\/\/www.afs.cz\/dobrovolnictvi\/prihlasovaci-formular-k-dobrovolnictvi\/\" target=\"_blank\" rel=\"noopener\">Vypl\u0148 nez\u00e1vazn\u00fd p\u0159ihla\u0161ovac\u00ed formul\u00e1\u0159<\/a><\/p>\n<p style=\"text-align: left\"><a class=\"button\" href=\"https:\/\/www.afs.cz\/dobrovolnictvi\/\" target=\"_blank\" rel=\"noopener\">Zjisti si v\u00edce informac\u00ed<\/a><\/p>\n<p>&nbsp;<\/p>\n","protected":false},"excerpt":{"rendered":"<p>O v\u00edkendu 14. \u2013 16. 10. 2022 jsem se dv\u011bma adepty na dobrovolni\u010den\u00ed v\u00a0AFS a s\u00a0dal\u0161\u00ed dobrovolnickou maminkou z\u00a0Rakovn\u00edka vyrazila&hellip;<\/p>\n","protected":false},"author":351,"featured_media":15996,"comment_status":"open","ping_status":"open","sticky":false,"template":"","format":"standard","meta":{"footnotes":""},"categories":[51],"tags":[206],"class_list":["post-15993","post","type-post","status-publish","format-standard","has-post-thumbnail","hentry","category-dobrovolnictvi","tag-megavikend"],"yoast_head":"<!-- This site is optimized with the Yoast SEO Premium plugin v26.6 (Yoast SEO v26.6) - https:\/\/yoast.com\/wordpress\/plugins\/seo\/ -->\n<title>Megav\u00edkend 2022 z pohledu dobrovolnice - Mezikulturn\u00ed programy<\/title>\n<meta name=\"description\" content=\"Megav\u00edkend v Ostrav\u011b o\u010dima dobrovolnick\u00e9 maminky: zaj\u00edmav\u00e9 workshopy, prohl\u00eddka Doln\u00edch V\u00edtkovic a setk\u00e1n\u00ed s AFS dobrovoln\u00edky z jin\u00fdch st\u00e1t\u016f.\" \/>\n<meta name=\"robots\" content=\"index, follow, max-snippet:-1, max-image-preview:large, max-video-preview:-1\" \/>\n<link rel=\"canonical\" href=\"https:\/\/www.afs.cz\/en\/2022\/11\/megavikend-v-ostrave-z-pohledu-dobrovolnicke-maminky\/\" \/>\n<meta property=\"og:locale\" content=\"en_US\" \/>\n<meta property=\"og:type\" content=\"article\" \/>\n<meta property=\"og:title\" content=\"Megav\u00edkend v Ostrav\u011b z pohledu dobrovolnick\u00e9 maminky\" \/>\n<meta property=\"og:description\" content=\"Megav\u00edkend v Ostrav\u011b o\u010dima dobrovolnick\u00e9 maminky: zaj\u00edmav\u00e9 workshopy, prohl\u00eddka Doln\u00edch V\u00edtkovic a setk\u00e1n\u00ed s AFS dobrovoln\u00edky z jin\u00fdch st\u00e1t\u016f.\" \/>\n<meta property=\"og:url\" content=\"https:\/\/www.afs.cz\/en\/2022\/11\/megavikend-v-ostrave-z-pohledu-dobrovolnicke-maminky\/\" \/>\n<meta property=\"og:site_name\" content=\"Mezikulturn\u00ed programy\" \/>\n<meta property=\"article:published_time\" content=\"2022-11-23T13:00:14+00:00\" \/>\n<meta property=\"article:modified_time\" content=\"2024-06-27T08:27:53+00:00\" \/>\n<meta property=\"og:image\" content=\"https:\/\/d22dvihj4pfop3.cloudfront.net\/wp-content\/uploads\/sites\/84\/2022\/11\/23135944\/52495190515_763d1b3d57_o-1200x630.jpg\" \/>\n\t<meta property=\"og:image:width\" content=\"1200\" \/>\n\t<meta property=\"og:image:height\" content=\"630\" \/>\n\t<meta property=\"og:image:type\" content=\"image\/jpeg\" \/>\n<meta name=\"author\" content=\"afscesko\" \/>\n<meta name=\"twitter:card\" content=\"summary_large_image\" \/>\n<meta name=\"twitter:label1\" content=\"Written by\" \/>\n\t<meta name=\"twitter:data1\" content=\"afscesko\" \/>\n\t<meta name=\"twitter:label2\" content=\"Est. reading time\" \/>\n\t<meta name=\"twitter:data2\" content=\"2 minutes\" \/>\n<script type=\"application\/ld+json\" class=\"yoast-schema-graph\">{\"@context\":\"https:\/\/schema.org\",\"@graph\":[{\"@type\":\"WebPage\",\"@id\":\"https:\/\/www.afs.cz\/en\/2022\/11\/megavikend-v-ostrave-z-pohledu-dobrovolnicke-maminky\/\",\"url\":\"https:\/\/www.afs.cz\/en\/2022\/11\/megavikend-v-ostrave-z-pohledu-dobrovolnicke-maminky\/\",\"name\":\"Megav\u00edkend 2022 z pohledu dobrovolnice - Mezikulturn\u00ed programy\",\"isPartOf\":{\"@id\":\"https:\/\/www.afs.cz\/en\/#website\"},\"primaryImageOfPage\":{\"@id\":\"https:\/\/www.afs.cz\/en\/2022\/11\/megavikend-v-ostrave-z-pohledu-dobrovolnicke-maminky\/#primaryimage\"},\"image\":{\"@id\":\"https:\/\/www.afs.cz\/en\/2022\/11\/megavikend-v-ostrave-z-pohledu-dobrovolnicke-maminky\/#primaryimage\"},\"thumbnailUrl\":\"https:\/\/d22dvihj4pfop3.cloudfront.net\/wp-content\/uploads\/sites\/84\/2022\/11\/23135944\/52495190515_763d1b3d57_o.jpg\",\"datePublished\":\"2022-11-23T13:00:14+00:00\",\"dateModified\":\"2024-06-27T08:27:53+00:00\",\"author\":{\"@id\":\"https:\/\/www.afs.cz\/en\/#\/schema\/person\/bc52da0be76098030e75baeb919827ff\"},\"description\":\"Megav\u00edkend v Ostrav\u011b o\u010dima dobrovolnick\u00e9 maminky: zaj\u00edmav\u00e9 workshopy, prohl\u00eddka Doln\u00edch V\u00edtkovic a setk\u00e1n\u00ed s AFS dobrovoln\u00edky z jin\u00fdch st\u00e1t\u016f.\",\"breadcrumb\":{\"@id\":\"https:\/\/www.afs.cz\/en\/2022\/11\/megavikend-v-ostrave-z-pohledu-dobrovolnicke-maminky\/#breadcrumb\"},\"inLanguage\":\"en-US\",\"potentialAction\":[{\"@type\":\"ReadAction\",\"target\":[\"https:\/\/www.afs.cz\/en\/2022\/11\/megavikend-v-ostrave-z-pohledu-dobrovolnicke-maminky\/\"]}]},{\"@type\":\"ImageObject\",\"inLanguage\":\"en-US\",\"@id\":\"https:\/\/www.afs.cz\/en\/2022\/11\/megavikend-v-ostrave-z-pohledu-dobrovolnicke-maminky\/#primaryimage\",\"url\":\"https:\/\/d22dvihj4pfop3.cloudfront.net\/wp-content\/uploads\/sites\/84\/2022\/11\/23135944\/52495190515_763d1b3d57_o.jpg\",\"contentUrl\":\"https:\/\/d22dvihj4pfop3.cloudfront.net\/wp-content\/uploads\/sites\/84\/2022\/11\/23135944\/52495190515_763d1b3d57_o.jpg\",\"width\":2048,\"height\":1356,\"caption\":\"Megav\u00edkend 2022\"},{\"@type\":\"BreadcrumbList\",\"@id\":\"https:\/\/www.afs.cz\/en\/2022\/11\/megavikend-v-ostrave-z-pohledu-dobrovolnicke-maminky\/#breadcrumb\",\"itemListElement\":[{\"@type\":\"ListItem\",\"position\":1,\"name\":\"Home\",\"item\":\"https:\/\/czechrepublic.afssite.afs.org\/en\/\"},{\"@type\":\"ListItem\",\"position\":2,\"name\":\"Megav\u00edkend v Ostrav\u011b z pohledu dobrovolnick\u00e9 maminky\"}]},{\"@type\":\"WebSite\",\"@id\":\"https:\/\/www.afs.cz\/en\/#website\",\"url\":\"https:\/\/www.afs.cz\/en\/\",\"name\":\"Mezikulturn\u00ed programy\",\"description\":\"Studium v zahrani\u010d\u00ed, hostitelsk\u00fd program, vzd\u011bl\u00e1vac\u00ed programy, dobrovolnictv\u00ed a mnoho dal\u0161\u00edho.\",\"potentialAction\":[{\"@type\":\"SearchAction\",\"target\":{\"@type\":\"EntryPoint\",\"urlTemplate\":\"https:\/\/www.afs.cz\/en\/?s={search_term_string}\"},\"query-input\":{\"@type\":\"PropertyValueSpecification\",\"valueRequired\":true,\"valueName\":\"search_term_string\"}}],\"inLanguage\":\"en-US\"},{\"@type\":\"Person\",\"@id\":\"https:\/\/www.afs.cz\/en\/#\/schema\/person\/bc52da0be76098030e75baeb919827ff\",\"name\":\"afscesko\",\"image\":{\"@type\":\"ImageObject\",\"inLanguage\":\"en-US\",\"@id\":\"https:\/\/www.afs.cz\/en\/#\/schema\/person\/image\/\",\"url\":\"https:\/\/secure.gravatar.com\/avatar\/eda270bfa745d003b9a210dc384a8c22e1a05bc41e5280645d3e2968a117c931?s=96&d=mm&r=g\",\"contentUrl\":\"https:\/\/secure.gravatar.com\/avatar\/eda270bfa745d003b9a210dc384a8c22e1a05bc41e5280645d3e2968a117c931?s=96&d=mm&r=g\",\"caption\":\"afscesko\"},\"url\":\"https:\/\/www.afs.cz\/en\/author\/afscesko\/\"}]}<\/script>\n<!-- \/ Yoast SEO Premium plugin. -->","yoast_head_json":{"title":"Megav\u00edkend 2022 z pohledu dobrovolnice - Mezikulturn\u00ed programy","description":"Megav\u00edkend v Ostrav\u011b o\u010dima dobrovolnick\u00e9 maminky: zaj\u00edmav\u00e9 workshopy, prohl\u00eddka Doln\u00edch V\u00edtkovic a setk\u00e1n\u00ed s AFS dobrovoln\u00edky z jin\u00fdch st\u00e1t\u016f.","robots":{"index":"index","follow":"follow","max-snippet":"max-snippet:-1","max-image-preview":"max-image-preview:large","max-video-preview":"max-video-preview:-1"},"canonical":"https:\/\/www.afs.cz\/en\/2022\/11\/megavikend-v-ostrave-z-pohledu-dobrovolnicke-maminky\/","og_locale":"en_US","og_type":"article","og_title":"Megav\u00edkend v Ostrav\u011b z pohledu dobrovolnick\u00e9 maminky","og_description":"Megav\u00edkend v Ostrav\u011b o\u010dima dobrovolnick\u00e9 maminky: zaj\u00edmav\u00e9 workshopy, prohl\u00eddka Doln\u00edch V\u00edtkovic a setk\u00e1n\u00ed s AFS dobrovoln\u00edky z jin\u00fdch st\u00e1t\u016f.","og_url":"https:\/\/www.afs.cz\/en\/2022\/11\/megavikend-v-ostrave-z-pohledu-dobrovolnicke-maminky\/","og_site_name":"Mezikulturn\u00ed programy","article_published_time":"2022-11-23T13:00:14+00:00","article_modified_time":"2024-06-27T08:27:53+00:00","og_image":[{"width":1200,"height":630,"url":"https:\/\/d22dvihj4pfop3.cloudfront.net\/wp-content\/uploads\/sites\/84\/2022\/11\/23135944\/52495190515_763d1b3d57_o-1200x630.jpg","type":"image\/jpeg"}],"author":"afscesko","twitter_card":"summary_large_image","twitter_misc":{"Written by":"afscesko","Est. reading time":"2 minutes"},"schema":{"@context":"https:\/\/schema.org","@graph":[{"@type":"WebPage","@id":"https:\/\/www.afs.cz\/en\/2022\/11\/megavikend-v-ostrave-z-pohledu-dobrovolnicke-maminky\/","url":"https:\/\/www.afs.cz\/en\/2022\/11\/megavikend-v-ostrave-z-pohledu-dobrovolnicke-maminky\/","name":"Megav\u00edkend 2022 z pohledu dobrovolnice - Mezikulturn\u00ed programy","isPartOf":{"@id":"https:\/\/www.afs.cz\/en\/#website"},"primaryImageOfPage":{"@id":"https:\/\/www.afs.cz\/en\/2022\/11\/megavikend-v-ostrave-z-pohledu-dobrovolnicke-maminky\/#primaryimage"},"image":{"@id":"https:\/\/www.afs.cz\/en\/2022\/11\/megavikend-v-ostrave-z-pohledu-dobrovolnicke-maminky\/#primaryimage"},"thumbnailUrl":"https:\/\/d22dvihj4pfop3.cloudfront.net\/wp-content\/uploads\/sites\/84\/2022\/11\/23135944\/52495190515_763d1b3d57_o.jpg","datePublished":"2022-11-23T13:00:14+00:00","dateModified":"2024-06-27T08:27:53+00:00","author":{"@id":"https:\/\/www.afs.cz\/en\/#\/schema\/person\/bc52da0be76098030e75baeb919827ff"},"description":"Megav\u00edkend v Ostrav\u011b o\u010dima dobrovolnick\u00e9 maminky: zaj\u00edmav\u00e9 workshopy, prohl\u00eddka Doln\u00edch V\u00edtkovic a setk\u00e1n\u00ed s AFS dobrovoln\u00edky z jin\u00fdch st\u00e1t\u016f.","breadcrumb":{"@id":"https:\/\/www.afs.cz\/en\/2022\/11\/megavikend-v-ostrave-z-pohledu-dobrovolnicke-maminky\/#breadcrumb"},"inLanguage":"en-US","potentialAction":[{"@type":"ReadAction","target":["https:\/\/www.afs.cz\/en\/2022\/11\/megavikend-v-ostrave-z-pohledu-dobrovolnicke-maminky\/"]}]},{"@type":"ImageObject","inLanguage":"en-US","@id":"https:\/\/www.afs.cz\/en\/2022\/11\/megavikend-v-ostrave-z-pohledu-dobrovolnicke-maminky\/#primaryimage","url":"https:\/\/d22dvihj4pfop3.cloudfront.net\/wp-content\/uploads\/sites\/84\/2022\/11\/23135944\/52495190515_763d1b3d57_o.jpg","contentUrl":"https:\/\/d22dvihj4pfop3.cloudfront.net\/wp-content\/uploads\/sites\/84\/2022\/11\/23135944\/52495190515_763d1b3d57_o.jpg","width":2048,"height":1356,"caption":"Megav\u00edkend 2022"},{"@type":"BreadcrumbList","@id":"https:\/\/www.afs.cz\/en\/2022\/11\/megavikend-v-ostrave-z-pohledu-dobrovolnicke-maminky\/#breadcrumb","itemListElement":[{"@type":"ListItem","position":1,"name":"Home","item":"https:\/\/czechrepublic.afssite.afs.org\/en\/"},{"@type":"ListItem","position":2,"name":"Megav\u00edkend v Ostrav\u011b z pohledu dobrovolnick\u00e9 maminky"}]},{"@type":"WebSite","@id":"https:\/\/www.afs.cz\/en\/#website","url":"https:\/\/www.afs.cz\/en\/","name":"Mezikulturn\u00ed programy","description":"Studium v zahrani\u010d\u00ed, hostitelsk\u00fd program, vzd\u011bl\u00e1vac\u00ed programy, dobrovolnictv\u00ed a mnoho dal\u0161\u00edho.","potentialAction":[{"@type":"SearchAction","target":{"@type":"EntryPoint","urlTemplate":"https:\/\/www.afs.cz\/en\/?s={search_term_string}"},"query-input":{"@type":"PropertyValueSpecification","valueRequired":true,"valueName":"search_term_string"}}],"inLanguage":"en-US"},{"@type":"Person","@id":"https:\/\/www.afs.cz\/en\/#\/schema\/person\/bc52da0be76098030e75baeb919827ff","name":"afscesko","image":{"@type":"ImageObject","inLanguage":"en-US","@id":"https:\/\/www.afs.cz\/en\/#\/schema\/person\/image\/","url":"https:\/\/secure.gravatar.com\/avatar\/eda270bfa745d003b9a210dc384a8c22e1a05bc41e5280645d3e2968a117c931?s=96&d=mm&r=g","contentUrl":"https:\/\/secure.gravatar.com\/avatar\/eda270bfa745d003b9a210dc384a8c22e1a05bc41e5280645d3e2968a117c931?s=96&d=mm&r=g","caption":"afscesko"},"url":"https:\/\/www.afs.cz\/en\/author\/afscesko\/"}]}},"_links":{"self":[{"href":"https:\/\/www.afs.cz\/en\/wp-json\/wp\/v2\/posts\/15993","targetHints":{"allow":["GET"]}}],"collection":[{"href":"https:\/\/www.afs.cz\/en\/wp-json\/wp\/v2\/posts"}],"about":[{"href":"https:\/\/www.afs.cz\/en\/wp-json\/wp\/v2\/types\/post"}],"author":[{"embeddable":true,"href":"https:\/\/www.afs.cz\/en\/wp-json\/wp\/v2\/users\/351"}],"replies":[{"embeddable":true,"href":"https:\/\/www.afs.cz\/en\/wp-json\/wp\/v2\/comments?post=15993"}],"version-history":[{"count":9,"href":"https:\/\/www.afs.cz\/en\/wp-json\/wp\/v2\/posts\/15993\/revisions"}],"predecessor-version":[{"id":22756,"href":"https:\/\/www.afs.cz\/en\/wp-json\/wp\/v2\/posts\/15993\/revisions\/22756"}],"wp:featuredmedia":[{"embeddable":true,"href":"https:\/\/www.afs.cz\/en\/wp-json\/wp\/v2\/media\/15996"}],"wp:attachment":[{"href":"https:\/\/www.afs.cz\/en\/wp-json\/wp\/v2\/media?parent=15993"}],"wp:term":[{"taxonomy":"category","embeddable":true,"href":"https:\/\/www.afs.cz\/en\/wp-json\/wp\/v2\/categories?post=15993"},{"taxonomy":"post_tag","embeddable":true,"href":"https:\/\/www.afs.cz\/en\/wp-json\/wp\/v2\/tags?post=15993"}],"curies":[{"name":"wp","href":"https:\/\/api.w.org\/{rel}","templated":true}]}}