{"id":15478,"date":"2022-07-29T18:45:44","date_gmt":"2022-07-29T17:45:44","guid":{"rendered":"https:\/\/czechrepublic.afssite.afs.org\/?p=15478"},"modified":"2025-01-01T15:53:54","modified_gmt":"2025-01-01T14:53:54","slug":"rocni-program-v-nemecku-ocima-betky-cast-druha","status":"publish","type":"post","link":"https:\/\/www.afs.cz\/en\/2022\/07\/rocni-program-v-nemecku-ocima-betky-cast-druha\/","title":{"rendered":"Ro\u010dn\u00ed program v N\u011bmecku o\u010dima B\u011btky \u2013 \u010d\u00e1st druh\u00e1"},"content":{"rendered":"<p>Od m\u00e9ho posledn\u00edho eseje neuplynulo zas tolik \u010dasu, tak\u017ee n\u011bco z\u00e1vratn\u00e9ho se mezit\u00edm nestalo. \u0160kola byla b\u011bhem prosince trochu v\u00edce stresuj\u00edc\u00ed, proto\u017ee jsme psali v\u0161echny z\u00e1v\u011bre\u010dn\u00e9 testy. A proto\u017ee v\u011bt\u0161ina zn\u00e1mek z\u00a0m\u00e9 n\u011bmeck\u00e9 \u0161koly se mi zapo\u010d\u00edt\u00e1v\u00e1 i v\u00a0t\u00e9 \u010desk\u00e9, tes\u016fm jsem se nevyhnula. Celkov\u011b v\u00fduka na m\u00e9 \u0161kole mi p\u0159ijde m\u00e9n\u011b n\u00e1ro\u010dn\u00e1 ne\u017e ta v\u00a0\u010cech\u00e1ch. Mo\u017en\u00e1 je to t\u00edm, \u017ee tady nav\u0161t\u011bvuji Gesamtschule a doma gymn\u00e1zium. Akor\u00e1t teda, i kdy\u017e u\u010divo je teoreticky snaz\u0161\u00ed, v\u00a0n\u011bm\u010din\u011b mi to d\u00e1 stejn\u011b zabrat. Celkov\u011b je n\u011bmeck\u00e9 a \u010desk\u00e9 \u0161kolstv\u00ed celkem podobn\u00e9. Jedin\u00e9 rozd\u00edly, kter\u00e9 jsem d\u00e1le zaznamenala, je v\u00edce skupinov\u00fdch prac\u00ed a m\u00e9n\u011b test\u016f b\u011bhem roku. Sp\u00ed\u0161 se zam\u011b\u0159uj\u00ed na pr\u00e1ci v\u00a0hodin\u011b, dom\u00e1c\u00ed \u00fakoly a pak na z\u00e1v\u011bre\u010dn\u00e9 zkou\u0161ky.<\/p>\n<p><figure class=\"wp-image-wrap\"><img loading=\"lazy\" decoding=\"async\" class=\"size-medium wp-image-15479 alignright\" src=\"https:\/\/d22dvihj4pfop3.cloudfront.net\/wp-content\/uploads\/sites\/84\/2022\/07\/29184344\/Obrazek1sd-600x450.jpg\" alt=\"\" width=\"600\" height=\"450\" \/><\/figure><\/p>\n<p>T\u011bsn\u011b p\u0159ed v\u00e1no\u010dn\u00edmi pr\u00e1zdninami jsme s\u00a0moj\u00ed t\u0159\u00eddou uspo\u0159\u00e1daly takovou malou v\u00e1no\u010dn\u00ed hodinu. Poslouchali jsme koledy, hr\u00e1ly hry a n\u00e1s t\u0159\u00eddn\u00ed n\u00e1m dokonce upekl i n\u011bco na zub. Potom p\u0159i\u0161ly na \u0159adu d\u00e1rky. Ka\u017ed\u00fd si p\u0159edt\u00edm vylosoval jm\u00e9no a tomu spolu\u017e\u00e1kovi m\u011bl n\u011bco p\u0159ipravit. J\u00e1 jsem \u0161la s\u00a0klasikou, vesel\u00fdmi pono\u017ekami a mysl\u00edm, \u017ee m\u011b nezklamaly. J\u00e1 jsem od spolu\u017ea\u010dky dostala ty nekr\u00e1sn\u011bj\u0161\u00ed ru\u010dn\u011b d\u011blan\u00fd prst\u00fdnky a k\u00a0tomu vzkaz\u00edk v\u00a0\u010de\u0161tin\u011b p\u0159elouskanej p\u0159es p\u0159eklada\u010d. No prost\u011b s\u00fc\u00df. A pak u\u017e hur\u00e1 na pr\u00e1zdniny, kter\u00e9 se n\u00e1m d\u00edky covidu o t\u00fdden prodlou\u017eily.<\/p>\n<p>M\u011bla jsem tedy spoustu \u010dasu od\u0161krtnout si s\u00a0ostatn\u00edma Exchange studentkami dal\u0161\u00ed m\u00edsta na bucket listu. Spole\u010dn\u011b jsme nav\u0161t\u00edvily Kol\u00edn a Hannover. O Hannoveru n\u00e1s v\u0161ichni varovali, \u017ee za to nestoj\u00ed a n\u011bjak\u00fd p\u011bkn\u00fd m\u011bsto to nen\u00ed, ale nakonec se mi snad l\u00edbilo nejv\u00edc ze v\u0161ech. S\u00a0ostatn\u00edma studentkami se sna\u017e\u00edm vid\u011bt, jak nej\u010dast\u011bji to jde, proto\u017ee zanedlouho semestr\u00e1ln\u00ed programy pojedou dom\u016f, tak\u017ee n\u00e1m u\u017e tolik \u010dasu s\u00a0nimi nezb\u00fdv\u00e1. Spole\u010dn\u011b s\u00a0nimi a spolu\u017ea\u010dkami ze \u0161koly jsme taky slavily Silvestr, kter\u00fd jsem si moc u\u017eila.<\/p>\n<p><figure class=\"wp-image-wrap\"><img loading=\"lazy\" decoding=\"async\" class=\"size-medium wp-image-15483 alignleft\" src=\"https:\/\/d22dvihj4pfop3.cloudfront.net\/wp-content\/uploads\/sites\/84\/2022\/07\/29184505\/Obrazek3gggd-450x600.jpg\" alt=\"\" width=\"450\" height=\"600\" \/><\/figure><\/p>\n<p>Samotn\u00fd \u0160t\u011bdr\u00fd den byl taky moc kr\u00e1sn\u00fd. Svoj\u00ed hostitelskou rodinu jsem sezn\u00e1mila s tradic\u00ed, kter\u00e1 moje rodina provozuje u\u017e n\u011bkolik let. Zdoben\u00ed strom\u016f v lese n\u011b\u010d\u00edm k sn\u011bdku pro zv\u00ed\u0159ata (jablka, mrkve, \u2026). Moje hostitelsk\u00e1 s\u00e9gra byla z n\u00e1padu, tak nad\u0161en\u00e1, \u017ee jsme se ho rozhodli zrealizovat i tady a bylo to moc p\u011bkn\u00fd p\u0159ipomenut\u00ed domova. Pak jsme je\u0161t\u011b rychle chv\u00e1tali do obchodu, abychom m\u011bli n\u011bjak\u00fd ten v\u00e1no\u010dn\u00ed stromek i doma. Pak n\u00e1sledovalo zdoben\u00ed strome\u010dku a kouk\u00e1n\u00ed na filmy. Ka\u017edoro\u010dn\u011b tu sleduj\u00ed \u010deskou Popelku, tak\u017ee se mi chyb\u011bli jedin\u011b tak Pel\u00ed\u0161ky. Pozd\u011bji dorazilo dal\u0161\u00ed p\u0159\u00edbuzenstvo a k ve\u010de\u0159i jsme m\u011bli raclette. Pak u\u017e n\u00e1sledovali d\u00e1rky pod strome\u010dkem a dal\u0161\u00ed poh\u00e1dky.<\/p>\n<p>&nbsp;<\/p>\n<p>I kdy\u017e to takhle napsan\u00fd asi zn\u00ed v\u0161echno hezky, v\u00e1no\u010dn\u00ed pr\u00e1zdniny pro m\u011b byly celkem n\u00e1ro\u010dn\u00e9. Ne na ka\u017ed\u00fd den se d\u00e1 vymyslet n\u011bjak\u00e1 aktivita a po str\u00e1ven\u00ed cel\u00e9ho dne v pokoji v\u00e1s za\u010dnou napadat takov\u00e9 ty smutn\u00e9 st\u00fdskac\u00ed my\u0161lenky. Chyb\u011bl mi sn\u00edh a je\u017ed\u011bn\u00ed na hory. Taky potk\u00e1v\u00e1n\u00ed s ka\u017ed\u00fd den s p\u0159\u00e1teli a sv\u00e1tky s rodinou. M\u00e1m fakt \u0161t\u011bst\u00ed, \u017ee jsem na\u0161la v m\u00e9 rodin\u011b hostitelskou s\u00e9gru, s kterou si opravdu sednu, a kdy\u017e je mi fakt smutno a osam\u011bla, tak m\u016f\u017ee prost\u011b zaj\u00edt t\u0159i metry vedle do pokoje. Nicm\u00e9n\u011b t\u0159i t\u00fddny pr\u00e1zdnin na m\u011b byly fakt moc a u\u017e se docela t\u011b\u0161\u00edm zp\u00e1tky do \u0161koly na sv\u016fj pravideln\u00fd \u0159\u00e1d.<\/p>\n<p>J\u00e1 se, ale vlastn\u011b do \u0161koly vrac\u00edm jen na dva dny a pak mi za\u010d\u00edn\u00e1 praktikum na zdej\u0161\u00ed z\u00e1kladn\u00ed \u0161kole. Moc se na n\u011bj t\u011b\u0161\u00edm a p\u0159ijde mi, \u017ee je to jedna z\u00a0t\u011bch zku\u0161enost\u00ed, kter\u00fd bych v\u00a0\u010cesku rozhodn\u011b nenabyla. Z\u00e1rove\u0148, ale za\u010d\u00edn\u00e1m m\u00edt strach a to p\u0159edev\u0161\u00edm z\u00a0domluvy. Moje jazykov\u00e9 schopnosti nejsou zdaleka, tak dobr\u00e9, jak jsem si je touhle dobou p\u0159edstavovala a k\u00a0plynulosti to m\u00e1 st\u00e1le daleko. No snad mi praktikum ve vylep\u0161en\u00ed jazyka pom\u016f\u017ee a ty pr\u0165ousov\u00e9 se mi za moje \u0161precht\u011bn\u00ed moc nevysm\u011bj\u00ed.<\/p>\n<p>Takhle bych shrnula dal\u0161\u00ed \u010d\u00e1st sv\u00e9ho programu. Bylo to rozhodn\u011b smutn\u011bj\u0161\u00ed ne\u017e ta prvn\u00ed \u010d\u00e1st, asi hlavn\u011b kv\u016fli V\u00e1noc\u016fm a d\u00edky tomu, \u017ee jsem te\u010f v\u00edce rozkoukan\u00e1 a m\u00e1m v\u00edce \u010dasu v\u0161echno overthinkovat. O tom m\u011b, ale v\u0161ichni varovali. Z\u00e1rove\u0148, ale tak\u00e9 \u0159\u00edkali, \u017ee druh\u00e1 \u010d\u00e1st b\u00fdv\u00e1 v\u011bt\u0161inou ta lep\u0161\u00ed, tak\u017ee se s\u00a0nad\u0161en\u00edm vrh\u00e1m do druh\u00e9 \u010d\u00e1sti m\u00e9ho programu a nov\u00e9ho roku.<\/p>\n<p>\u2013 Al\u017eb\u011bta D., ro\u010dn\u00ed stipendijn\u00ed* program v N\u011bmecku 2021\/2022, \u010d\u00e1ste\u010dn\u00e9 stipendium bylo ud\u011bleno d\u00edky finan\u010dn\u00ed podpo\u0159e od <a href=\"https:\/\/www.fb.cz\/\">\u010cesko-n\u011bmeck\u00e9ho fondu budoucnosti<\/a><\/p>\n<hr \/>\n<h3><strong>Za\u017eij st\u0159edn\u00ed \u0161kolu v zahrani\u010d\u00ed<\/strong><\/h3>\n<p>Inspiroval t\u011b p\u0159\u00edb\u011bh Al\u017eb\u011bty? Chce\u0161 pro\u017e\u00edt podobn\u00e9 dobrodru\u017estv\u00ed a nau\u010dit se nov\u00fd ciz\u00ed jazyk? V\u00fdm\u011bnn\u00fd studijn\u00ed program je z\u00e1\u017eitek, kter\u00fd ka\u017ed\u00e9mu studentovi p\u0159inese zku\u0161enosti a nadhled pot\u0159ebn\u00e9 pro sou\u010dasn\u00fd sv\u011bt. Pokud i tebe l\u00e1k\u00e1 my\u0161lenka st\u0159edn\u00ed \u0161koly za hranicemi \u010cesk\u00e9 republiky, nev\u00e1hej a kontaktuj na\u0161i koordin\u00e1torku Zuzanu. Ji\u017e z\u00edtra m\u016f\u017ee\u0161 b\u00fdt o krok bl\u00ed\u017e sv\u00e9mu snu! V\u00edce informac\u00ed o AFS studijn\u00edch programech a konkr\u00e9tn\u00ed nab\u00eddku mo\u017en\u00fdch destinac\u00ed nalezne\u0161 zde: <a href=\"https:\/\/www.afs.cz\/studium-v-zahranici\/?utm_source=web&amp;utm_medium=blog&amp;utm_campaign=sending_clanky&amp;utm_term=nemecko\">www.afs.cz\/studium-v-zahranici\/<\/a><\/p>\n<p>Spojit se s n\u00e1mi m\u016f\u017ee\u0161 tak\u00e9 p\u0159es kontaktn\u00ed formul\u00e1\u0159 a my se ti ozveme do t\u0159\u00ed pracovn\u00edch dn\u00ed:\u00a0<a href=\"https:\/\/www.afs.cz\/kontaktni-formular\/?utm_source=web&amp;utm_medium=blog&amp;utm_campaign=sending_clanky&amp;utm_term=nemecko\">www.afs.cz\/kontaktni-formular\/<\/a><\/p>\n<div class=\"panel-wysiwyg__column-content\">\n<div class=\"context-content\" data-name=\"content\" data-livetext=\"\">\n<p>&nbsp;<\/p>\n<\/div>\n<\/div>\n","protected":false},"excerpt":{"rendered":"<p>Od m\u00e9ho posledn\u00edho eseje neuplynulo zas tolik \u010dasu, tak\u017ee n\u011bco z\u00e1vratn\u00e9ho se mezit\u00edm nestalo. \u0160kola byla b\u011bhem prosince trochu v\u00edce&hellip;<\/p>\n","protected":false},"author":351,"featured_media":15496,"comment_status":"open","ping_status":"open","sticky":false,"template":"","format":"standard","meta":{"footnotes":""},"categories":[50],"tags":[],"class_list":["post-15478","post","type-post","status-publish","format-standard","has-post-thumbnail","hentry","category-studium-v-zahranici"],"yoast_head":"<!-- This site is optimized with the Yoast SEO Premium plugin v26.6 (Yoast SEO v26.6) - https:\/\/yoast.com\/wordpress\/plugins\/seo\/ -->\n<title>Ro\u010dn\u00ed program v N\u011bmecku o\u010dima B\u011btky \u2013 \u010d\u00e1st druh\u00e1 - Mezikulturn\u00ed programy<\/title>\n<meta name=\"robots\" content=\"index, follow, max-snippet:-1, max-image-preview:large, max-video-preview:-1\" \/>\n<link rel=\"canonical\" href=\"https:\/\/www.afs.cz\/en\/2022\/07\/rocni-program-v-nemecku-ocima-betky-cast-druha\/\" \/>\n<meta property=\"og:locale\" content=\"en_US\" \/>\n<meta property=\"og:type\" content=\"article\" \/>\n<meta property=\"og:title\" content=\"Ro\u010dn\u00ed program v N\u011bmecku o\u010dima B\u011btky \u2013 \u010d\u00e1st druh\u00e1\" \/>\n<meta property=\"og:description\" content=\"Od m\u00e9ho posledn\u00edho eseje neuplynulo zas tolik \u010dasu, tak\u017ee n\u011bco z\u00e1vratn\u00e9ho se mezit\u00edm nestalo. \u0160kola byla b\u011bhem prosince trochu v\u00edce&hellip;\" \/>\n<meta property=\"og:url\" content=\"https:\/\/www.afs.cz\/en\/2022\/07\/rocni-program-v-nemecku-ocima-betky-cast-druha\/\" \/>\n<meta property=\"og:site_name\" content=\"Mezikulturn\u00ed programy\" \/>\n<meta property=\"article:published_time\" content=\"2022-07-29T17:45:44+00:00\" \/>\n<meta property=\"article:modified_time\" content=\"2025-01-01T14:53:54+00:00\" \/>\n<meta property=\"og:image\" content=\"https:\/\/d22dvihj4pfop3.cloudfront.net\/wp-content\/uploads\/sites\/84\/2022\/07\/29185300\/Nahledy-web-1200x630.jpg\" \/>\n\t<meta property=\"og:image:width\" content=\"1200\" \/>\n\t<meta property=\"og:image:height\" content=\"630\" \/>\n\t<meta property=\"og:image:type\" content=\"image\/jpeg\" \/>\n<meta name=\"author\" content=\"afscesko\" \/>\n<meta name=\"twitter:card\" content=\"summary_large_image\" \/>\n<meta name=\"twitter:label1\" content=\"Written by\" \/>\n\t<meta name=\"twitter:data1\" content=\"afscesko\" \/>\n\t<meta name=\"twitter:label2\" content=\"Est. reading time\" \/>\n\t<meta name=\"twitter:data2\" content=\"5 minutes\" \/>\n<script type=\"application\/ld+json\" class=\"yoast-schema-graph\">{\"@context\":\"https:\/\/schema.org\",\"@graph\":[{\"@type\":\"WebPage\",\"@id\":\"https:\/\/www.afs.cz\/en\/2022\/07\/rocni-program-v-nemecku-ocima-betky-cast-druha\/\",\"url\":\"https:\/\/www.afs.cz\/en\/2022\/07\/rocni-program-v-nemecku-ocima-betky-cast-druha\/\",\"name\":\"Ro\u010dn\u00ed program v N\u011bmecku o\u010dima B\u011btky \u2013 \u010d\u00e1st druh\u00e1 - Mezikulturn\u00ed programy\",\"isPartOf\":{\"@id\":\"https:\/\/www.afs.cz\/en\/#website\"},\"primaryImageOfPage\":{\"@id\":\"https:\/\/www.afs.cz\/en\/2022\/07\/rocni-program-v-nemecku-ocima-betky-cast-druha\/#primaryimage\"},\"image\":{\"@id\":\"https:\/\/www.afs.cz\/en\/2022\/07\/rocni-program-v-nemecku-ocima-betky-cast-druha\/#primaryimage\"},\"thumbnailUrl\":\"https:\/\/d22dvihj4pfop3.cloudfront.net\/wp-content\/uploads\/sites\/84\/2022\/07\/29185300\/Nahledy-web.jpg\",\"datePublished\":\"2022-07-29T17:45:44+00:00\",\"dateModified\":\"2025-01-01T14:53:54+00:00\",\"author\":{\"@id\":\"https:\/\/www.afs.cz\/en\/#\/schema\/person\/bc52da0be76098030e75baeb919827ff\"},\"breadcrumb\":{\"@id\":\"https:\/\/www.afs.cz\/en\/2022\/07\/rocni-program-v-nemecku-ocima-betky-cast-druha\/#breadcrumb\"},\"inLanguage\":\"en-US\",\"potentialAction\":[{\"@type\":\"ReadAction\",\"target\":[\"https:\/\/www.afs.cz\/en\/2022\/07\/rocni-program-v-nemecku-ocima-betky-cast-druha\/\"]}]},{\"@type\":\"ImageObject\",\"inLanguage\":\"en-US\",\"@id\":\"https:\/\/www.afs.cz\/en\/2022\/07\/rocni-program-v-nemecku-ocima-betky-cast-druha\/#primaryimage\",\"url\":\"https:\/\/d22dvihj4pfop3.cloudfront.net\/wp-content\/uploads\/sites\/84\/2022\/07\/29185300\/Nahledy-web.jpg\",\"contentUrl\":\"https:\/\/d22dvihj4pfop3.cloudfront.net\/wp-content\/uploads\/sites\/84\/2022\/07\/29185300\/Nahledy-web.jpg\",\"width\":1920,\"height\":1080},{\"@type\":\"BreadcrumbList\",\"@id\":\"https:\/\/www.afs.cz\/en\/2022\/07\/rocni-program-v-nemecku-ocima-betky-cast-druha\/#breadcrumb\",\"itemListElement\":[{\"@type\":\"ListItem\",\"position\":1,\"name\":\"Home\",\"item\":\"https:\/\/czechrepublic.afssite.afs.org\/en\/\"},{\"@type\":\"ListItem\",\"position\":2,\"name\":\"Ro\u010dn\u00ed program v N\u011bmecku o\u010dima B\u011btky \u2013 \u010d\u00e1st druh\u00e1\"}]},{\"@type\":\"WebSite\",\"@id\":\"https:\/\/www.afs.cz\/en\/#website\",\"url\":\"https:\/\/www.afs.cz\/en\/\",\"name\":\"Mezikulturn\u00ed programy\",\"description\":\"Studium v zahrani\u010d\u00ed, hostitelsk\u00fd program, vzd\u011bl\u00e1vac\u00ed programy, dobrovolnictv\u00ed a mnoho dal\u0161\u00edho.\",\"potentialAction\":[{\"@type\":\"SearchAction\",\"target\":{\"@type\":\"EntryPoint\",\"urlTemplate\":\"https:\/\/www.afs.cz\/en\/?s={search_term_string}\"},\"query-input\":{\"@type\":\"PropertyValueSpecification\",\"valueRequired\":true,\"valueName\":\"search_term_string\"}}],\"inLanguage\":\"en-US\"},{\"@type\":\"Person\",\"@id\":\"https:\/\/www.afs.cz\/en\/#\/schema\/person\/bc52da0be76098030e75baeb919827ff\",\"name\":\"afscesko\",\"image\":{\"@type\":\"ImageObject\",\"inLanguage\":\"en-US\",\"@id\":\"https:\/\/www.afs.cz\/en\/#\/schema\/person\/image\/\",\"url\":\"https:\/\/secure.gravatar.com\/avatar\/eda270bfa745d003b9a210dc384a8c22e1a05bc41e5280645d3e2968a117c931?s=96&d=mm&r=g\",\"contentUrl\":\"https:\/\/secure.gravatar.com\/avatar\/eda270bfa745d003b9a210dc384a8c22e1a05bc41e5280645d3e2968a117c931?s=96&d=mm&r=g\",\"caption\":\"afscesko\"},\"url\":\"https:\/\/www.afs.cz\/en\/author\/afscesko\/\"}]}<\/script>\n<!-- \/ Yoast SEO Premium plugin. -->","yoast_head_json":{"title":"Ro\u010dn\u00ed program v N\u011bmecku o\u010dima B\u011btky \u2013 \u010d\u00e1st druh\u00e1 - Mezikulturn\u00ed programy","robots":{"index":"index","follow":"follow","max-snippet":"max-snippet:-1","max-image-preview":"max-image-preview:large","max-video-preview":"max-video-preview:-1"},"canonical":"https:\/\/www.afs.cz\/en\/2022\/07\/rocni-program-v-nemecku-ocima-betky-cast-druha\/","og_locale":"en_US","og_type":"article","og_title":"Ro\u010dn\u00ed program v N\u011bmecku o\u010dima B\u011btky \u2013 \u010d\u00e1st druh\u00e1","og_description":"Od m\u00e9ho posledn\u00edho eseje neuplynulo zas tolik \u010dasu, tak\u017ee n\u011bco z\u00e1vratn\u00e9ho se mezit\u00edm nestalo. \u0160kola byla b\u011bhem prosince trochu v\u00edce&hellip;","og_url":"https:\/\/www.afs.cz\/en\/2022\/07\/rocni-program-v-nemecku-ocima-betky-cast-druha\/","og_site_name":"Mezikulturn\u00ed programy","article_published_time":"2022-07-29T17:45:44+00:00","article_modified_time":"2025-01-01T14:53:54+00:00","og_image":[{"width":1200,"height":630,"url":"https:\/\/d22dvihj4pfop3.cloudfront.net\/wp-content\/uploads\/sites\/84\/2022\/07\/29185300\/Nahledy-web-1200x630.jpg","type":"image\/jpeg"}],"author":"afscesko","twitter_card":"summary_large_image","twitter_misc":{"Written by":"afscesko","Est. reading time":"5 minutes"},"schema":{"@context":"https:\/\/schema.org","@graph":[{"@type":"WebPage","@id":"https:\/\/www.afs.cz\/en\/2022\/07\/rocni-program-v-nemecku-ocima-betky-cast-druha\/","url":"https:\/\/www.afs.cz\/en\/2022\/07\/rocni-program-v-nemecku-ocima-betky-cast-druha\/","name":"Ro\u010dn\u00ed program v N\u011bmecku o\u010dima B\u011btky \u2013 \u010d\u00e1st druh\u00e1 - Mezikulturn\u00ed programy","isPartOf":{"@id":"https:\/\/www.afs.cz\/en\/#website"},"primaryImageOfPage":{"@id":"https:\/\/www.afs.cz\/en\/2022\/07\/rocni-program-v-nemecku-ocima-betky-cast-druha\/#primaryimage"},"image":{"@id":"https:\/\/www.afs.cz\/en\/2022\/07\/rocni-program-v-nemecku-ocima-betky-cast-druha\/#primaryimage"},"thumbnailUrl":"https:\/\/d22dvihj4pfop3.cloudfront.net\/wp-content\/uploads\/sites\/84\/2022\/07\/29185300\/Nahledy-web.jpg","datePublished":"2022-07-29T17:45:44+00:00","dateModified":"2025-01-01T14:53:54+00:00","author":{"@id":"https:\/\/www.afs.cz\/en\/#\/schema\/person\/bc52da0be76098030e75baeb919827ff"},"breadcrumb":{"@id":"https:\/\/www.afs.cz\/en\/2022\/07\/rocni-program-v-nemecku-ocima-betky-cast-druha\/#breadcrumb"},"inLanguage":"en-US","potentialAction":[{"@type":"ReadAction","target":["https:\/\/www.afs.cz\/en\/2022\/07\/rocni-program-v-nemecku-ocima-betky-cast-druha\/"]}]},{"@type":"ImageObject","inLanguage":"en-US","@id":"https:\/\/www.afs.cz\/en\/2022\/07\/rocni-program-v-nemecku-ocima-betky-cast-druha\/#primaryimage","url":"https:\/\/d22dvihj4pfop3.cloudfront.net\/wp-content\/uploads\/sites\/84\/2022\/07\/29185300\/Nahledy-web.jpg","contentUrl":"https:\/\/d22dvihj4pfop3.cloudfront.net\/wp-content\/uploads\/sites\/84\/2022\/07\/29185300\/Nahledy-web.jpg","width":1920,"height":1080},{"@type":"BreadcrumbList","@id":"https:\/\/www.afs.cz\/en\/2022\/07\/rocni-program-v-nemecku-ocima-betky-cast-druha\/#breadcrumb","itemListElement":[{"@type":"ListItem","position":1,"name":"Home","item":"https:\/\/czechrepublic.afssite.afs.org\/en\/"},{"@type":"ListItem","position":2,"name":"Ro\u010dn\u00ed program v N\u011bmecku o\u010dima B\u011btky \u2013 \u010d\u00e1st druh\u00e1"}]},{"@type":"WebSite","@id":"https:\/\/www.afs.cz\/en\/#website","url":"https:\/\/www.afs.cz\/en\/","name":"Mezikulturn\u00ed programy","description":"Studium v zahrani\u010d\u00ed, hostitelsk\u00fd program, vzd\u011bl\u00e1vac\u00ed programy, dobrovolnictv\u00ed a mnoho dal\u0161\u00edho.","potentialAction":[{"@type":"SearchAction","target":{"@type":"EntryPoint","urlTemplate":"https:\/\/www.afs.cz\/en\/?s={search_term_string}"},"query-input":{"@type":"PropertyValueSpecification","valueRequired":true,"valueName":"search_term_string"}}],"inLanguage":"en-US"},{"@type":"Person","@id":"https:\/\/www.afs.cz\/en\/#\/schema\/person\/bc52da0be76098030e75baeb919827ff","name":"afscesko","image":{"@type":"ImageObject","inLanguage":"en-US","@id":"https:\/\/www.afs.cz\/en\/#\/schema\/person\/image\/","url":"https:\/\/secure.gravatar.com\/avatar\/eda270bfa745d003b9a210dc384a8c22e1a05bc41e5280645d3e2968a117c931?s=96&d=mm&r=g","contentUrl":"https:\/\/secure.gravatar.com\/avatar\/eda270bfa745d003b9a210dc384a8c22e1a05bc41e5280645d3e2968a117c931?s=96&d=mm&r=g","caption":"afscesko"},"url":"https:\/\/www.afs.cz\/en\/author\/afscesko\/"}]}},"_links":{"self":[{"href":"https:\/\/www.afs.cz\/en\/wp-json\/wp\/v2\/posts\/15478","targetHints":{"allow":["GET"]}}],"collection":[{"href":"https:\/\/www.afs.cz\/en\/wp-json\/wp\/v2\/posts"}],"about":[{"href":"https:\/\/www.afs.cz\/en\/wp-json\/wp\/v2\/types\/post"}],"author":[{"embeddable":true,"href":"https:\/\/www.afs.cz\/en\/wp-json\/wp\/v2\/users\/351"}],"replies":[{"embeddable":true,"href":"https:\/\/www.afs.cz\/en\/wp-json\/wp\/v2\/comments?post=15478"}],"version-history":[{"count":8,"href":"https:\/\/www.afs.cz\/en\/wp-json\/wp\/v2\/posts\/15478\/revisions"}],"predecessor-version":[{"id":25114,"href":"https:\/\/www.afs.cz\/en\/wp-json\/wp\/v2\/posts\/15478\/revisions\/25114"}],"wp:featuredmedia":[{"embeddable":true,"href":"https:\/\/www.afs.cz\/en\/wp-json\/wp\/v2\/media\/15496"}],"wp:attachment":[{"href":"https:\/\/www.afs.cz\/en\/wp-json\/wp\/v2\/media?parent=15478"}],"wp:term":[{"taxonomy":"category","embeddable":true,"href":"https:\/\/www.afs.cz\/en\/wp-json\/wp\/v2\/categories?post=15478"},{"taxonomy":"post_tag","embeddable":true,"href":"https:\/\/www.afs.cz\/en\/wp-json\/wp\/v2\/tags?post=15478"}],"curies":[{"name":"wp","href":"https:\/\/api.w.org\/{rel}","templated":true}]}}