{"id":15468,"date":"2022-07-29T18:38:59","date_gmt":"2022-07-29T17:38:59","guid":{"rendered":"https:\/\/czechrepublic.afssite.afs.org\/?p=15468"},"modified":"2023-02-06T12:14:09","modified_gmt":"2023-02-06T11:14:09","slug":"rocni-program-v-nemecku-ocima-betky-cast-prvni","status":"publish","type":"post","link":"https:\/\/www.afs.cz\/en\/2022\/07\/rocni-program-v-nemecku-ocima-betky-cast-prvni\/","title":{"rendered":"Ro\u010dn\u00ed program v N\u011bmecku o\u010dima B\u011btky &#8211; \u010d\u00e1st prvn\u00ed"},"content":{"rendered":"<p>Bl\u00ed\u017e\u00ed se V\u00e1noce a \u010das ut\u00edk\u00e1, tak rychle, \u017ee se pomalu ocit\u00e1m u konce 1\/3 m\u00e9ho pobytu v\u00a0N\u011bmecku. Ze za\u010d\u00e1tku to bylo jako na horsk\u00e9 dr\u00e1ze (doslova, s\u00a0rodinou jsem nav\u0161t\u00edvila z\u00e1bavn\u00ed park Hansapark), ale po t\u011bch t\u0159ech m\u011bs\u00edc\u00edch se \u010das za\u010dne zpomalovat a \u010dlov\u011bku doch\u00e1z\u00ed, \u017ee to nen\u00ed jen prodlou\u017een\u00e1 dovolen\u00e1, ale jeho \u017eivot a mysl\u00edm, \u017ee je perfektn\u00ed \u010das vr\u00e1tit se p\u011bkn\u011b na za\u010d\u00e1tek a p\u0159ipomenout si ty p\u011bkn\u00fd chv\u00edle.<\/p>\n<p><figure class=\"wp-image-wrap\"><img loading=\"lazy\" decoding=\"async\" class=\"size-medium wp-image-15469 alignright\" src=\"https:\/\/d22dvihj4pfop3.cloudfront.net\/wp-content\/uploads\/sites\/84\/2022\/07\/29183800\/Obrazek3-450x600.jpg\" alt=\"\" width=\"450\" height=\"600\" \/><\/figure><\/p>\n<p>A za\u010dnu hned u jedn\u00e9 z nejd\u016fle\u017eit\u011bj\u0161\u00edch \u010d\u00e1st\u00ed programu a to je rodina. M\u016fj p\u0159\u00edjezd se d\u00edky Deutsche Bahn trochu zkomplikoval a zpozdil asi o p\u011bt hodin, ale i tak m\u011b rodinka v\u00edtala v 11 ve\u010der s cedulemi na n\u00e1dra\u017e\u00ed v Osnabrucku. Hned na m\u011b za\u010dali drmolit n\u011bmecky, co\u017e byl v tu chv\u00edli trochu \u0161ok, ale te\u010f po t\u011bch t\u0159ech m\u011bs\u00edc\u00edch jsem za to fakt vd\u011b\u010dn\u00e1, proto\u017ee m\u011b to neskute\u010dn\u011b posunulo. Na trapn\u00e9 ml\u010den\u00ed n\u00e1m nezbyl \u010das, proto\u017ee hned co jsme dosedli do auta, za\u010dala hostitelsk\u00e1 s\u00e9gra zp\u00edvat spole\u010dn\u011b s r\u00e1diem ve\u0161ker\u00fd n\u011bmeck\u00fd hity, co zrovna hr\u00e1lo. A celkov\u011b v moj\u00ed rodin\u011b tady ticho nikdy nen\u00ed. Asi proto, \u017ee je fakt velk\u00e1. M\u00e1m tu \u010dty\u0159i hostitelsk\u00e9 sestry, jednoho hostitelsk\u00e9ho br\u00e1chu a pak p\u0159ekvapiv\u011b dva rodi\u010de, k tomu kon\u011b a kr\u00e1l\u00edky. Je tu docela b\u011b\u017en\u00e9, \u017ee na ve\u010de\u0159e k n\u00e1m chod\u00ed p\u0159\u00e1tel\u00e9 m\u00fdch nov\u00fdch sourozenc\u016f nebo rodi\u010d\u016fm, tak\u017ee \u010dasto m\u00e1me je\u0161t\u011b dal\u0161\u00ed spole\u010dnost. Nejv\u00edc jsem se sbl\u00ed\u017eila se moj\u00ed star\u0161\u00ed sestrou Chelsea, kter\u00e1 m\u00e1 mimochodem i dvoj\u010de, kter\u00e9 se p\u0159ed p\u00e1r t\u00fddny vr\u00e1tilo z Francie, tak se teprve pozn\u00e1v\u00e1me. Je to jako \u017e\u00edt s nejlep\u0161\u00ed kamar\u00e1dkou. Cokoliv d\u011bl\u00e1m, a\u0165 je to jen mali\u010dkost, m\u016f\u017eu d\u011blat s Chelsea a hned je z toho z\u00e1bava. Spole\u010dn\u011b hrajeme karty, sledujeme seri\u00e1ly, prob\u00edr\u00e1me sek\u00e1\u010de o sto \u0161est, p\u011bstujeme d\u00fdn\u011b (poprv\u00e9 co jsem n\u011bco zasadila a opravdu to vyrostlo), a jezd\u00edme na vodn\u00edch ly\u017e\u00ed (jenom jednou teda, ale cht\u011bla jsem to zm\u00ednit) a taky cestujeme. Zat\u00edm teda ne n\u011bjak\u00fd dlouh\u00fd v\u00fdlety, ale jen co Chelsea v dubnu odmaturuje, pl\u00e1nujeme roadtrip do nejzaz\u0161\u00edch kout\u016f N\u011bmecka. Taky m\u011b sezn\u00e1mila se sv\u00fdmi p\u0159\u00e1teli, tak\u017ee osamocen\u00e1 jsem tu nebyla ani na za\u010d\u00e1tku. Spole\u010dn\u011b s Chelsea tu taky pom\u00e1h\u00e1m s programem pro m\u00edstn\u00ed mal\u00e9 skaut\u00edky, n\u011bco podobn\u00e9ho jsem d\u011blala i v \u010cR a tak tu \u010derp\u00e1m inspiraci na doma.<\/p>\n<p>Te\u010f bych se cht\u011bla p\u0159esunout na dal\u0161\u00ed a pro m\u011b taky velice d\u016fle\u017eit\u00fd bod a to je jazyk. Jeden z\u00a0ur\u010duj\u00edc\u00edch faktor\u016f, d\u00edky kter\u00fdm jsem si vybrala N\u011bmecko. Jak u\u017e jsem zm\u00ednila, tak rodina na m\u011b od za\u010d\u00e1tku mluv\u00ed n\u011bmecky, kdy\u017e nerozum\u00edm, v\u00a0n\u011bm\u010din\u011b vysv\u011btl\u00ed, a kdy\u017e ani to nevyjde, pak p\u0159ijde na \u0159adu angli\u010dtina. Zprvu to bylo opravdu n\u00e1ro\u010dn\u00e9 a to jsem m\u011bla n\u011bm\u010dinu \u010dty\u0159i roky na gymplu. V\u00a0re\u00e1lu je to o trochu rychlej\u0161\u00ed, ne\u017e jak to m\u00e1m naposlouchan\u00e9 z\u00a0hodin. Po t\u0159ech m\u011bs\u00edc\u00edch rozum\u00edm skoro v\u0161emu a odpov\u011bd\u011bt zvl\u00e1d\u00e1m taky, ale k\u00a0plynulosti se zat\u00edm \u00fapln\u011b nebl\u00ed\u017e\u00edm. No aspo\u0148 m\u00e1m st\u00e1le co zlep\u0161ovat.<\/p>\n<p>Te\u010f se p\u0159ipravte na m\u016fj t\u0159et\u00ed d\u016fle\u017eit\u00fd bod programu a to jsou p\u0159\u00e1tel\u00e9. Te\u010f do toho nebudu po\u010d\u00edtat Chelsea a jej\u00ed kamar\u00e1dy, ale jen ty p\u0159\u00e1tel\u00e9 co jsem si vytvo\u0159ila sama. Nebudu lh\u00e1t, \u0161kola pro m\u011b zprvu byla trochu depresivn\u00ed z\u00e1le\u017eitost. V\u0161ichni spolu\u017e\u00e1ci jsou moc mil\u00fd a ne \u017ee ne, sna\u017e\u00ed se mi pomoc s\u00a0u\u010divem a tak d\u00e1le, ale jinak v\u00a0n\u011bjak\u00fd pozn\u00e1n\u00ed v\u00e1s jako \u010dlov\u011bka a\u017e tak zaujat\u00ed nejsou. Zprvu jsem hlavn\u011b v\u016fbec nerozum\u011bla n\u011bmecky a oni se tak\u00e9 \u00fapln\u011b nec\u00edtili komfortn\u011b v\u00a0angli\u010dtin\u011b, tak rozhovory v\u00e1zly. Bylo to zkr\u00e1tka trochu smutn\u00fd, obzvl\u00e1\u0161\u0165 kdy\u017e sly\u0161\u00edte, jak\u00e9 uv\u00edt\u00e1n\u00ed m\u011bli va\u0161i kamar\u00e1di exchange studenti ve \u0160pan\u011blsku nebo Argentin\u011b. Nyn\u00ed u\u017e jsou v\u011bci lep\u0161\u00ed, vedeme rozhovory o p\u0159est\u00e1vk\u00e1ch a absolvovala jsem taky jedno bruslen\u00ed se spolu\u017ea\u010dkou s\u00a0kopou nerv\u00f3zn\u00edho ticha, ale rozhodn\u011b d\u011bl\u00e1m pokroky. Taky mi p\u0159ijde, \u017ee jsem nav\u00e1zala celkem solidn\u00ed p\u0159\u00e1telstv\u00ed na v\u00fdtvarce, d\u00edky tomu, \u017ee jsem si na n\u00ed nep\u0159inesla jedinou pou\u017eitelnou tu\u017eku, ale o tom a\u017e jindy.<\/p>\n<p><figure class=\"wp-image-wrap\"><img loading=\"lazy\" decoding=\"async\" class=\"size-medium wp-image-15471 alignleft\" src=\"https:\/\/d22dvihj4pfop3.cloudfront.net\/wp-content\/uploads\/sites\/84\/2022\/07\/29183826\/Obrazek2-450x600.jpg\" alt=\"\" width=\"450\" height=\"600\" \/><\/figure><\/p>\n<p>Te\u010f v\u00e1m pov\u00edm o m\u00fdch t\u0159ech sp\u0159\u00edzn\u011bn\u00fdch du\u0161\u00edch, kter\u00e9 se z\u00a0cel\u00e9 Evropy se\u0161li se mnou pr\u00e1v\u011b v mal\u00e9m m\u011bste\u010dku Fuerstenau. Na m\u00e9 \u0161kole, v\u00a0m\u00e9m ro\u010dn\u00edku jsou dal\u0161\u00ed t\u0159i v\u00fdm\u011bnn\u00e9 studentky z\u00a0It\u00e1lie, \u0160v\u00fdcarska a Finska. Daly jsme se dohromady d\u00edky tomu, \u017ee moje kontaktn\u00ed osoba je nejlep\u0161\u00ed kamar\u00e1dka sest\u0159enice prababi\u010dky tety hostitelsk\u00e9 sestry Alice ze \u0160v\u00fdcarska (fakt to tak n\u011bjak bylo). A tak mi po dvou dnech co jsem str\u00e1vila v\u00a0N\u011bmecku, p\u0159i\u0161la zpr\u00e1va, jestli bych ne\u0161la po \u0161kole na pizzu a necht\u011bla je poznat. A te\u010f m\u00e1m t\u0159i nejlep\u0161\u00ed kamar\u00e1dky, s\u00a0kter\u00fdma sd\u00edl\u00edm v\u0161echny trable a radosti a cestuju, jak se jen d\u00e1. Spole\u010dn\u011b u\u017e jsme nav\u0161t\u00edvily Hamburk, Br\u00e9my, Osnabruck, Munster, Amsterdam a pl\u00e1nujeme Rheine a Hannover. A j\u00e1 v\u016fbec nev\u00edm, co bych si bez nich po\u010dala.<\/p>\n<p>Tak to by bylo asi v\u0161echno. Sna\u017eila jsem se tu shrnout v\u0161echny v\u011bci, kter\u00e9 jsou pro m\u011b na v\u00fdm\u011bnn\u00e9m pobytu d\u016fle\u017eit\u00e9, ale samoz\u0159ejm\u011b je toho mnohem v\u00edc. \u010casto jsou to pr\u00e1v\u011b ty mal\u00e9 v\u011bci, kter\u00e9 d\u011blaj\u00ed m\u016fj rok tady kr\u00e1sn\u00fd. Kdy\u017e mi n\u011bkdo \u0159ekne, \u017ee se moje n\u011bm\u010dina zlep\u0161uje, kdy\u017e je duha, nebo kdy\u017e hostitelsk\u00fd t\u00e1ta d\u011bl\u00e1 pra\u017een\u00fd mandle. To jsou pak ty chv\u00edle, kter\u00fd nem\u00e1te na fotk\u00e1ch, ale stejn\u011b v\u00edte, \u017ee je nezapomenete.<\/p>\n<p>\u2013 Al\u017eb\u011bta D., ro\u010dn\u00ed stipendijn\u00ed program v N\u011bmecku 2021\/2022, \u010d\u00e1ste\u010dn\u00e9 stipendium bylo ud\u011bleno d\u00edky finan\u010dn\u00ed podpo\u0159e od <a href=\"https:\/\/www.fb.cz\/\">\u010cesko-n\u011bmeck\u00e9ho fondu budoucnosti<\/a><\/p>\n<hr \/>\n<h3><strong>Za\u017eij st\u0159edn\u00ed \u0161kolu v zahrani\u010d\u00ed<\/strong><\/h3>\n<p>Inspiroval t\u011b p\u0159\u00edb\u011bh Al\u017eb\u011bty? Chce\u0161 pro\u017e\u00edt podobn\u00e9 dobrodru\u017estv\u00ed a nau\u010dit se nov\u00fd ciz\u00ed jazyk? V\u00fdm\u011bnn\u00fd studijn\u00ed program je z\u00e1\u017eitek, kter\u00fd ka\u017ed\u00e9mu studentovi p\u0159inese zku\u0161enosti a nadhled pot\u0159ebn\u00e9 pro sou\u010dasn\u00fd sv\u011bt. Pokud i tebe l\u00e1k\u00e1 my\u0161lenka st\u0159edn\u00ed \u0161koly za hranicemi \u010cesk\u00e9 republiky, nev\u00e1hej a kontaktuj na\u0161i koordin\u00e1torku Zuzanu. Ji\u017e z\u00edtra m\u016f\u017ee\u0161 b\u00fdt o krok bl\u00ed\u017e sv\u00e9mu snu! V\u00edce informac\u00ed o AFS studijn\u00edch programech a konkr\u00e9tn\u00ed nab\u00eddku mo\u017en\u00fdch destinac\u00ed nalezne\u0161 zde:\u00a0<a href=\"https:\/\/www.afs.cz\/studium-v-zahranici\/?utm_source=web&amp;utm_medium=blog&amp;utm_campaign=sending_clanky&amp;utm_term=nemecko\">www.afs.cz\/studium-v-zahranici\/<\/a><\/p>\n<p>Spojit se s n\u00e1mi m\u016f\u017ee\u0161 tak\u00e9 p\u0159es kontaktn\u00ed formul\u00e1\u0159 a my se ti ozveme do t\u0159\u00ed pracovn\u00edch dn\u00ed:\u00a0<a href=\"https:\/\/www.afs.cz\/kontaktni-formular\/?utm_source=web&amp;utm_medium=blog&amp;utm_campaign=sending_clanky&amp;utm_term=nemecko\">www.afs.cz\/kontaktni-formular\/<\/a><\/p>\n<h3 class=\"panel-wysiwyg__column-title h3\" data-name=\"title\" data-livetext=\"\"><strong>Zuzana \u010cu\u010dkov\u00e1<\/strong><\/h3>\n<div class=\"panel-wysiwyg__column-content\">\n<div class=\"context-content\" data-name=\"content\" data-livetext=\"\">\n<p>AFS koordin\u00e1torka studia v zahrani\u010d\u00ed<br \/>\nE:\u00a0<a href=\"mailto:zuzana.cuckova@afs.org\">zuzana.cuckova@afs.org<br \/>\n<\/a>M: 606 704 100<\/p>\n<\/div>\n<\/div>\n","protected":false},"excerpt":{"rendered":"<p>Bl\u00ed\u017e\u00ed se V\u00e1noce a \u010das ut\u00edk\u00e1, tak rychle, \u017ee se pomalu ocit\u00e1m u konce 1\/3 m\u00e9ho pobytu v\u00a0N\u011bmecku. Ze za\u010d\u00e1tku&hellip;<\/p>\n","protected":false},"author":351,"featured_media":15474,"comment_status":"open","ping_status":"open","sticky":false,"template":"","format":"standard","meta":{"footnotes":""},"categories":[50],"tags":[],"class_list":["post-15468","post","type-post","status-publish","format-standard","has-post-thumbnail","hentry","category-studium-v-zahranici"],"yoast_head":"<!-- This site is optimized with the Yoast SEO Premium plugin v26.6 (Yoast SEO v26.6) - https:\/\/yoast.com\/wordpress\/plugins\/seo\/ -->\n<title>Ro\u010dn\u00ed program v N\u011bmecku o\u010dima B\u011btky - \u010d\u00e1st prvn\u00ed - Mezikulturn\u00ed programy<\/title>\n<meta name=\"robots\" content=\"index, follow, max-snippet:-1, max-image-preview:large, max-video-preview:-1\" \/>\n<link rel=\"canonical\" href=\"https:\/\/www.afs.cz\/en\/2022\/07\/rocni-program-v-nemecku-ocima-betky-cast-prvni\/\" \/>\n<meta property=\"og:locale\" content=\"en_US\" \/>\n<meta property=\"og:type\" content=\"article\" \/>\n<meta property=\"og:title\" content=\"Ro\u010dn\u00ed program v N\u011bmecku o\u010dima B\u011btky - \u010d\u00e1st prvn\u00ed\" \/>\n<meta property=\"og:description\" content=\"Bl\u00ed\u017e\u00ed se V\u00e1noce a \u010das ut\u00edk\u00e1, tak rychle, \u017ee se pomalu ocit\u00e1m u konce 1\/3 m\u00e9ho pobytu v\u00a0N\u011bmecku. Ze za\u010d\u00e1tku&hellip;\" \/>\n<meta property=\"og:url\" content=\"https:\/\/www.afs.cz\/en\/2022\/07\/rocni-program-v-nemecku-ocima-betky-cast-prvni\/\" \/>\n<meta property=\"og:site_name\" content=\"Mezikulturn\u00ed programy\" \/>\n<meta property=\"article:published_time\" content=\"2022-07-29T17:38:59+00:00\" \/>\n<meta property=\"article:modified_time\" content=\"2023-02-06T11:14:09+00:00\" \/>\n<meta property=\"og:image\" content=\"https:\/\/d22dvihj4pfop3.cloudfront.net\/wp-content\/uploads\/sites\/84\/2022\/07\/29184117\/Navrh-bez-nazvu-1200x630.jpg\" \/>\n\t<meta property=\"og:image:width\" content=\"1200\" \/>\n\t<meta property=\"og:image:height\" content=\"630\" \/>\n\t<meta property=\"og:image:type\" content=\"image\/jpeg\" \/>\n<meta name=\"author\" content=\"afscesko\" \/>\n<meta name=\"twitter:card\" content=\"summary_large_image\" \/>\n<meta name=\"twitter:label1\" content=\"Written by\" \/>\n\t<meta name=\"twitter:data1\" content=\"afscesko\" \/>\n\t<meta name=\"twitter:label2\" content=\"Est. reading time\" \/>\n\t<meta name=\"twitter:data2\" content=\"7 minutes\" \/>\n<script type=\"application\/ld+json\" class=\"yoast-schema-graph\">{\"@context\":\"https:\/\/schema.org\",\"@graph\":[{\"@type\":\"WebPage\",\"@id\":\"https:\/\/www.afs.cz\/en\/2022\/07\/rocni-program-v-nemecku-ocima-betky-cast-prvni\/\",\"url\":\"https:\/\/www.afs.cz\/en\/2022\/07\/rocni-program-v-nemecku-ocima-betky-cast-prvni\/\",\"name\":\"Ro\u010dn\u00ed program v N\u011bmecku o\u010dima B\u011btky - \u010d\u00e1st prvn\u00ed - Mezikulturn\u00ed programy\",\"isPartOf\":{\"@id\":\"https:\/\/www.afs.cz\/en\/#website\"},\"primaryImageOfPage\":{\"@id\":\"https:\/\/www.afs.cz\/en\/2022\/07\/rocni-program-v-nemecku-ocima-betky-cast-prvni\/#primaryimage\"},\"image\":{\"@id\":\"https:\/\/www.afs.cz\/en\/2022\/07\/rocni-program-v-nemecku-ocima-betky-cast-prvni\/#primaryimage\"},\"thumbnailUrl\":\"https:\/\/d22dvihj4pfop3.cloudfront.net\/wp-content\/uploads\/sites\/84\/2022\/07\/29184117\/Navrh-bez-nazvu.jpg\",\"datePublished\":\"2022-07-29T17:38:59+00:00\",\"dateModified\":\"2023-02-06T11:14:09+00:00\",\"author\":{\"@id\":\"https:\/\/www.afs.cz\/en\/#\/schema\/person\/bc52da0be76098030e75baeb919827ff\"},\"breadcrumb\":{\"@id\":\"https:\/\/www.afs.cz\/en\/2022\/07\/rocni-program-v-nemecku-ocima-betky-cast-prvni\/#breadcrumb\"},\"inLanguage\":\"en-US\",\"potentialAction\":[{\"@type\":\"ReadAction\",\"target\":[\"https:\/\/www.afs.cz\/en\/2022\/07\/rocni-program-v-nemecku-ocima-betky-cast-prvni\/\"]}]},{\"@type\":\"ImageObject\",\"inLanguage\":\"en-US\",\"@id\":\"https:\/\/www.afs.cz\/en\/2022\/07\/rocni-program-v-nemecku-ocima-betky-cast-prvni\/#primaryimage\",\"url\":\"https:\/\/d22dvihj4pfop3.cloudfront.net\/wp-content\/uploads\/sites\/84\/2022\/07\/29184117\/Navrh-bez-nazvu.jpg\",\"contentUrl\":\"https:\/\/d22dvihj4pfop3.cloudfront.net\/wp-content\/uploads\/sites\/84\/2022\/07\/29184117\/Navrh-bez-nazvu.jpg\",\"width\":1920,\"height\":1080},{\"@type\":\"BreadcrumbList\",\"@id\":\"https:\/\/www.afs.cz\/en\/2022\/07\/rocni-program-v-nemecku-ocima-betky-cast-prvni\/#breadcrumb\",\"itemListElement\":[{\"@type\":\"ListItem\",\"position\":1,\"name\":\"Home\",\"item\":\"https:\/\/czechrepublic.afssite.afs.org\/en\/\"},{\"@type\":\"ListItem\",\"position\":2,\"name\":\"Ro\u010dn\u00ed program v N\u011bmecku o\u010dima B\u011btky &#8211; \u010d\u00e1st prvn\u00ed\"}]},{\"@type\":\"WebSite\",\"@id\":\"https:\/\/www.afs.cz\/en\/#website\",\"url\":\"https:\/\/www.afs.cz\/en\/\",\"name\":\"Mezikulturn\u00ed programy\",\"description\":\"Studium v zahrani\u010d\u00ed, hostitelsk\u00fd program, vzd\u011bl\u00e1vac\u00ed programy, dobrovolnictv\u00ed a mnoho dal\u0161\u00edho.\",\"potentialAction\":[{\"@type\":\"SearchAction\",\"target\":{\"@type\":\"EntryPoint\",\"urlTemplate\":\"https:\/\/www.afs.cz\/en\/?s={search_term_string}\"},\"query-input\":{\"@type\":\"PropertyValueSpecification\",\"valueRequired\":true,\"valueName\":\"search_term_string\"}}],\"inLanguage\":\"en-US\"},{\"@type\":\"Person\",\"@id\":\"https:\/\/www.afs.cz\/en\/#\/schema\/person\/bc52da0be76098030e75baeb919827ff\",\"name\":\"afscesko\",\"image\":{\"@type\":\"ImageObject\",\"inLanguage\":\"en-US\",\"@id\":\"https:\/\/www.afs.cz\/en\/#\/schema\/person\/image\/\",\"url\":\"https:\/\/secure.gravatar.com\/avatar\/eda270bfa745d003b9a210dc384a8c22e1a05bc41e5280645d3e2968a117c931?s=96&d=mm&r=g\",\"contentUrl\":\"https:\/\/secure.gravatar.com\/avatar\/eda270bfa745d003b9a210dc384a8c22e1a05bc41e5280645d3e2968a117c931?s=96&d=mm&r=g\",\"caption\":\"afscesko\"},\"url\":\"https:\/\/www.afs.cz\/en\/author\/afscesko\/\"}]}<\/script>\n<!-- \/ Yoast SEO Premium plugin. -->","yoast_head_json":{"title":"Ro\u010dn\u00ed program v N\u011bmecku o\u010dima B\u011btky - \u010d\u00e1st prvn\u00ed - Mezikulturn\u00ed programy","robots":{"index":"index","follow":"follow","max-snippet":"max-snippet:-1","max-image-preview":"max-image-preview:large","max-video-preview":"max-video-preview:-1"},"canonical":"https:\/\/www.afs.cz\/en\/2022\/07\/rocni-program-v-nemecku-ocima-betky-cast-prvni\/","og_locale":"en_US","og_type":"article","og_title":"Ro\u010dn\u00ed program v N\u011bmecku o\u010dima B\u011btky - \u010d\u00e1st prvn\u00ed","og_description":"Bl\u00ed\u017e\u00ed se V\u00e1noce a \u010das ut\u00edk\u00e1, tak rychle, \u017ee se pomalu ocit\u00e1m u konce 1\/3 m\u00e9ho pobytu v\u00a0N\u011bmecku. Ze za\u010d\u00e1tku&hellip;","og_url":"https:\/\/www.afs.cz\/en\/2022\/07\/rocni-program-v-nemecku-ocima-betky-cast-prvni\/","og_site_name":"Mezikulturn\u00ed programy","article_published_time":"2022-07-29T17:38:59+00:00","article_modified_time":"2023-02-06T11:14:09+00:00","og_image":[{"width":1200,"height":630,"url":"https:\/\/d22dvihj4pfop3.cloudfront.net\/wp-content\/uploads\/sites\/84\/2022\/07\/29184117\/Navrh-bez-nazvu-1200x630.jpg","type":"image\/jpeg"}],"author":"afscesko","twitter_card":"summary_large_image","twitter_misc":{"Written by":"afscesko","Est. reading time":"7 minutes"},"schema":{"@context":"https:\/\/schema.org","@graph":[{"@type":"WebPage","@id":"https:\/\/www.afs.cz\/en\/2022\/07\/rocni-program-v-nemecku-ocima-betky-cast-prvni\/","url":"https:\/\/www.afs.cz\/en\/2022\/07\/rocni-program-v-nemecku-ocima-betky-cast-prvni\/","name":"Ro\u010dn\u00ed program v N\u011bmecku o\u010dima B\u011btky - \u010d\u00e1st prvn\u00ed - Mezikulturn\u00ed programy","isPartOf":{"@id":"https:\/\/www.afs.cz\/en\/#website"},"primaryImageOfPage":{"@id":"https:\/\/www.afs.cz\/en\/2022\/07\/rocni-program-v-nemecku-ocima-betky-cast-prvni\/#primaryimage"},"image":{"@id":"https:\/\/www.afs.cz\/en\/2022\/07\/rocni-program-v-nemecku-ocima-betky-cast-prvni\/#primaryimage"},"thumbnailUrl":"https:\/\/d22dvihj4pfop3.cloudfront.net\/wp-content\/uploads\/sites\/84\/2022\/07\/29184117\/Navrh-bez-nazvu.jpg","datePublished":"2022-07-29T17:38:59+00:00","dateModified":"2023-02-06T11:14:09+00:00","author":{"@id":"https:\/\/www.afs.cz\/en\/#\/schema\/person\/bc52da0be76098030e75baeb919827ff"},"breadcrumb":{"@id":"https:\/\/www.afs.cz\/en\/2022\/07\/rocni-program-v-nemecku-ocima-betky-cast-prvni\/#breadcrumb"},"inLanguage":"en-US","potentialAction":[{"@type":"ReadAction","target":["https:\/\/www.afs.cz\/en\/2022\/07\/rocni-program-v-nemecku-ocima-betky-cast-prvni\/"]}]},{"@type":"ImageObject","inLanguage":"en-US","@id":"https:\/\/www.afs.cz\/en\/2022\/07\/rocni-program-v-nemecku-ocima-betky-cast-prvni\/#primaryimage","url":"https:\/\/d22dvihj4pfop3.cloudfront.net\/wp-content\/uploads\/sites\/84\/2022\/07\/29184117\/Navrh-bez-nazvu.jpg","contentUrl":"https:\/\/d22dvihj4pfop3.cloudfront.net\/wp-content\/uploads\/sites\/84\/2022\/07\/29184117\/Navrh-bez-nazvu.jpg","width":1920,"height":1080},{"@type":"BreadcrumbList","@id":"https:\/\/www.afs.cz\/en\/2022\/07\/rocni-program-v-nemecku-ocima-betky-cast-prvni\/#breadcrumb","itemListElement":[{"@type":"ListItem","position":1,"name":"Home","item":"https:\/\/czechrepublic.afssite.afs.org\/en\/"},{"@type":"ListItem","position":2,"name":"Ro\u010dn\u00ed program v N\u011bmecku o\u010dima B\u011btky &#8211; \u010d\u00e1st prvn\u00ed"}]},{"@type":"WebSite","@id":"https:\/\/www.afs.cz\/en\/#website","url":"https:\/\/www.afs.cz\/en\/","name":"Mezikulturn\u00ed programy","description":"Studium v zahrani\u010d\u00ed, hostitelsk\u00fd program, vzd\u011bl\u00e1vac\u00ed programy, dobrovolnictv\u00ed a mnoho dal\u0161\u00edho.","potentialAction":[{"@type":"SearchAction","target":{"@type":"EntryPoint","urlTemplate":"https:\/\/www.afs.cz\/en\/?s={search_term_string}"},"query-input":{"@type":"PropertyValueSpecification","valueRequired":true,"valueName":"search_term_string"}}],"inLanguage":"en-US"},{"@type":"Person","@id":"https:\/\/www.afs.cz\/en\/#\/schema\/person\/bc52da0be76098030e75baeb919827ff","name":"afscesko","image":{"@type":"ImageObject","inLanguage":"en-US","@id":"https:\/\/www.afs.cz\/en\/#\/schema\/person\/image\/","url":"https:\/\/secure.gravatar.com\/avatar\/eda270bfa745d003b9a210dc384a8c22e1a05bc41e5280645d3e2968a117c931?s=96&d=mm&r=g","contentUrl":"https:\/\/secure.gravatar.com\/avatar\/eda270bfa745d003b9a210dc384a8c22e1a05bc41e5280645d3e2968a117c931?s=96&d=mm&r=g","caption":"afscesko"},"url":"https:\/\/www.afs.cz\/en\/author\/afscesko\/"}]}},"_links":{"self":[{"href":"https:\/\/www.afs.cz\/en\/wp-json\/wp\/v2\/posts\/15468","targetHints":{"allow":["GET"]}}],"collection":[{"href":"https:\/\/www.afs.cz\/en\/wp-json\/wp\/v2\/posts"}],"about":[{"href":"https:\/\/www.afs.cz\/en\/wp-json\/wp\/v2\/types\/post"}],"author":[{"embeddable":true,"href":"https:\/\/www.afs.cz\/en\/wp-json\/wp\/v2\/users\/351"}],"replies":[{"embeddable":true,"href":"https:\/\/www.afs.cz\/en\/wp-json\/wp\/v2\/comments?post=15468"}],"version-history":[{"count":6,"href":"https:\/\/www.afs.cz\/en\/wp-json\/wp\/v2\/posts\/15468\/revisions"}],"predecessor-version":[{"id":16646,"href":"https:\/\/www.afs.cz\/en\/wp-json\/wp\/v2\/posts\/15468\/revisions\/16646"}],"wp:featuredmedia":[{"embeddable":true,"href":"https:\/\/www.afs.cz\/en\/wp-json\/wp\/v2\/media\/15474"}],"wp:attachment":[{"href":"https:\/\/www.afs.cz\/en\/wp-json\/wp\/v2\/media?parent=15468"}],"wp:term":[{"taxonomy":"category","embeddable":true,"href":"https:\/\/www.afs.cz\/en\/wp-json\/wp\/v2\/categories?post=15468"},{"taxonomy":"post_tag","embeddable":true,"href":"https:\/\/www.afs.cz\/en\/wp-json\/wp\/v2\/tags?post=15468"}],"curies":[{"name":"wp","href":"https:\/\/api.w.org\/{rel}","templated":true}]}}