{"id":14860,"date":"2022-05-19T11:49:24","date_gmt":"2022-05-19T10:49:24","guid":{"rendered":"https:\/\/czechrepublic.afssite.afs.org\/?p=14860"},"modified":"2022-05-19T11:50:38","modified_gmt":"2022-05-19T10:50:38","slug":"czech-republic-my-second-home","status":"publish","type":"post","link":"https:\/\/www.afs.cz\/en\/2022\/05\/czech-republic-my-second-home\/","title":{"rendered":"Czech Republic, my second home"},"content":{"rendered":"<p>I\u2019m Beren from Turkey. I have been living in the Czech Republic for 6 months and I will come back to Turkey on 2nd July which means I still have time to spend time with my friends and explore the Czech Republic! I remember my first day. My host mom and sister were so warm-blooded and they had made a plan to go to Germany &#8211; Legoland to have much more fun during the first meeting.<\/p>\n<p><figure class=\"wp-image-wrap\"><img loading=\"lazy\" decoding=\"async\" class=\"size-medium wp-image-14861 alignright\" src=\"https:\/\/d22dvihj4pfop3.cloudfront.net\/wp-content\/uploads\/sites\/84\/2022\/05\/19114202\/IMG_7402-450x600.jpg\" alt=\"\" width=\"450\" height=\"600\" \/><\/figure><\/p>\n<p>I want to mention our relationship with the other exchange students. Exchange students make our exchange year beautiful. If you have any problem you are talking about it with them and you see that also they have this problem, in this way you don\u2019t feel alone and start to ignore your problem which makes you strong. The other good thing about them exploring the Czech republic. Almost every weekend we try to gather, spend time together, make lots of memories and of course see new places. Even though you didn\u2019t even know them only 1 year ago, right now they are your best friend and you see them more than your normal friends in your home country! That\u2019s exactly why I wanted to make an exchange program.<\/p>\n<p>I want to share one of my memory. My host mother bought me a Czech book as a Christmas gift and it was for 5 years old kids which is suitable for my Czech level. And one day in school we had a free lesson and I started to read this book. After that one of my friends saw me and she said &#8220;Beren, yesterday I read exactly this book with my little sister who is 5 years old but you are not 5 years old and we laughed together.&#8221;<\/p>\n<p>I can\u2019t imagine what if I didn\u2019t make an exchange year. I wouldn\u2019t meet these perfect people. I&#8217;m so glad to be here. I feel like the Czech Republic is my second home country because I have a second family, lots of friends, and innumerable memories here.<\/p>\n","protected":false},"excerpt":{"rendered":"<p>I\u2019m Beren from Turkey. I have been living in the Czech Republic for 6 months and I will come back&hellip;<\/p>\n","protected":false},"author":351,"featured_media":14865,"comment_status":"open","ping_status":"open","sticky":false,"template":"","format":"standard","meta":{"footnotes":""},"categories":[49],"tags":[],"class_list":["post-14860","post","type-post","status-publish","format-standard","has-post-thumbnail","hentry","category-hostitelsky-program"],"yoast_head":"<!-- This site is optimized with the Yoast SEO Premium plugin v26.6 (Yoast SEO v26.6) - https:\/\/yoast.com\/wordpress\/plugins\/seo\/ -->\n<title>Czech Republic, my second home - Mezikulturn\u00ed programy<\/title>\n<meta name=\"robots\" content=\"index, follow, max-snippet:-1, max-image-preview:large, max-video-preview:-1\" \/>\n<link rel=\"canonical\" href=\"https:\/\/www.afs.cz\/en\/2022\/05\/czech-republic-my-second-home\/\" \/>\n<meta property=\"og:locale\" content=\"en_US\" \/>\n<meta property=\"og:type\" content=\"article\" \/>\n<meta property=\"og:title\" content=\"Czech Republic, my second home\" \/>\n<meta property=\"og:description\" content=\"I\u2019m Beren from Turkey. I have been living in the Czech Republic for 6 months and I will come back&hellip;\" \/>\n<meta property=\"og:url\" content=\"https:\/\/www.afs.cz\/en\/2022\/05\/czech-republic-my-second-home\/\" \/>\n<meta property=\"og:site_name\" content=\"Mezikulturn\u00ed programy\" \/>\n<meta property=\"article:published_time\" content=\"2022-05-19T10:49:24+00:00\" \/>\n<meta property=\"article:modified_time\" content=\"2022-05-19T10:50:38+00:00\" \/>\n<meta property=\"og:image\" content=\"https:\/\/d22dvihj4pfop3.cloudfront.net\/wp-content\/uploads\/sites\/84\/2022\/05\/19114859\/Nahledovky-Sending-zeme-1-1200x630.png\" \/>\n\t<meta property=\"og:image:width\" content=\"1200\" \/>\n\t<meta property=\"og:image:height\" content=\"630\" \/>\n\t<meta property=\"og:image:type\" content=\"image\/png\" \/>\n<meta name=\"author\" content=\"afscesko\" \/>\n<meta name=\"twitter:card\" content=\"summary_large_image\" \/>\n<meta name=\"twitter:label1\" content=\"Written by\" \/>\n\t<meta name=\"twitter:data1\" content=\"afscesko\" \/>\n\t<meta name=\"twitter:label2\" content=\"Est. reading time\" \/>\n\t<meta name=\"twitter:data2\" content=\"2 minutes\" \/>\n<script type=\"application\/ld+json\" class=\"yoast-schema-graph\">{\"@context\":\"https:\/\/schema.org\",\"@graph\":[{\"@type\":\"WebPage\",\"@id\":\"https:\/\/www.afs.cz\/en\/2022\/05\/czech-republic-my-second-home\/\",\"url\":\"https:\/\/www.afs.cz\/en\/2022\/05\/czech-republic-my-second-home\/\",\"name\":\"Czech Republic, my second home - Mezikulturn\u00ed programy\",\"isPartOf\":{\"@id\":\"https:\/\/www.afs.cz\/en\/#website\"},\"primaryImageOfPage\":{\"@id\":\"https:\/\/www.afs.cz\/en\/2022\/05\/czech-republic-my-second-home\/#primaryimage\"},\"image\":{\"@id\":\"https:\/\/www.afs.cz\/en\/2022\/05\/czech-republic-my-second-home\/#primaryimage\"},\"thumbnailUrl\":\"https:\/\/d22dvihj4pfop3.cloudfront.net\/wp-content\/uploads\/sites\/84\/2022\/05\/19114859\/Nahledovky-Sending-zeme-1.png\",\"datePublished\":\"2022-05-19T10:49:24+00:00\",\"dateModified\":\"2022-05-19T10:50:38+00:00\",\"author\":{\"@id\":\"https:\/\/www.afs.cz\/en\/#\/schema\/person\/bc52da0be76098030e75baeb919827ff\"},\"breadcrumb\":{\"@id\":\"https:\/\/www.afs.cz\/en\/2022\/05\/czech-republic-my-second-home\/#breadcrumb\"},\"inLanguage\":\"en-US\",\"potentialAction\":[{\"@type\":\"ReadAction\",\"target\":[\"https:\/\/www.afs.cz\/en\/2022\/05\/czech-republic-my-second-home\/\"]}]},{\"@type\":\"ImageObject\",\"inLanguage\":\"en-US\",\"@id\":\"https:\/\/www.afs.cz\/en\/2022\/05\/czech-republic-my-second-home\/#primaryimage\",\"url\":\"https:\/\/d22dvihj4pfop3.cloudfront.net\/wp-content\/uploads\/sites\/84\/2022\/05\/19114859\/Nahledovky-Sending-zeme-1.png\",\"contentUrl\":\"https:\/\/d22dvihj4pfop3.cloudfront.net\/wp-content\/uploads\/sites\/84\/2022\/05\/19114859\/Nahledovky-Sending-zeme-1.png\",\"width\":1200,\"height\":675},{\"@type\":\"BreadcrumbList\",\"@id\":\"https:\/\/www.afs.cz\/en\/2022\/05\/czech-republic-my-second-home\/#breadcrumb\",\"itemListElement\":[{\"@type\":\"ListItem\",\"position\":1,\"name\":\"Home\",\"item\":\"https:\/\/czechrepublic.afssite.afs.org\/en\/\"},{\"@type\":\"ListItem\",\"position\":2,\"name\":\"Czech Republic, my second home\"}]},{\"@type\":\"WebSite\",\"@id\":\"https:\/\/www.afs.cz\/en\/#website\",\"url\":\"https:\/\/www.afs.cz\/en\/\",\"name\":\"Mezikulturn\u00ed programy\",\"description\":\"Studium v zahrani\u010d\u00ed, hostitelsk\u00fd program, vzd\u011bl\u00e1vac\u00ed programy, dobrovolnictv\u00ed a mnoho dal\u0161\u00edho.\",\"potentialAction\":[{\"@type\":\"SearchAction\",\"target\":{\"@type\":\"EntryPoint\",\"urlTemplate\":\"https:\/\/www.afs.cz\/en\/?s={search_term_string}\"},\"query-input\":{\"@type\":\"PropertyValueSpecification\",\"valueRequired\":true,\"valueName\":\"search_term_string\"}}],\"inLanguage\":\"en-US\"},{\"@type\":\"Person\",\"@id\":\"https:\/\/www.afs.cz\/en\/#\/schema\/person\/bc52da0be76098030e75baeb919827ff\",\"name\":\"afscesko\",\"image\":{\"@type\":\"ImageObject\",\"inLanguage\":\"en-US\",\"@id\":\"https:\/\/www.afs.cz\/en\/#\/schema\/person\/image\/\",\"url\":\"https:\/\/secure.gravatar.com\/avatar\/eda270bfa745d003b9a210dc384a8c22e1a05bc41e5280645d3e2968a117c931?s=96&d=mm&r=g\",\"contentUrl\":\"https:\/\/secure.gravatar.com\/avatar\/eda270bfa745d003b9a210dc384a8c22e1a05bc41e5280645d3e2968a117c931?s=96&d=mm&r=g\",\"caption\":\"afscesko\"},\"url\":\"https:\/\/www.afs.cz\/en\/author\/afscesko\/\"}]}<\/script>\n<!-- \/ Yoast SEO Premium plugin. -->","yoast_head_json":{"title":"Czech Republic, my second home - Mezikulturn\u00ed programy","robots":{"index":"index","follow":"follow","max-snippet":"max-snippet:-1","max-image-preview":"max-image-preview:large","max-video-preview":"max-video-preview:-1"},"canonical":"https:\/\/www.afs.cz\/en\/2022\/05\/czech-republic-my-second-home\/","og_locale":"en_US","og_type":"article","og_title":"Czech Republic, my second home","og_description":"I\u2019m Beren from Turkey. I have been living in the Czech Republic for 6 months and I will come back&hellip;","og_url":"https:\/\/www.afs.cz\/en\/2022\/05\/czech-republic-my-second-home\/","og_site_name":"Mezikulturn\u00ed programy","article_published_time":"2022-05-19T10:49:24+00:00","article_modified_time":"2022-05-19T10:50:38+00:00","og_image":[{"width":1200,"height":630,"url":"https:\/\/d22dvihj4pfop3.cloudfront.net\/wp-content\/uploads\/sites\/84\/2022\/05\/19114859\/Nahledovky-Sending-zeme-1-1200x630.png","type":"image\/png"}],"author":"afscesko","twitter_card":"summary_large_image","twitter_misc":{"Written by":"afscesko","Est. reading time":"2 minutes"},"schema":{"@context":"https:\/\/schema.org","@graph":[{"@type":"WebPage","@id":"https:\/\/www.afs.cz\/en\/2022\/05\/czech-republic-my-second-home\/","url":"https:\/\/www.afs.cz\/en\/2022\/05\/czech-republic-my-second-home\/","name":"Czech Republic, my second home - Mezikulturn\u00ed programy","isPartOf":{"@id":"https:\/\/www.afs.cz\/en\/#website"},"primaryImageOfPage":{"@id":"https:\/\/www.afs.cz\/en\/2022\/05\/czech-republic-my-second-home\/#primaryimage"},"image":{"@id":"https:\/\/www.afs.cz\/en\/2022\/05\/czech-republic-my-second-home\/#primaryimage"},"thumbnailUrl":"https:\/\/d22dvihj4pfop3.cloudfront.net\/wp-content\/uploads\/sites\/84\/2022\/05\/19114859\/Nahledovky-Sending-zeme-1.png","datePublished":"2022-05-19T10:49:24+00:00","dateModified":"2022-05-19T10:50:38+00:00","author":{"@id":"https:\/\/www.afs.cz\/en\/#\/schema\/person\/bc52da0be76098030e75baeb919827ff"},"breadcrumb":{"@id":"https:\/\/www.afs.cz\/en\/2022\/05\/czech-republic-my-second-home\/#breadcrumb"},"inLanguage":"en-US","potentialAction":[{"@type":"ReadAction","target":["https:\/\/www.afs.cz\/en\/2022\/05\/czech-republic-my-second-home\/"]}]},{"@type":"ImageObject","inLanguage":"en-US","@id":"https:\/\/www.afs.cz\/en\/2022\/05\/czech-republic-my-second-home\/#primaryimage","url":"https:\/\/d22dvihj4pfop3.cloudfront.net\/wp-content\/uploads\/sites\/84\/2022\/05\/19114859\/Nahledovky-Sending-zeme-1.png","contentUrl":"https:\/\/d22dvihj4pfop3.cloudfront.net\/wp-content\/uploads\/sites\/84\/2022\/05\/19114859\/Nahledovky-Sending-zeme-1.png","width":1200,"height":675},{"@type":"BreadcrumbList","@id":"https:\/\/www.afs.cz\/en\/2022\/05\/czech-republic-my-second-home\/#breadcrumb","itemListElement":[{"@type":"ListItem","position":1,"name":"Home","item":"https:\/\/czechrepublic.afssite.afs.org\/en\/"},{"@type":"ListItem","position":2,"name":"Czech Republic, my second home"}]},{"@type":"WebSite","@id":"https:\/\/www.afs.cz\/en\/#website","url":"https:\/\/www.afs.cz\/en\/","name":"Mezikulturn\u00ed programy","description":"Studium v zahrani\u010d\u00ed, hostitelsk\u00fd program, vzd\u011bl\u00e1vac\u00ed programy, dobrovolnictv\u00ed a mnoho dal\u0161\u00edho.","potentialAction":[{"@type":"SearchAction","target":{"@type":"EntryPoint","urlTemplate":"https:\/\/www.afs.cz\/en\/?s={search_term_string}"},"query-input":{"@type":"PropertyValueSpecification","valueRequired":true,"valueName":"search_term_string"}}],"inLanguage":"en-US"},{"@type":"Person","@id":"https:\/\/www.afs.cz\/en\/#\/schema\/person\/bc52da0be76098030e75baeb919827ff","name":"afscesko","image":{"@type":"ImageObject","inLanguage":"en-US","@id":"https:\/\/www.afs.cz\/en\/#\/schema\/person\/image\/","url":"https:\/\/secure.gravatar.com\/avatar\/eda270bfa745d003b9a210dc384a8c22e1a05bc41e5280645d3e2968a117c931?s=96&d=mm&r=g","contentUrl":"https:\/\/secure.gravatar.com\/avatar\/eda270bfa745d003b9a210dc384a8c22e1a05bc41e5280645d3e2968a117c931?s=96&d=mm&r=g","caption":"afscesko"},"url":"https:\/\/www.afs.cz\/en\/author\/afscesko\/"}]}},"_links":{"self":[{"href":"https:\/\/www.afs.cz\/en\/wp-json\/wp\/v2\/posts\/14860","targetHints":{"allow":["GET"]}}],"collection":[{"href":"https:\/\/www.afs.cz\/en\/wp-json\/wp\/v2\/posts"}],"about":[{"href":"https:\/\/www.afs.cz\/en\/wp-json\/wp\/v2\/types\/post"}],"author":[{"embeddable":true,"href":"https:\/\/www.afs.cz\/en\/wp-json\/wp\/v2\/users\/351"}],"replies":[{"embeddable":true,"href":"https:\/\/www.afs.cz\/en\/wp-json\/wp\/v2\/comments?post=14860"}],"version-history":[{"count":3,"href":"https:\/\/www.afs.cz\/en\/wp-json\/wp\/v2\/posts\/14860\/revisions"}],"predecessor-version":[{"id":14869,"href":"https:\/\/www.afs.cz\/en\/wp-json\/wp\/v2\/posts\/14860\/revisions\/14869"}],"wp:featuredmedia":[{"embeddable":true,"href":"https:\/\/www.afs.cz\/en\/wp-json\/wp\/v2\/media\/14865"}],"wp:attachment":[{"href":"https:\/\/www.afs.cz\/en\/wp-json\/wp\/v2\/media?parent=14860"}],"wp:term":[{"taxonomy":"category","embeddable":true,"href":"https:\/\/www.afs.cz\/en\/wp-json\/wp\/v2\/categories?post=14860"},{"taxonomy":"post_tag","embeddable":true,"href":"https:\/\/www.afs.cz\/en\/wp-json\/wp\/v2\/tags?post=14860"}],"curies":[{"name":"wp","href":"https:\/\/api.w.org\/{rel}","templated":true}]}}