{"id":14425,"date":"2022-04-08T12:16:35","date_gmt":"2022-04-08T11:16:35","guid":{"rendered":"https:\/\/czechrepublic.afssite.afs.org\/?p=14425"},"modified":"2023-02-24T21:22:55","modified_gmt":"2023-02-24T20:22:55","slug":"nas-rok-s-amarnem-z-thajska","status":"publish","type":"post","link":"https:\/\/www.afs.cz\/en\/2022\/04\/nas-rok-s-amarnem-z-thajska\/","title":{"rendered":"N\u00e1\u0161 rok s Amarnem z Thajska"},"content":{"rendered":"<p>Amarn k n\u00e1m p\u0159ilet\u011bl jednoho mlhav\u00e9ho studen\u00e9ho dne koncem \u00fanora 2021. Ji\u017e jsme si kr\u00e1tce psali p\u0159es messenger pot\u00e9, co jsem si ho vyhledala na FB. Dnes s vnit\u0159n\u00edm \u00fasm\u011bvem vzpom\u00edn\u00e1m, jak jsme si intenzivn\u011b dopisovali p\u0159i jeho p\u0159\u00edletu. J\u00e1 mu popisovala, kolik n\u00e1s je a co m\u00e1me na sob\u011b, on mi psal t\u00e9\u017e co m\u00e1 na sob\u011b, proto\u017ee jsme m\u011bli strach, \u017ee se v t\u00e9 velk\u00e9 leti\u0161tn\u00ed hale pln\u00e9 lid\u00ed nenajdeme. V\u017edy\u0165 jsme se je\u0161t\u011b nikdy nevid\u011bli! Cel\u00e9 rychl\u00e9 a nerv\u00f3zn\u00ed psan\u00ed zpr\u00e1v b\u011bhem j\u00edzdy autem a rychl\u00e9 ch\u016fze bylo jen proto, abychom p\u0159i samotn\u00e9m vstupu do p\u0159\u00edletov\u00e9 haly uvid\u011bli jedinou dvojici stoj\u00edc\u00ed uprost\u0159ed velk\u00e9ho prostoru \u2013 Amarna a koordin\u00e1torku AFS Terezu Pech\u00e1\u010dkovou. V dob\u011b nejtu\u017e\u0161\u00edch proticovidov\u00fdch omezen\u00ed to bylo logick\u00e9, ale p\u0159edt\u00edm mn\u011b to nedo\u0161lo.<\/p>\n<p>Po kr\u00e1tk\u00e9m rozhovoru a p\u0159ed\u00e1n\u00ed pap\u00edr\u016f a informac\u00ed jsme vy\u0161li ven a Amarn \u0161okovan\u011b vydechl: \u201eSo cold!\u201c V\u0161ude le\u017eely \u0161pinav\u00e9 zbytky sn\u011bhov\u00fdch hrom\u00e1dek a teplota byla okolo 2 stup\u0148\u016f nad nulou. On m\u011bl na sob\u011b triko s\u00a0kr\u00e1tk\u00fdm ruk\u00e1vem a del\u0161\u00ed mikinu z\u00a0tepl\u00e1koviny, kterou naz\u00fdval \u201ecoat\u201c. Poprv\u00e9 v\u00a0\u017eivot\u011b tv\u00e1\u0159\u00ed v\u00a0tv\u00e1\u0159 takov\u00e9mu chladu, proto\u017ee v\u00a0Thajsku jsou pr\u016fm\u011brn\u00e9 teploty asi o 25 stup\u0148\u016f v\u00fd\u0161.<\/p>\n<p><figure class=\"wp-image-wrap\"><img loading=\"lazy\" decoding=\"async\" class=\"size-medium wp-image-14430 alignright\" src=\"https:\/\/d22dvihj4pfop3.cloudfront.net\/wp-content\/uploads\/sites\/84\/2022\/04\/08121535\/IMG-20220228-WA0010-450x600.jpg\" alt=\"\" width=\"450\" height=\"600\" \/><\/figure><\/p>\n<p>Po na\u0161em p\u0159\u00edchodu dom\u016f se sezn\u00e1mil se sv\u00fdmi \u201ehostbratry\u201c a zasedli jsme k slavnostn\u00edmu ob\u011bdu, kter\u00fd byl korunov\u00e1n \u010dokol\u00e1dov\u00fdm dortem. Zp\u011btn\u011b je mi jasn\u00e9, \u017ee si tu slavnostn\u00ed chv\u00edli asi moc nevychutnal, proto\u017ee j\u00eddlo bylo komplet divn\u00e9 a jin\u00e9, ne\u017e na co byl zvykl\u00fd. Zp\u016fsob pod\u00e1v\u00e1n\u00ed j\u00eddla \u2013vlastn\u00ed porce na tal\u00ed\u0159i \u2013 tak\u00e9 divn\u00e9, a dokonce i na na\u0161e zdvo\u0159ilostn\u00ed dotazy v\u00a0angli\u010dtin\u011b jen nejist\u011b p\u0159ikyvoval. To n\u00e1m taky chvilku trvalo, ne\u017e jsme se v\u00a0AJ \u201esladili\u201c. M\u00e1m pocit, \u017ee jsme si zpo\u010d\u00e1tku nerozum\u011bli, p\u0159esto\u017ee jsme anglicky mluvili. P\u0159\u00edzvuk, dikce\u2026 Nev\u00edm. Ale chv\u00edli to trvalo.<\/p>\n<p>Amarn dostal sv\u016fj pokoj, ve kter\u00e9m byl \u010dasto a r\u00e1d zav\u0159en\u00fd. Nebyl to sangvinik, kter\u00fd by pot\u0159eboval neust\u00e1l\u00fd kontakt s\u00a0okol\u00edm. Zpo\u010d\u00e1tku jsem to p\u0159ikl\u00e1dala ob\u0159\u00ed zm\u011bn\u011b prost\u0159ed\u00ed a v\u0161eho, ale pak jsem pochopila, \u017ee je to introvert, kter\u00fd m\u00e1 r\u00e1d sv\u016fj klid a sv\u00e9 soukrom\u00ed. Amarn se od za\u010d\u00e1tku intenzivn\u011b u\u010dil \u010de\u0161tinu \u00a0ze sv\u00e9 u\u010debnice a \u010dasto m\u011b zasko\u010dil dotazy, kter\u00e9 se t\u00fdkaly gramatiky. Je moc chytr\u00fd a inteligentn\u00ed kluk, kter\u00fd v\u011bt\u0161inu v\u011bc\u00ed pochopil, domyslel si nebo si to na\u0161el. Na m\u011b v\u017edy vyrukoval s\u00a0dotazy typu \u201eJak\u00fd je 5. p\u00e1d od slova nete\u0159, podle \u010deho a jak se to sklo\u0148uje a pro\u010d je to jin\u00e9 ne\u017e cosi jin\u00e9ho v\u00a0\u017eensk\u00e9m rod\u011b?\u201c Tak\u017ee jsem v\u011bt\u0161inou n\u011bco blekotala, sna\u017eila se vysv\u011btlit, \u017ee se t\u00edm nemus\u00ed zaob\u00edrat, proto\u017ee oslovov\u00e1n\u00ed a vol\u00e1n\u00ed Nete\u0159i! Jsem je\u0161t\u011b v\u00a0\u017eivot\u011b nepou\u017eila a p\u0159ipadala si jako pako, kter\u00e9 neum\u00ed \u010desky. Byl zpo\u010d\u00e1tku \u0161okov\u00e1n mno\u017estv\u00edm podob k\u0159estn\u00edch jmen. Ptala jsem se ho, jestli mu m\u016f\u017eeme \u0159\u00edkal n\u011bjak dom\u00e1cky. Pro n\u00e1s je to osobn\u011bj\u0161\u00ed, mazliv\u011bj\u0161\u00ed, v\u00edce d\u016fv\u011brn\u00e9. Odpov\u011bd\u011bl, \u017ee je prost\u011b Amarn. Kdy\u017e se mu p\u0159edstavil syn Honza a pak sly\u0161el: Honz\u00edku, Jen\u00edku, Jen\u00ed\u010dku, Jendo, Jan\u00edku (od babi\u010dek), Honzi, Honz\u00ed\u010dku nebo Honz\u00e1ne, Honzou\u0161i (kdy\u017e m\u011b na\u0161tve), byl zcela konsternov\u00e1n, \u017ee to v\u0161e pat\u0159\u00ed k\u00a0jednomu \u010dlov\u011bku. A to m\u00e1me doma je\u0161t\u011b dal\u0161\u00ed 3 kluky s\u00a0kr\u00e1sn\u00fdmi \u010desk\u00fdmi jm\u00e9ny!<\/p>\n<p>Za\u010d\u00e1tek jeho pobytu, co\u017e byl konec \u00fanora a za\u010d\u00e1tek b\u0159ezna, jsme tr\u00e1vili v\u011bt\u0161inou zav\u0159en\u00ed doma nebo na kr\u00e1tk\u00e9 proch\u00e1zce po okoln\u00edch ulic\u00edch s\u00a0respir\u00e1tory nebo dv\u011bma rou\u0161kami na obli\u010deji. Asi po t\u00fddnu jsem vyslala nejstar\u0161\u00edho syna s\u00a0Amarnem do Prahy, \u010d\u00edm\u017e jsme tenkr\u00e1t poru\u0161ili n\u011bjak\u00fd z\u00e1kaz, proto\u017ee se kv\u016fli covidu nesm\u011blo cestovat mezi okresy. Amarn byl z\u00a0v\u00fdletu mo\u017en\u00e1 a\u017e \u201epaf\u201c, proto\u017ee podle syna \u0161el celou dobu n\u011bkolik krok\u016f za n\u00edm a neust\u00e1le si n\u011bco mumlal. Tuto jeho vlastnost jsem pochopila tak\u00e9 \u010dasem \u2013 \u0159\u00edkal si slova z\u00a0n\u00e1pis\u016f a cedul\u00ed pro sebe a t\u00edm se u\u010dil \u010de\u0161tinu.<\/p>\n<p><figure class=\"wp-image-wrap\"><img loading=\"lazy\" decoding=\"async\" class=\"size-medium wp-image-14432 alignright\" src=\"https:\/\/d22dvihj4pfop3.cloudfront.net\/wp-content\/uploads\/sites\/84\/2022\/04\/08121555\/IMG-20220228-WA0029-1-450x600.jpg\" alt=\"\" width=\"450\" height=\"600\" \/><\/figure><\/p>\n<p>V\u00a0za\u010d\u00e1tku jsme nav\u0161t\u00edvili okol\u00ed Lev\u00e9ho Hradce, nejstar\u0161\u00edho k\u0159es\u0165ansk\u00e9ho kostela v\u00a0\u010cech\u00e1ch, kter\u00fd je v\u00a0na\u0161em m\u011bst\u011b. Jeli jsme na Karl\u0161tejn, kter\u00fd byl samoz\u0159ejm\u011b uzav\u0159en, a ud\u011blali proch\u00e1zku v\u00a0podhrad\u00ed. Tak\u00e9 jsme jezdili na kolech po okol\u00ed, proto\u017ee nic jin\u00e9ho tehdy ne\u0161lo. Restaurace, hrady, z\u00e1mky, muzea, v\u0161e bylo zav\u0159eno. Z\u00a0vyj\u00ed\u017ed\u011bk na kole byl Amarn opravdu nad\u0161en\u00fd. Moc ho to bavilo a \u0159\u00edkal, \u017ee u nich to kv\u016fli teplot\u00e1m nen\u00ed mo\u017en\u00e9. Tak\u00e9 dodnes vid\u00edm jeho zd\u011b\u0161en\u00fd pohled na vlastn\u00ed ruce po jedn\u00e9 b\u0159eznov\u00e9 cyklovyj\u00ed\u017e\u010fce, kter\u00e9 byly chladem \u010derven\u00e9 a zk\u0159ehl\u00e9. To se mu taky v\u00a0Thajsku nest\u00e1v\u00e1, aby m\u011bl rud\u00e9 prsty od chladu. A co teprve p\u00e1ra od \u00fast! To bylo n\u011bco! Vydr\u017eel st\u00e1t dlouh\u00e9 minuty a obdivoval, jak vydechuje p\u00e1ru.<\/p>\n<p>Za jeho pobyt jsme nav\u0161t\u00edvili docela dost zaj\u00edmav\u00fdch m\u00edst, i kdy\u017e bych mu r\u00e1da uk\u00e1zala v\u0161e (i m\u00edsta, kter\u00e1 jsem sama je\u0161t\u011b nestihla nav\u0161t\u00edvit), ale to se prost\u011b za 9 m\u011bs\u00edc\u016f nedalo stihnout. Spole\u010dn\u011b jsme byli na Bud\u010di, na Oko\u0159i, ve Veltrusech, v\u00a0Brn\u011b, na Vset\u00edn\u011b, v\u00a0Ro\u017enov\u011b pod Radho\u0161t\u011bm, na hrad\u011b Veve\u0159\u00ed, na parn\u00edku po Brn\u011bnsk\u00e9 p\u0159ehrad\u011b, v\u00a0Kralupech, na mnoha m\u00edstech v\u00a0Praze.<\/p>\n<p><figure class=\"wp-image-wrap\"><img loading=\"lazy\" decoding=\"async\" class=\"size-medium wp-image-14428 alignleft\" src=\"https:\/\/d22dvihj4pfop3.cloudfront.net\/wp-content\/uploads\/sites\/84\/2022\/04\/08121510\/IMG_20210402_135915-2-1-600x488.jpg\" alt=\"\" width=\"600\" height=\"488\" \/><\/figure><\/p>\n<p>Za\u017eil tu Velikonoce, kdy jsem mu vnutila do ruky poml\u00e1zku a vysv\u011btlovala, \u017ee m\u011b t\u00edm m\u00e1 b\u00edt, ale bylo mu to cel\u00e9 stra\u0161n\u011b divn\u00e9. Za\u017eil n\u011bkolik rodinn\u00fdch setk\u00e1n\u00ed v\u010detn\u011b 80. narozenin m\u00e9 maminky. Byli jsme v\u00a0Jump parku, pou\u0161t\u011bli draky, grilovali, chodili na proch\u00e1zky, nav\u0161t\u011bvovali se s\u00a0p\u0159\u00e1teli, slavili, \u0159\u00e1dili na r\u016fzn\u00fdch h\u0159i\u0161t\u00edch. Amarn psal s\u00a0\u0161estilet\u00fdm synem \u00fakoly z\u00a0\u010de\u0161tiny, \u010detl ob\u010das kluk\u016fm p\u0159ed span\u00edm, stav\u011bl si s\u00a0nimi z lega a oni ho za to chodili \u201eotravovat\u201c do jeho pokoje. Hl\u00e1\u0161ka \u201eJdu za Amarnem\u201c p\u0159es\u00e1hla i Amarnovu p\u0159\u00edtomnost a kluci je\u0161t\u011b n\u011bjakou dobu chodili do pr\u00e1zdn\u00e9ho pokoje n\u011bco kutit s\u00a0t\u00edm, \u017ee \u201ejsou u Amarna\u201c. Za\u017eil tu hudebn\u00ed festival, slavnosti v\u00a0Praze, pozval si dom\u016f AFS kamar\u00e1dky z\u00a0Thajska, \u201enejku\u201c k\u00e1mo\u0161ku z\u00a0Hondurasu i byl u AFS kamar\u00e1dky z\u00a0Chile v\u00a0Opav\u011b. Absolvoval n\u011bkolik AFS setk\u00e1n\u00ed, v\u00fdlet\u016f i t\u00e1bor. S\u00a0kamar\u00e1dy ze \u0161koly p\u0159esp\u00e1vali u jedn\u00e9 spolu\u017ea\u010dky ve spac\u00e1c\u00edch na podlaze novostavby. S\u00a0kolektivem z\u00a0gymplu jeli na kolech z\u00a0Prahy na Oko\u0159, byli na Karl\u0161tejn\u011b, setk\u00e1vali se ve Stromovce, aby si zahr\u00e1li badminton.<\/p>\n<p>Dost m\u00edst jsme nav\u0161t\u00edvili spolu, ale hodn\u011b cestov\u00e1n\u00ed si Amarn za\u0159\u00eddil s\u00e1m, za co\u017e m\u00e1 dosud m\u016fj hlubok\u00fd obdiv. Jakmile to \u0161lo, zcela samostatn\u011b za\u010dal jezdit do sv\u00e9 \u0161koly \u2013 gymn\u00e1zia v\u00a0centru Prahy. Poprv\u00e9 s\u00a0n\u00edm ke \u0161kole zajel nejstar\u0161\u00ed syn hromadnou dopravou, aby mu uk\u00e1zal cestu. Pak u\u017e v\u0161e zvl\u00e1dal s\u00e1m a nikdy se nikde neztratil. Jezdil si po Praze, pou\u017e\u00edval vlak, autobus, d\u00e1lkov\u00fd autobus (to pak na sv\u00e9 v\u00fdlety) a v\u017edy v\u0161e v\u00a0pohod\u011b. Koupili jsme mu L\u00edta\u010dku na Prahu a okol\u00ed, ale velmi brzy se zorientoval v\u00a0j\u00edzdn\u00edch \u0159\u00e1dech na idos.cz i na str\u00e1nk\u00e1ch Flixbusu nebo RegioJetu a byl schopen si v\u0161e komplet zajistit.<\/p>\n<p>S\u00e1m nebo s\u00a0kamar\u00e1dy z\u00a0AFS tedy vyrazil do \u010cesk\u00e9ho Krumlova, Olomouce, Opavy, do Karlov\u00fdch Var\u016f, do Berl\u00edna \u010di si zalet\u011bl do Mil\u00e1na. Byl velmi vd\u011b\u010dn\u00fd, \u017ee mu samostatn\u00e9 cesty umo\u017en\u00edme. Dle jeho slov tu mo\u017enost \u0159ada jeho kamar\u00e1d\u016f z\u00a0AFS nem\u011blo, proto\u017ee se o n\u011b jejich hostitelsk\u00e9 rodiny b\u00e1ly. Jednak m\u00e1m syna v\u00a0Amarnov\u011b v\u011bku a v\u00edm, \u017ee je samostatn\u00fd a zodpov\u011bdn\u00fd a druhak jsem m\u011bla na mysli moudr\u00e1 slova pan\u00ed B\u011blohl\u00e1vkov\u00e9, m\u00e9 kontaktn\u00ed osoby, kter\u00e1 mi \u0159ekla p\u0159i na\u0161\u00ed prvn\u00ed sch\u016fzce: \u201eKdy\u017e jim jejich skute\u010dn\u00ed rodi\u010de v\u011b\u0159\u00ed natolik, \u017ee je pust\u00ed na druh\u00fd konec sv\u011bta, nen\u00ed t\u0159eba se o n\u011b b\u00e1t kv\u016fli cest\u011b do vedlej\u0161\u00edho m\u011bsta.\u201c\u00a0 Ob\u010das jsem se b\u00e1la, ale pos\u00edlal mi v\u017edy adresu a pr\u016fb\u011b\u017en\u00e9 fotky, jak se m\u00e1.<\/p>\n<p>Pobyt thajsk\u00e9ho kluka u n\u00e1s n\u00e1m dal i to, \u017ee jsme si za\u010dali v\u00edce zji\u0161\u0165ovat o jeho zemi. V p\u0159edstav\u00e1ch \u010cech\u016f je pov\u011bt\u0161inou Thajsko \u00fa\u017easn\u00e1 dovolenkov\u00e1 zem\u011b pln\u00e1 pl\u00e1\u017e\u00ed, mo\u0159sk\u00fdch vln a skv\u011bl\u00e9ho j\u00eddla i jin\u00fdch slast\u00ed. D\u00edky Amarnovi jsme zjistili, \u017ee maj\u00ed kr\u00e1le, kter\u00e9ho v\u011bt\u0161ina Thajc\u016f nem\u00e1 r\u00e1da, \u017ee tam d\u011bti nesn\u00e1\u0161\u00ed Skaut, proto\u017ee je to organizace, v n\u00ed\u017e \u00fa\u010dast je pro absolvov\u00e1n\u00ed \u0161koly povinn\u00e1. \u017de se d\u011bti stra\u0161n\u011b u\u010d\u00ed a tr\u00e1v\u00ed ve \u0161kole v\u011bt\u0161inu \u010dasu. Zjistili jsme, \u017ee je Thajsko nesm\u00edrn\u011b velk\u00e9 a r\u016fznorod\u00e9. \u017de tam nefunguje hromadn\u00e1 doprava ani kontroly nad pouli\u010dn\u00edm prodejem j\u00eddla a haldu dal\u0161\u00edch zaj\u00edmav\u00fdch v\u011bc\u00ed. Ka\u017edop\u00e1dn\u011b je to velmi mil\u00fd n\u00e1rod s \u00fachvatnou kulturou a stra\u0161n\u011b r\u00e1da bych se tam n\u011bkdy pod\u00edvala. N\u00e1v\u0161t\u011bva studenta z jin\u00e9 zem\u011b nesporn\u011b bour\u00e1 stereotypn\u00ed pov\u0161echn\u00e9 p\u0159edstavy o n\u011bjak\u00e9 zemi nebo n\u00e1rodu.<\/p>\n<p>Amarnova dev\u00edtim\u011bs\u00ed\u010dn\u00ed n\u00e1v\u0161t\u011bva z\u016fstane v na\u0161ich hlav\u00e1ch i srdc\u00edch u\u017e nav\u017edy a d\u011bkuji AFS za tuto zku\u0161enost!<\/p>\n<p>&#8211; napsala Ladislava Jakobov\u00e1, hostitelsk\u00e1 maminka<\/p>\n<hr \/>\n<h3><strong>P\u0159iv\u00edtejte sv\u011bt u v\u00e1s doma<\/strong><\/h3>\n<p>Ho\u0161t\u011bn\u00ed AFS zahrani\u010dn\u00edho studenta je z\u00e1\u017eitek, kter\u00fd s sebou p\u0159in\u00e1\u0161\u00ed zku\u0161enosti a nadhled pot\u0159ebn\u00e9 pro sou\u010dasn\u00fd sv\u011bt. Je to z\u00e1\u017eitek pro celou rodinu, kter\u00fd napom\u00e1h\u00e1 nejenom v rozvoji komunikace a empatie, ale tak\u00e9 je to skv\u011bl\u00e1 mo\u017enost, jak si prohloubit znalosti o ciz\u00ed kultu\u0159e a osvojit si z\u00e1klady nov\u00e9ho jazyka.<\/p>\n<p>Pokud i v\u00e1s l\u00e1k\u00e1 my\u0161lenka nov\u00e9ho \u010dlena rodiny, nev\u00e1hejte a kontaktujte na\u0161i koordin\u00e1torku Lucii. V\u00edce informac\u00ed o AFS hostitelsk\u00e9m programu a konkr\u00e9tn\u00ed medailonky student\u016f, kte\u0159\u00ed se v leto\u0161n\u00edm roce chystaj\u00ed do \u010cesk\u00e9 republiky, naleznete zde:\u00a0<a href=\"https:\/\/www.afs.cz\/hostitelsky-program\/?utm_source=web&amp;utm_medium=blog&amp;utm_campaign=HF_clanky&amp;utm_term=jakobovi\" target=\"_blank\" rel=\"nofollow noopener\">www.afs.cz\/hostitelsky-program\/<\/a><\/p>\n<p>Spojit se s n\u00e1mi m\u016f\u017eete tak\u00e9 p\u0159es kontaktn\u00ed formul\u00e1\u0159 a my se v\u00e1m ozveme do t\u0159\u00ed pracovn\u00edch dn\u00ed:\u00a0<a href=\"https:\/\/www.afs.cz\/hostitelsky-program\/kontaktni-formular-pro-hostitelske-rodiny\/?utm_source=web&amp;utm_medium=blog&amp;utm_campaign=HF_clanky&amp;utm_term=jakobovi\">www.afs.cz\/kontaktni-formular-pro-hostitelske-rodiny\/<\/a><\/p>\n<h3 class=\"panel-wysiwyg__column-title h3\" data-name=\"title\" data-livetext=\"\"><strong>Lucie Ber\u00e1nkov\u00e1<\/strong><\/h3>\n<div class=\"panel-wysiwyg__column-content\">\n<div class=\"context-content\" data-name=\"content\" data-livetext=\"\">\n<p>AFS koordin\u00e1torka hostitelsk\u00e9ho programu<br \/>\nE:\u00a0<a href=\"mailto:lucie.berankova@afs.org\">lucie.berankova@afs.org<br \/>\n<\/a>M: 602 334 427<\/p>\n<\/div>\n<\/div>\n","protected":false},"excerpt":{"rendered":"<p>Amarn k n\u00e1m p\u0159ilet\u011bl jednoho mlhav\u00e9ho studen\u00e9ho dne koncem \u00fanora 2021. Ji\u017e jsme si kr\u00e1tce psali p\u0159es messenger pot\u00e9, co&hellip;<\/p>\n","protected":false},"author":351,"featured_media":14426,"comment_status":"open","ping_status":"open","sticky":false,"template":"","format":"standard","meta":{"footnotes":""},"categories":[49,150],"tags":[],"class_list":["post-14425","post","type-post","status-publish","format-standard","has-post-thumbnail","hentry","category-hostitelsky-program","category-pribehy-hostitelskych-rodin"],"yoast_head":"<!-- This site is optimized with the Yoast SEO Premium plugin v26.6 (Yoast SEO v26.6) - https:\/\/yoast.com\/wordpress\/plugins\/seo\/ -->\n<title>N\u00e1\u0161 rok s Amarnem z Thajska - Mezikulturn\u00ed programy<\/title>\n<meta name=\"robots\" content=\"index, follow, max-snippet:-1, max-image-preview:large, max-video-preview:-1\" \/>\n<link rel=\"canonical\" href=\"https:\/\/www.afs.cz\/en\/2022\/04\/nas-rok-s-amarnem-z-thajska\/\" \/>\n<meta property=\"og:locale\" content=\"en_US\" \/>\n<meta property=\"og:type\" content=\"article\" \/>\n<meta property=\"og:title\" content=\"N\u00e1\u0161 rok s Amarnem z Thajska\" \/>\n<meta property=\"og:description\" content=\"Amarn k n\u00e1m p\u0159ilet\u011bl jednoho mlhav\u00e9ho studen\u00e9ho dne koncem \u00fanora 2021. Ji\u017e jsme si kr\u00e1tce psali p\u0159es messenger pot\u00e9, co&hellip;\" \/>\n<meta property=\"og:url\" content=\"https:\/\/www.afs.cz\/en\/2022\/04\/nas-rok-s-amarnem-z-thajska\/\" \/>\n<meta property=\"og:site_name\" content=\"Mezikulturn\u00ed programy\" \/>\n<meta property=\"article:published_time\" content=\"2022-04-08T11:16:35+00:00\" \/>\n<meta property=\"article:modified_time\" content=\"2023-02-24T20:22:55+00:00\" \/>\n<meta property=\"og:image\" content=\"https:\/\/d22dvihj4pfop3.cloudfront.net\/wp-content\/uploads\/sites\/84\/2022\/04\/08121443\/IMG-20220228-WA0021-1200x630.jpg\" \/>\n\t<meta property=\"og:image:width\" content=\"1200\" \/>\n\t<meta property=\"og:image:height\" content=\"630\" \/>\n\t<meta property=\"og:image:type\" content=\"image\/jpeg\" \/>\n<meta name=\"author\" content=\"afscesko\" \/>\n<meta name=\"twitter:card\" content=\"summary_large_image\" \/>\n<meta name=\"twitter:label1\" content=\"Written by\" \/>\n\t<meta name=\"twitter:data1\" content=\"afscesko\" \/>\n\t<meta name=\"twitter:label2\" content=\"Est. reading time\" \/>\n\t<meta name=\"twitter:data2\" content=\"10 minutes\" \/>\n<script type=\"application\/ld+json\" class=\"yoast-schema-graph\">{\"@context\":\"https:\/\/schema.org\",\"@graph\":[{\"@type\":\"WebPage\",\"@id\":\"https:\/\/www.afs.cz\/en\/2022\/04\/nas-rok-s-amarnem-z-thajska\/\",\"url\":\"https:\/\/www.afs.cz\/en\/2022\/04\/nas-rok-s-amarnem-z-thajska\/\",\"name\":\"N\u00e1\u0161 rok s Amarnem z Thajska - Mezikulturn\u00ed programy\",\"isPartOf\":{\"@id\":\"https:\/\/www.afs.cz\/en\/#website\"},\"primaryImageOfPage\":{\"@id\":\"https:\/\/www.afs.cz\/en\/2022\/04\/nas-rok-s-amarnem-z-thajska\/#primaryimage\"},\"image\":{\"@id\":\"https:\/\/www.afs.cz\/en\/2022\/04\/nas-rok-s-amarnem-z-thajska\/#primaryimage\"},\"thumbnailUrl\":\"https:\/\/d22dvihj4pfop3.cloudfront.net\/wp-content\/uploads\/sites\/84\/2022\/04\/08121443\/IMG-20220228-WA0021.jpg\",\"datePublished\":\"2022-04-08T11:16:35+00:00\",\"dateModified\":\"2023-02-24T20:22:55+00:00\",\"author\":{\"@id\":\"https:\/\/www.afs.cz\/en\/#\/schema\/person\/bc52da0be76098030e75baeb919827ff\"},\"breadcrumb\":{\"@id\":\"https:\/\/www.afs.cz\/en\/2022\/04\/nas-rok-s-amarnem-z-thajska\/#breadcrumb\"},\"inLanguage\":\"en-US\",\"potentialAction\":[{\"@type\":\"ReadAction\",\"target\":[\"https:\/\/www.afs.cz\/en\/2022\/04\/nas-rok-s-amarnem-z-thajska\/\"]}]},{\"@type\":\"ImageObject\",\"inLanguage\":\"en-US\",\"@id\":\"https:\/\/www.afs.cz\/en\/2022\/04\/nas-rok-s-amarnem-z-thajska\/#primaryimage\",\"url\":\"https:\/\/d22dvihj4pfop3.cloudfront.net\/wp-content\/uploads\/sites\/84\/2022\/04\/08121443\/IMG-20220228-WA0021.jpg\",\"contentUrl\":\"https:\/\/d22dvihj4pfop3.cloudfront.net\/wp-content\/uploads\/sites\/84\/2022\/04\/08121443\/IMG-20220228-WA0021.jpg\",\"width\":2048,\"height\":1536},{\"@type\":\"BreadcrumbList\",\"@id\":\"https:\/\/www.afs.cz\/en\/2022\/04\/nas-rok-s-amarnem-z-thajska\/#breadcrumb\",\"itemListElement\":[{\"@type\":\"ListItem\",\"position\":1,\"name\":\"Home\",\"item\":\"https:\/\/czechrepublic.afssite.afs.org\/en\/\"},{\"@type\":\"ListItem\",\"position\":2,\"name\":\"N\u00e1\u0161 rok s Amarnem z Thajska\"}]},{\"@type\":\"WebSite\",\"@id\":\"https:\/\/www.afs.cz\/en\/#website\",\"url\":\"https:\/\/www.afs.cz\/en\/\",\"name\":\"Mezikulturn\u00ed programy\",\"description\":\"Studium v zahrani\u010d\u00ed, hostitelsk\u00fd program, vzd\u011bl\u00e1vac\u00ed programy, dobrovolnictv\u00ed a mnoho dal\u0161\u00edho.\",\"potentialAction\":[{\"@type\":\"SearchAction\",\"target\":{\"@type\":\"EntryPoint\",\"urlTemplate\":\"https:\/\/www.afs.cz\/en\/?s={search_term_string}\"},\"query-input\":{\"@type\":\"PropertyValueSpecification\",\"valueRequired\":true,\"valueName\":\"search_term_string\"}}],\"inLanguage\":\"en-US\"},{\"@type\":\"Person\",\"@id\":\"https:\/\/www.afs.cz\/en\/#\/schema\/person\/bc52da0be76098030e75baeb919827ff\",\"name\":\"afscesko\",\"image\":{\"@type\":\"ImageObject\",\"inLanguage\":\"en-US\",\"@id\":\"https:\/\/www.afs.cz\/en\/#\/schema\/person\/image\/\",\"url\":\"https:\/\/secure.gravatar.com\/avatar\/eda270bfa745d003b9a210dc384a8c22e1a05bc41e5280645d3e2968a117c931?s=96&d=mm&r=g\",\"contentUrl\":\"https:\/\/secure.gravatar.com\/avatar\/eda270bfa745d003b9a210dc384a8c22e1a05bc41e5280645d3e2968a117c931?s=96&d=mm&r=g\",\"caption\":\"afscesko\"},\"url\":\"https:\/\/www.afs.cz\/en\/author\/afscesko\/\"}]}<\/script>\n<!-- \/ Yoast SEO Premium plugin. -->","yoast_head_json":{"title":"N\u00e1\u0161 rok s Amarnem z Thajska - Mezikulturn\u00ed programy","robots":{"index":"index","follow":"follow","max-snippet":"max-snippet:-1","max-image-preview":"max-image-preview:large","max-video-preview":"max-video-preview:-1"},"canonical":"https:\/\/www.afs.cz\/en\/2022\/04\/nas-rok-s-amarnem-z-thajska\/","og_locale":"en_US","og_type":"article","og_title":"N\u00e1\u0161 rok s Amarnem z Thajska","og_description":"Amarn k n\u00e1m p\u0159ilet\u011bl jednoho mlhav\u00e9ho studen\u00e9ho dne koncem \u00fanora 2021. Ji\u017e jsme si kr\u00e1tce psali p\u0159es messenger pot\u00e9, co&hellip;","og_url":"https:\/\/www.afs.cz\/en\/2022\/04\/nas-rok-s-amarnem-z-thajska\/","og_site_name":"Mezikulturn\u00ed programy","article_published_time":"2022-04-08T11:16:35+00:00","article_modified_time":"2023-02-24T20:22:55+00:00","og_image":[{"width":1200,"height":630,"url":"https:\/\/d22dvihj4pfop3.cloudfront.net\/wp-content\/uploads\/sites\/84\/2022\/04\/08121443\/IMG-20220228-WA0021-1200x630.jpg","type":"image\/jpeg"}],"author":"afscesko","twitter_card":"summary_large_image","twitter_misc":{"Written by":"afscesko","Est. reading time":"10 minutes"},"schema":{"@context":"https:\/\/schema.org","@graph":[{"@type":"WebPage","@id":"https:\/\/www.afs.cz\/en\/2022\/04\/nas-rok-s-amarnem-z-thajska\/","url":"https:\/\/www.afs.cz\/en\/2022\/04\/nas-rok-s-amarnem-z-thajska\/","name":"N\u00e1\u0161 rok s Amarnem z Thajska - Mezikulturn\u00ed programy","isPartOf":{"@id":"https:\/\/www.afs.cz\/en\/#website"},"primaryImageOfPage":{"@id":"https:\/\/www.afs.cz\/en\/2022\/04\/nas-rok-s-amarnem-z-thajska\/#primaryimage"},"image":{"@id":"https:\/\/www.afs.cz\/en\/2022\/04\/nas-rok-s-amarnem-z-thajska\/#primaryimage"},"thumbnailUrl":"https:\/\/d22dvihj4pfop3.cloudfront.net\/wp-content\/uploads\/sites\/84\/2022\/04\/08121443\/IMG-20220228-WA0021.jpg","datePublished":"2022-04-08T11:16:35+00:00","dateModified":"2023-02-24T20:22:55+00:00","author":{"@id":"https:\/\/www.afs.cz\/en\/#\/schema\/person\/bc52da0be76098030e75baeb919827ff"},"breadcrumb":{"@id":"https:\/\/www.afs.cz\/en\/2022\/04\/nas-rok-s-amarnem-z-thajska\/#breadcrumb"},"inLanguage":"en-US","potentialAction":[{"@type":"ReadAction","target":["https:\/\/www.afs.cz\/en\/2022\/04\/nas-rok-s-amarnem-z-thajska\/"]}]},{"@type":"ImageObject","inLanguage":"en-US","@id":"https:\/\/www.afs.cz\/en\/2022\/04\/nas-rok-s-amarnem-z-thajska\/#primaryimage","url":"https:\/\/d22dvihj4pfop3.cloudfront.net\/wp-content\/uploads\/sites\/84\/2022\/04\/08121443\/IMG-20220228-WA0021.jpg","contentUrl":"https:\/\/d22dvihj4pfop3.cloudfront.net\/wp-content\/uploads\/sites\/84\/2022\/04\/08121443\/IMG-20220228-WA0021.jpg","width":2048,"height":1536},{"@type":"BreadcrumbList","@id":"https:\/\/www.afs.cz\/en\/2022\/04\/nas-rok-s-amarnem-z-thajska\/#breadcrumb","itemListElement":[{"@type":"ListItem","position":1,"name":"Home","item":"https:\/\/czechrepublic.afssite.afs.org\/en\/"},{"@type":"ListItem","position":2,"name":"N\u00e1\u0161 rok s Amarnem z Thajska"}]},{"@type":"WebSite","@id":"https:\/\/www.afs.cz\/en\/#website","url":"https:\/\/www.afs.cz\/en\/","name":"Mezikulturn\u00ed programy","description":"Studium v zahrani\u010d\u00ed, hostitelsk\u00fd program, vzd\u011bl\u00e1vac\u00ed programy, dobrovolnictv\u00ed a mnoho dal\u0161\u00edho.","potentialAction":[{"@type":"SearchAction","target":{"@type":"EntryPoint","urlTemplate":"https:\/\/www.afs.cz\/en\/?s={search_term_string}"},"query-input":{"@type":"PropertyValueSpecification","valueRequired":true,"valueName":"search_term_string"}}],"inLanguage":"en-US"},{"@type":"Person","@id":"https:\/\/www.afs.cz\/en\/#\/schema\/person\/bc52da0be76098030e75baeb919827ff","name":"afscesko","image":{"@type":"ImageObject","inLanguage":"en-US","@id":"https:\/\/www.afs.cz\/en\/#\/schema\/person\/image\/","url":"https:\/\/secure.gravatar.com\/avatar\/eda270bfa745d003b9a210dc384a8c22e1a05bc41e5280645d3e2968a117c931?s=96&d=mm&r=g","contentUrl":"https:\/\/secure.gravatar.com\/avatar\/eda270bfa745d003b9a210dc384a8c22e1a05bc41e5280645d3e2968a117c931?s=96&d=mm&r=g","caption":"afscesko"},"url":"https:\/\/www.afs.cz\/en\/author\/afscesko\/"}]}},"_links":{"self":[{"href":"https:\/\/www.afs.cz\/en\/wp-json\/wp\/v2\/posts\/14425","targetHints":{"allow":["GET"]}}],"collection":[{"href":"https:\/\/www.afs.cz\/en\/wp-json\/wp\/v2\/posts"}],"about":[{"href":"https:\/\/www.afs.cz\/en\/wp-json\/wp\/v2\/types\/post"}],"author":[{"embeddable":true,"href":"https:\/\/www.afs.cz\/en\/wp-json\/wp\/v2\/users\/351"}],"replies":[{"embeddable":true,"href":"https:\/\/www.afs.cz\/en\/wp-json\/wp\/v2\/comments?post=14425"}],"version-history":[{"count":4,"href":"https:\/\/www.afs.cz\/en\/wp-json\/wp\/v2\/posts\/14425\/revisions"}],"predecessor-version":[{"id":16994,"href":"https:\/\/www.afs.cz\/en\/wp-json\/wp\/v2\/posts\/14425\/revisions\/16994"}],"wp:featuredmedia":[{"embeddable":true,"href":"https:\/\/www.afs.cz\/en\/wp-json\/wp\/v2\/media\/14426"}],"wp:attachment":[{"href":"https:\/\/www.afs.cz\/en\/wp-json\/wp\/v2\/media?parent=14425"}],"wp:term":[{"taxonomy":"category","embeddable":true,"href":"https:\/\/www.afs.cz\/en\/wp-json\/wp\/v2\/categories?post=14425"},{"taxonomy":"post_tag","embeddable":true,"href":"https:\/\/www.afs.cz\/en\/wp-json\/wp\/v2\/tags?post=14425"}],"curies":[{"name":"wp","href":"https:\/\/api.w.org\/{rel}","templated":true}]}}