{"id":14412,"date":"2022-04-08T11:59:46","date_gmt":"2022-04-08T10:59:46","guid":{"rendered":"https:\/\/czechrepublic.afssite.afs.org\/?p=14412"},"modified":"2022-04-08T12:02:20","modified_gmt":"2022-04-08T11:02:20","slug":"lucie-exchange-students-experience-in-the-czech-republic","status":"publish","type":"post","link":"https:\/\/www.afs.cz\/en\/2022\/04\/lucie-exchange-students-experience-in-the-czech-republic\/","title":{"rendered":"Lucie \u2013 Exchange student\u2019s experience in the Czech Republic"},"content":{"rendered":"<p>Hi everyone ! I&#8217;m Lucie A., coming from France to stay one year in the Czech republic. The program for one year is actually ten months so I&#8217;m here since the 27th of August. And here is an extract of what happened in my life in Czech.<\/p>\n<p>First of all when I arrived I was absolutely scared of my English and specially my strong accent that can be a difficulty to be understood. But everything passed has a dream and I loved to share my first days with this big family of exchange student that we were already after the first camp.<\/p>\n<p><figure class=\"wp-image-wrap\"><img loading=\"lazy\" decoding=\"async\" class=\"size-full wp-image-14413 alignright\" src=\"https:\/\/d22dvihj4pfop3.cloudfront.net\/wp-content\/uploads\/sites\/84\/2022\/04\/08115747\/Obrazek1-1.jpg\" alt=\"\" width=\"218\" height=\"378\" \/><\/figure><\/p>\n<p>Once in my new home I felt really great, my host family showed me everything and I was comfortable from the first moment. When school started my classmates host me in the best way, bringing me the first week to the funfair that was in our small town. We made and I still have a special schedule to avoid the class where I can&#8217;t understand and have more english to make me progress. But even though I&#8217;m changing class all day I feel really included in my own class. Day after day my classmates let their barrieres fall to realize that they shouldn&#8217;t be anxious\u00a0to speak in english with me so I got to know them more and appreciate them as friends.<\/p>\n<p>For example, they all surprised me for my birthday. I went to school and they were waiting for me with a cake and they all sang Happy Birthday for me. And then, as a great coincidence, it was the last day before Christmas so we went to the ice skating place on the morning and we had a lot of fun. And I met again some of them at night for a diner in a restaurant.<\/p>\n<p>I also got closer to the other exchange student as we meet on weekends usually in Prague or somewhere else to spend time together and share our experiences. I love how easy it is to travel by train or bus all around Czech country side. I particularly like Czech castels which you can found everywhere with different style of architecture.<\/p>\n<p>I&#8217;m\u00a0living a life in the fast lane, shared between my new friends, the sleepovers and party with them, the weekends AFS or just the meeting in Prague and all the moment spend with my host family. Indeed, as you see I&#8217;m moving a lot for weekends but also in week because I&#8217;m following dance lessons and I&#8217;m part of a football team. But I also love to play board games, talk about books or watch movies with my host sisters, drink tea with my host mother, and talk about politic and history with my host father. But my favorite moment was a three days weekend that we spent in the south during february holiday. As I shared a room with my sisters we became closer and we spent some greats nights together. We visited beautiful towns, named\u00a0\u010cesk\u00e9 Bud\u011bjovice and\u00a0\u010cesk\u00fd Krumlov. And we also went to the castel\u00a0Hlubok\u00e1 nad V<\/p>\n<p>ltavou and the sun appeared for the occasion, it was wonderful.<\/p>\n<p><figure class=\"wp-image-wrap\"><img loading=\"lazy\" decoding=\"async\" class=\"size-medium wp-image-14415 aligncenter\" src=\"https:\/\/d22dvihj4pfop3.cloudfront.net\/wp-content\/uploads\/sites\/84\/2022\/04\/08115849\/Obrazek2-600x246.jpg\" alt=\"\" width=\"600\" height=\"246\" \/><\/figure><\/p>\n<p>Even though all the celebrations for the end of the year were great moments shared with my host family I&#8217;m looking forward for spring to be able to discover more of the czech landscapes. Meanwhile, I went to a ski trip with my class in\u00a0\u0160pindler\u016fv Ml\u00fdn for a week, it was my first time to ski but I really enjoyed it. And it was not all about ski we also had some free time in town for shopping and free time in the hotel. We&#8217;ve played card games, I&#8217;ve learned to play chess and we just spent time talking and laughing together. And the last night we even had a disco party all together.<\/p>\n<p>I&#8217;m gonna stop here this article but if you&#8217;re interested I have my own blog about my experience here, with two versions, one french and one in english. I just speak about my discoveries, my feelings and some pictures.<\/p>\n<p><a href=\"https:\/\/www.blogger.com\/#\">https:\/\/11moiscommelyceennealetranger.blogspot.com<\/a>\/<\/p>\n<p><a href=\"https:\/\/www.blogger.com\/#\">https:\/\/11monthsabroad.blogspot.com<\/a><\/p>\n<p>To conclude, since I&#8217;m here I had the best time of my life so I would say this experience is the best choice of my life. So guys, just don&#8217;t loose time because time pass so fast and is the most precious thing ever.<\/p>\n<p>&#8211; Lucie A., exchange student from France in 2021\/2022<\/p>\n","protected":false},"excerpt":{"rendered":"<p>Hi everyone ! I&#8217;m Lucie A., coming from France to stay one year in the Czech republic. The program for&hellip;<\/p>\n","protected":false},"author":351,"featured_media":14422,"comment_status":"open","ping_status":"open","sticky":false,"template":"","format":"standard","meta":{"footnotes":""},"categories":[49],"tags":[],"class_list":["post-14412","post","type-post","status-publish","format-standard","has-post-thumbnail","hentry","category-hostitelsky-program"],"yoast_head":"<!-- This site is optimized with the Yoast SEO Premium plugin v26.6 (Yoast SEO v26.6) - https:\/\/yoast.com\/wordpress\/plugins\/seo\/ -->\n<title>Lucie \u2013 Exchange student\u2019s experience in the Czech Republic - Mezikulturn\u00ed programy<\/title>\n<meta name=\"robots\" content=\"index, follow, max-snippet:-1, max-image-preview:large, max-video-preview:-1\" \/>\n<link rel=\"canonical\" href=\"https:\/\/www.afs.cz\/en\/2022\/04\/lucie-exchange-students-experience-in-the-czech-republic\/\" \/>\n<meta property=\"og:locale\" content=\"en_US\" \/>\n<meta property=\"og:type\" content=\"article\" \/>\n<meta property=\"og:title\" content=\"Lucie \u2013 Exchange student\u2019s experience in the Czech Republic\" \/>\n<meta property=\"og:description\" content=\"Hi everyone ! I&#8217;m Lucie A., coming from France to stay one year in the Czech republic. The program for&hellip;\" \/>\n<meta property=\"og:url\" content=\"https:\/\/www.afs.cz\/en\/2022\/04\/lucie-exchange-students-experience-in-the-czech-republic\/\" \/>\n<meta property=\"og:site_name\" content=\"Mezikulturn\u00ed programy\" \/>\n<meta property=\"article:published_time\" content=\"2022-04-08T10:59:46+00:00\" \/>\n<meta property=\"article:modified_time\" content=\"2022-04-08T11:02:20+00:00\" \/>\n<meta property=\"og:image\" content=\"https:\/\/d22dvihj4pfop3.cloudfront.net\/wp-content\/uploads\/sites\/84\/2022\/04\/08120203\/51416112734_8472c54a57_o-1200x630.jpg\" \/>\n\t<meta property=\"og:image:width\" content=\"1200\" \/>\n\t<meta property=\"og:image:height\" content=\"630\" \/>\n\t<meta property=\"og:image:type\" content=\"image\/jpeg\" \/>\n<meta name=\"author\" content=\"afscesko\" \/>\n<meta name=\"twitter:card\" content=\"summary_large_image\" \/>\n<meta name=\"twitter:label1\" content=\"Written by\" \/>\n\t<meta name=\"twitter:data1\" content=\"afscesko\" \/>\n\t<meta name=\"twitter:label2\" content=\"Est. reading time\" \/>\n\t<meta name=\"twitter:data2\" content=\"4 minutes\" \/>\n<script type=\"application\/ld+json\" class=\"yoast-schema-graph\">{\"@context\":\"https:\/\/schema.org\",\"@graph\":[{\"@type\":\"WebPage\",\"@id\":\"https:\/\/www.afs.cz\/en\/2022\/04\/lucie-exchange-students-experience-in-the-czech-republic\/\",\"url\":\"https:\/\/www.afs.cz\/en\/2022\/04\/lucie-exchange-students-experience-in-the-czech-republic\/\",\"name\":\"Lucie \u2013 Exchange student\u2019s experience in the Czech Republic - Mezikulturn\u00ed programy\",\"isPartOf\":{\"@id\":\"https:\/\/www.afs.cz\/en\/#website\"},\"primaryImageOfPage\":{\"@id\":\"https:\/\/www.afs.cz\/en\/2022\/04\/lucie-exchange-students-experience-in-the-czech-republic\/#primaryimage\"},\"image\":{\"@id\":\"https:\/\/www.afs.cz\/en\/2022\/04\/lucie-exchange-students-experience-in-the-czech-republic\/#primaryimage\"},\"thumbnailUrl\":\"https:\/\/d22dvihj4pfop3.cloudfront.net\/wp-content\/uploads\/sites\/84\/2022\/04\/08120203\/51416112734_8472c54a57_o.jpg\",\"datePublished\":\"2022-04-08T10:59:46+00:00\",\"dateModified\":\"2022-04-08T11:02:20+00:00\",\"author\":{\"@id\":\"https:\/\/www.afs.cz\/en\/#\/schema\/person\/bc52da0be76098030e75baeb919827ff\"},\"breadcrumb\":{\"@id\":\"https:\/\/www.afs.cz\/en\/2022\/04\/lucie-exchange-students-experience-in-the-czech-republic\/#breadcrumb\"},\"inLanguage\":\"en-US\",\"potentialAction\":[{\"@type\":\"ReadAction\",\"target\":[\"https:\/\/www.afs.cz\/en\/2022\/04\/lucie-exchange-students-experience-in-the-czech-republic\/\"]}]},{\"@type\":\"ImageObject\",\"inLanguage\":\"en-US\",\"@id\":\"https:\/\/www.afs.cz\/en\/2022\/04\/lucie-exchange-students-experience-in-the-czech-republic\/#primaryimage\",\"url\":\"https:\/\/d22dvihj4pfop3.cloudfront.net\/wp-content\/uploads\/sites\/84\/2022\/04\/08120203\/51416112734_8472c54a57_o.jpg\",\"contentUrl\":\"https:\/\/d22dvihj4pfop3.cloudfront.net\/wp-content\/uploads\/sites\/84\/2022\/04\/08120203\/51416112734_8472c54a57_o.jpg\",\"width\":2048,\"height\":1356},{\"@type\":\"BreadcrumbList\",\"@id\":\"https:\/\/www.afs.cz\/en\/2022\/04\/lucie-exchange-students-experience-in-the-czech-republic\/#breadcrumb\",\"itemListElement\":[{\"@type\":\"ListItem\",\"position\":1,\"name\":\"Home\",\"item\":\"https:\/\/czechrepublic.afssite.afs.org\/en\/\"},{\"@type\":\"ListItem\",\"position\":2,\"name\":\"Lucie \u2013 Exchange student\u2019s experience in the Czech Republic\"}]},{\"@type\":\"WebSite\",\"@id\":\"https:\/\/www.afs.cz\/en\/#website\",\"url\":\"https:\/\/www.afs.cz\/en\/\",\"name\":\"Mezikulturn\u00ed programy\",\"description\":\"Studium v zahrani\u010d\u00ed, hostitelsk\u00fd program, vzd\u011bl\u00e1vac\u00ed programy, dobrovolnictv\u00ed a mnoho dal\u0161\u00edho.\",\"potentialAction\":[{\"@type\":\"SearchAction\",\"target\":{\"@type\":\"EntryPoint\",\"urlTemplate\":\"https:\/\/www.afs.cz\/en\/?s={search_term_string}\"},\"query-input\":{\"@type\":\"PropertyValueSpecification\",\"valueRequired\":true,\"valueName\":\"search_term_string\"}}],\"inLanguage\":\"en-US\"},{\"@type\":\"Person\",\"@id\":\"https:\/\/www.afs.cz\/en\/#\/schema\/person\/bc52da0be76098030e75baeb919827ff\",\"name\":\"afscesko\",\"image\":{\"@type\":\"ImageObject\",\"inLanguage\":\"en-US\",\"@id\":\"https:\/\/www.afs.cz\/en\/#\/schema\/person\/image\/\",\"url\":\"https:\/\/secure.gravatar.com\/avatar\/eda270bfa745d003b9a210dc384a8c22e1a05bc41e5280645d3e2968a117c931?s=96&d=mm&r=g\",\"contentUrl\":\"https:\/\/secure.gravatar.com\/avatar\/eda270bfa745d003b9a210dc384a8c22e1a05bc41e5280645d3e2968a117c931?s=96&d=mm&r=g\",\"caption\":\"afscesko\"},\"url\":\"https:\/\/www.afs.cz\/en\/author\/afscesko\/\"}]}<\/script>\n<!-- \/ Yoast SEO Premium plugin. -->","yoast_head_json":{"title":"Lucie \u2013 Exchange student\u2019s experience in the Czech Republic - Mezikulturn\u00ed programy","robots":{"index":"index","follow":"follow","max-snippet":"max-snippet:-1","max-image-preview":"max-image-preview:large","max-video-preview":"max-video-preview:-1"},"canonical":"https:\/\/www.afs.cz\/en\/2022\/04\/lucie-exchange-students-experience-in-the-czech-republic\/","og_locale":"en_US","og_type":"article","og_title":"Lucie \u2013 Exchange student\u2019s experience in the Czech Republic","og_description":"Hi everyone ! I&#8217;m Lucie A., coming from France to stay one year in the Czech republic. The program for&hellip;","og_url":"https:\/\/www.afs.cz\/en\/2022\/04\/lucie-exchange-students-experience-in-the-czech-republic\/","og_site_name":"Mezikulturn\u00ed programy","article_published_time":"2022-04-08T10:59:46+00:00","article_modified_time":"2022-04-08T11:02:20+00:00","og_image":[{"width":1200,"height":630,"url":"https:\/\/d22dvihj4pfop3.cloudfront.net\/wp-content\/uploads\/sites\/84\/2022\/04\/08120203\/51416112734_8472c54a57_o-1200x630.jpg","type":"image\/jpeg"}],"author":"afscesko","twitter_card":"summary_large_image","twitter_misc":{"Written by":"afscesko","Est. reading time":"4 minutes"},"schema":{"@context":"https:\/\/schema.org","@graph":[{"@type":"WebPage","@id":"https:\/\/www.afs.cz\/en\/2022\/04\/lucie-exchange-students-experience-in-the-czech-republic\/","url":"https:\/\/www.afs.cz\/en\/2022\/04\/lucie-exchange-students-experience-in-the-czech-republic\/","name":"Lucie \u2013 Exchange student\u2019s experience in the Czech Republic - Mezikulturn\u00ed programy","isPartOf":{"@id":"https:\/\/www.afs.cz\/en\/#website"},"primaryImageOfPage":{"@id":"https:\/\/www.afs.cz\/en\/2022\/04\/lucie-exchange-students-experience-in-the-czech-republic\/#primaryimage"},"image":{"@id":"https:\/\/www.afs.cz\/en\/2022\/04\/lucie-exchange-students-experience-in-the-czech-republic\/#primaryimage"},"thumbnailUrl":"https:\/\/d22dvihj4pfop3.cloudfront.net\/wp-content\/uploads\/sites\/84\/2022\/04\/08120203\/51416112734_8472c54a57_o.jpg","datePublished":"2022-04-08T10:59:46+00:00","dateModified":"2022-04-08T11:02:20+00:00","author":{"@id":"https:\/\/www.afs.cz\/en\/#\/schema\/person\/bc52da0be76098030e75baeb919827ff"},"breadcrumb":{"@id":"https:\/\/www.afs.cz\/en\/2022\/04\/lucie-exchange-students-experience-in-the-czech-republic\/#breadcrumb"},"inLanguage":"en-US","potentialAction":[{"@type":"ReadAction","target":["https:\/\/www.afs.cz\/en\/2022\/04\/lucie-exchange-students-experience-in-the-czech-republic\/"]}]},{"@type":"ImageObject","inLanguage":"en-US","@id":"https:\/\/www.afs.cz\/en\/2022\/04\/lucie-exchange-students-experience-in-the-czech-republic\/#primaryimage","url":"https:\/\/d22dvihj4pfop3.cloudfront.net\/wp-content\/uploads\/sites\/84\/2022\/04\/08120203\/51416112734_8472c54a57_o.jpg","contentUrl":"https:\/\/d22dvihj4pfop3.cloudfront.net\/wp-content\/uploads\/sites\/84\/2022\/04\/08120203\/51416112734_8472c54a57_o.jpg","width":2048,"height":1356},{"@type":"BreadcrumbList","@id":"https:\/\/www.afs.cz\/en\/2022\/04\/lucie-exchange-students-experience-in-the-czech-republic\/#breadcrumb","itemListElement":[{"@type":"ListItem","position":1,"name":"Home","item":"https:\/\/czechrepublic.afssite.afs.org\/en\/"},{"@type":"ListItem","position":2,"name":"Lucie \u2013 Exchange student\u2019s experience in the Czech Republic"}]},{"@type":"WebSite","@id":"https:\/\/www.afs.cz\/en\/#website","url":"https:\/\/www.afs.cz\/en\/","name":"Mezikulturn\u00ed programy","description":"Studium v zahrani\u010d\u00ed, hostitelsk\u00fd program, vzd\u011bl\u00e1vac\u00ed programy, dobrovolnictv\u00ed a mnoho dal\u0161\u00edho.","potentialAction":[{"@type":"SearchAction","target":{"@type":"EntryPoint","urlTemplate":"https:\/\/www.afs.cz\/en\/?s={search_term_string}"},"query-input":{"@type":"PropertyValueSpecification","valueRequired":true,"valueName":"search_term_string"}}],"inLanguage":"en-US"},{"@type":"Person","@id":"https:\/\/www.afs.cz\/en\/#\/schema\/person\/bc52da0be76098030e75baeb919827ff","name":"afscesko","image":{"@type":"ImageObject","inLanguage":"en-US","@id":"https:\/\/www.afs.cz\/en\/#\/schema\/person\/image\/","url":"https:\/\/secure.gravatar.com\/avatar\/eda270bfa745d003b9a210dc384a8c22e1a05bc41e5280645d3e2968a117c931?s=96&d=mm&r=g","contentUrl":"https:\/\/secure.gravatar.com\/avatar\/eda270bfa745d003b9a210dc384a8c22e1a05bc41e5280645d3e2968a117c931?s=96&d=mm&r=g","caption":"afscesko"},"url":"https:\/\/www.afs.cz\/en\/author\/afscesko\/"}]}},"_links":{"self":[{"href":"https:\/\/www.afs.cz\/en\/wp-json\/wp\/v2\/posts\/14412","targetHints":{"allow":["GET"]}}],"collection":[{"href":"https:\/\/www.afs.cz\/en\/wp-json\/wp\/v2\/posts"}],"about":[{"href":"https:\/\/www.afs.cz\/en\/wp-json\/wp\/v2\/types\/post"}],"author":[{"embeddable":true,"href":"https:\/\/www.afs.cz\/en\/wp-json\/wp\/v2\/users\/351"}],"replies":[{"embeddable":true,"href":"https:\/\/www.afs.cz\/en\/wp-json\/wp\/v2\/comments?post=14412"}],"version-history":[{"count":4,"href":"https:\/\/www.afs.cz\/en\/wp-json\/wp\/v2\/posts\/14412\/revisions"}],"predecessor-version":[{"id":14424,"href":"https:\/\/www.afs.cz\/en\/wp-json\/wp\/v2\/posts\/14412\/revisions\/14424"}],"wp:featuredmedia":[{"embeddable":true,"href":"https:\/\/www.afs.cz\/en\/wp-json\/wp\/v2\/media\/14422"}],"wp:attachment":[{"href":"https:\/\/www.afs.cz\/en\/wp-json\/wp\/v2\/media?parent=14412"}],"wp:term":[{"taxonomy":"category","embeddable":true,"href":"https:\/\/www.afs.cz\/en\/wp-json\/wp\/v2\/categories?post=14412"},{"taxonomy":"post_tag","embeddable":true,"href":"https:\/\/www.afs.cz\/en\/wp-json\/wp\/v2\/tags?post=14412"}],"curies":[{"name":"wp","href":"https:\/\/api.w.org\/{rel}","templated":true}]}}