{"id":14240,"date":"2022-03-23T16:48:05","date_gmt":"2022-03-23T15:48:05","guid":{"rendered":"https:\/\/czechrepublic.afssite.afs.org\/?p=14240"},"modified":"2022-03-23T16:51:11","modified_gmt":"2022-03-23T15:51:11","slug":"tommasso-exchange-students-experience-in-the-czech-republic","status":"publish","type":"post","link":"https:\/\/www.afs.cz\/en\/2022\/03\/tommasso-exchange-students-experience-in-the-czech-republic\/","title":{"rendered":"Tommasso \u2013 Exchange student\u2019s experience in the Czech Republic"},"content":{"rendered":"<p>My name is Tommaso and I am from Italy. I stayed in the Czech Republic for 3 months; I arrived there on 27th August 2021 and I came back home at the beginning of December.<\/p>\n<p>When I and the other exchange students from Italy arrived in the Czech Republic, we stayed all together in a camp. That camp was amazing because there were also many other guys from all over the word and it was very interesting to speak with so many people that had a different culture from mine. At the beginning, It was a little strange and difficult because I couldn&#8217;t speak English very well and I had many thoughts in my head, but only in that camp, I realized that I was living one of the most memorable experiences of my life so far.<\/p>\n<p><figure class=\"wp-image-wrap\"><img loading=\"lazy\" decoding=\"async\" class=\"size-medium wp-image-14243 alignright\" src=\"https:\/\/d22dvihj4pfop3.cloudfront.net\/wp-content\/uploads\/sites\/84\/2022\/03\/23164626\/IMG-20211024-WA0021-600x450.jpg\" alt=\"\" width=\"600\" height=\"450\" \/><\/figure><\/p>\n<p>After three days, in the camp, I and the other exchange students met the respective families and I found an amazing one that was very generous and super friendly. When my host family and I left the hotel of the camp, we went to a typical restaurant and we visited Prague.<\/p>\n<p>Almost every weekend we used to visit some place of the Czech Republic or to go to\u00a0 my host family\u2019s house in the mountains, so that we spent a long time together. During the autumn holidays, we also went to Austria to ski. I lived quite close to Prague, so several times I went there to visit the city which is stunning. I also visited the city of Brno which is beautiful, too. I was very lucky to stay in a friendly and generous family.<\/p>\n<p><figure class=\"wp-image-wrap\"><img loading=\"lazy\" decoding=\"async\" class=\"size-medium wp-image-14245 alignleft\" src=\"https:\/\/d22dvihj4pfop3.cloudfront.net\/wp-content\/uploads\/sites\/84\/2022\/03\/23164653\/IMG-20211027-WA0015-450x600.jpg\" alt=\"\" width=\"450\" height=\"600\" \/><\/figure><\/p>\n<p>Sometimes, I cooked some Italian food like \u201cpasta alla carbonara\u201d for them and they appreciated it a lot. My host mum and sister taught me how to cook some typical Czech biscuits: Pernicki and Vanilkove rolicke (I love it). My favorite food from the\u00a0 Czech Republic is: Trdelnik.<\/p>\n<p>I made a lot of new friends, especially with the other AFS students, that were very friendly and open to know about the experience of the other exchange students there. At the beginning, my school mates and the Czech guys were a little reserved, but after a few days they were friendly and some of my schoolmates helped me to learn and understand the language during the lesson.<\/p>\n<p>The three months I spent in Czech Republic flew by too fast and I want to say that this is an experience that all the students should do because it teaches you a lot of things in order to develop new life skills.<\/p>\n<p>\u2013 Tommasso C., trimestr program in the Czech Republic in 2021<\/p>\n","protected":false},"excerpt":{"rendered":"<p>My name is Tommaso and I am from Italy. I stayed in the Czech Republic for 3 months; I arrived&hellip;<\/p>\n","protected":false},"author":351,"featured_media":14241,"comment_status":"open","ping_status":"open","sticky":false,"template":"","format":"standard","meta":{"footnotes":""},"categories":[49],"tags":[],"class_list":["post-14240","post","type-post","status-publish","format-standard","has-post-thumbnail","hentry","category-hostitelsky-program"],"yoast_head":"<!-- This site is optimized with the Yoast SEO Premium plugin v26.6 (Yoast SEO v26.6) - https:\/\/yoast.com\/wordpress\/plugins\/seo\/ -->\n<title>Tommasso \u2013 Exchange student\u2019s experience in the Czech Republic - Mezikulturn\u00ed programy<\/title>\n<meta name=\"robots\" content=\"index, follow, max-snippet:-1, max-image-preview:large, max-video-preview:-1\" \/>\n<link rel=\"canonical\" href=\"https:\/\/www.afs.cz\/en\/2022\/03\/tommasso-exchange-students-experience-in-the-czech-republic\/\" \/>\n<meta property=\"og:locale\" content=\"en_US\" \/>\n<meta property=\"og:type\" content=\"article\" \/>\n<meta property=\"og:title\" content=\"Tommasso \u2013 Exchange student\u2019s experience in the Czech Republic\" \/>\n<meta property=\"og:description\" content=\"My name is Tommaso and I am from Italy. I stayed in the Czech Republic for 3 months; I arrived&hellip;\" \/>\n<meta property=\"og:url\" content=\"https:\/\/www.afs.cz\/en\/2022\/03\/tommasso-exchange-students-experience-in-the-czech-republic\/\" \/>\n<meta property=\"og:site_name\" content=\"Mezikulturn\u00ed programy\" \/>\n<meta property=\"article:published_time\" content=\"2022-03-23T15:48:05+00:00\" \/>\n<meta property=\"article:modified_time\" content=\"2022-03-23T15:51:11+00:00\" \/>\n<meta property=\"og:image\" content=\"https:\/\/d22dvihj4pfop3.cloudfront.net\/wp-content\/uploads\/sites\/84\/2022\/03\/23164524\/IMG-20211109-WA0024-1200x630.jpg\" \/>\n\t<meta property=\"og:image:width\" content=\"1200\" \/>\n\t<meta property=\"og:image:height\" content=\"630\" \/>\n\t<meta property=\"og:image:type\" content=\"image\/jpeg\" \/>\n<meta name=\"author\" content=\"afscesko\" \/>\n<meta name=\"twitter:card\" content=\"summary_large_image\" \/>\n<meta name=\"twitter:label1\" content=\"Written by\" \/>\n\t<meta name=\"twitter:data1\" content=\"afscesko\" \/>\n\t<meta name=\"twitter:label2\" content=\"Est. reading time\" \/>\n\t<meta name=\"twitter:data2\" content=\"2 minutes\" \/>\n<script type=\"application\/ld+json\" class=\"yoast-schema-graph\">{\"@context\":\"https:\/\/schema.org\",\"@graph\":[{\"@type\":\"WebPage\",\"@id\":\"https:\/\/www.afs.cz\/en\/2022\/03\/tommasso-exchange-students-experience-in-the-czech-republic\/\",\"url\":\"https:\/\/www.afs.cz\/en\/2022\/03\/tommasso-exchange-students-experience-in-the-czech-republic\/\",\"name\":\"Tommasso \u2013 Exchange student\u2019s experience in the Czech Republic - Mezikulturn\u00ed programy\",\"isPartOf\":{\"@id\":\"https:\/\/www.afs.cz\/en\/#website\"},\"primaryImageOfPage\":{\"@id\":\"https:\/\/www.afs.cz\/en\/2022\/03\/tommasso-exchange-students-experience-in-the-czech-republic\/#primaryimage\"},\"image\":{\"@id\":\"https:\/\/www.afs.cz\/en\/2022\/03\/tommasso-exchange-students-experience-in-the-czech-republic\/#primaryimage\"},\"thumbnailUrl\":\"https:\/\/d22dvihj4pfop3.cloudfront.net\/wp-content\/uploads\/sites\/84\/2022\/03\/23164524\/IMG-20211109-WA0024.jpg\",\"datePublished\":\"2022-03-23T15:48:05+00:00\",\"dateModified\":\"2022-03-23T15:51:11+00:00\",\"author\":{\"@id\":\"https:\/\/www.afs.cz\/en\/#\/schema\/person\/bc52da0be76098030e75baeb919827ff\"},\"breadcrumb\":{\"@id\":\"https:\/\/www.afs.cz\/en\/2022\/03\/tommasso-exchange-students-experience-in-the-czech-republic\/#breadcrumb\"},\"inLanguage\":\"en-US\",\"potentialAction\":[{\"@type\":\"ReadAction\",\"target\":[\"https:\/\/www.afs.cz\/en\/2022\/03\/tommasso-exchange-students-experience-in-the-czech-republic\/\"]}]},{\"@type\":\"ImageObject\",\"inLanguage\":\"en-US\",\"@id\":\"https:\/\/www.afs.cz\/en\/2022\/03\/tommasso-exchange-students-experience-in-the-czech-republic\/#primaryimage\",\"url\":\"https:\/\/d22dvihj4pfop3.cloudfront.net\/wp-content\/uploads\/sites\/84\/2022\/03\/23164524\/IMG-20211109-WA0024.jpg\",\"contentUrl\":\"https:\/\/d22dvihj4pfop3.cloudfront.net\/wp-content\/uploads\/sites\/84\/2022\/03\/23164524\/IMG-20211109-WA0024.jpg\",\"width\":1600,\"height\":1066},{\"@type\":\"BreadcrumbList\",\"@id\":\"https:\/\/www.afs.cz\/en\/2022\/03\/tommasso-exchange-students-experience-in-the-czech-republic\/#breadcrumb\",\"itemListElement\":[{\"@type\":\"ListItem\",\"position\":1,\"name\":\"Home\",\"item\":\"https:\/\/czechrepublic.afssite.afs.org\/en\/\"},{\"@type\":\"ListItem\",\"position\":2,\"name\":\"Tommasso \u2013 Exchange student\u2019s experience in the Czech Republic\"}]},{\"@type\":\"WebSite\",\"@id\":\"https:\/\/www.afs.cz\/en\/#website\",\"url\":\"https:\/\/www.afs.cz\/en\/\",\"name\":\"Mezikulturn\u00ed programy\",\"description\":\"Studium v zahrani\u010d\u00ed, hostitelsk\u00fd program, vzd\u011bl\u00e1vac\u00ed programy, dobrovolnictv\u00ed a mnoho dal\u0161\u00edho.\",\"potentialAction\":[{\"@type\":\"SearchAction\",\"target\":{\"@type\":\"EntryPoint\",\"urlTemplate\":\"https:\/\/www.afs.cz\/en\/?s={search_term_string}\"},\"query-input\":{\"@type\":\"PropertyValueSpecification\",\"valueRequired\":true,\"valueName\":\"search_term_string\"}}],\"inLanguage\":\"en-US\"},{\"@type\":\"Person\",\"@id\":\"https:\/\/www.afs.cz\/en\/#\/schema\/person\/bc52da0be76098030e75baeb919827ff\",\"name\":\"afscesko\",\"image\":{\"@type\":\"ImageObject\",\"inLanguage\":\"en-US\",\"@id\":\"https:\/\/www.afs.cz\/en\/#\/schema\/person\/image\/\",\"url\":\"https:\/\/secure.gravatar.com\/avatar\/eda270bfa745d003b9a210dc384a8c22e1a05bc41e5280645d3e2968a117c931?s=96&d=mm&r=g\",\"contentUrl\":\"https:\/\/secure.gravatar.com\/avatar\/eda270bfa745d003b9a210dc384a8c22e1a05bc41e5280645d3e2968a117c931?s=96&d=mm&r=g\",\"caption\":\"afscesko\"},\"url\":\"https:\/\/www.afs.cz\/en\/author\/afscesko\/\"}]}<\/script>\n<!-- \/ Yoast SEO Premium plugin. -->","yoast_head_json":{"title":"Tommasso \u2013 Exchange student\u2019s experience in the Czech Republic - Mezikulturn\u00ed programy","robots":{"index":"index","follow":"follow","max-snippet":"max-snippet:-1","max-image-preview":"max-image-preview:large","max-video-preview":"max-video-preview:-1"},"canonical":"https:\/\/www.afs.cz\/en\/2022\/03\/tommasso-exchange-students-experience-in-the-czech-republic\/","og_locale":"en_US","og_type":"article","og_title":"Tommasso \u2013 Exchange student\u2019s experience in the Czech Republic","og_description":"My name is Tommaso and I am from Italy. I stayed in the Czech Republic for 3 months; I arrived&hellip;","og_url":"https:\/\/www.afs.cz\/en\/2022\/03\/tommasso-exchange-students-experience-in-the-czech-republic\/","og_site_name":"Mezikulturn\u00ed programy","article_published_time":"2022-03-23T15:48:05+00:00","article_modified_time":"2022-03-23T15:51:11+00:00","og_image":[{"width":1200,"height":630,"url":"https:\/\/d22dvihj4pfop3.cloudfront.net\/wp-content\/uploads\/sites\/84\/2022\/03\/23164524\/IMG-20211109-WA0024-1200x630.jpg","type":"image\/jpeg"}],"author":"afscesko","twitter_card":"summary_large_image","twitter_misc":{"Written by":"afscesko","Est. reading time":"2 minutes"},"schema":{"@context":"https:\/\/schema.org","@graph":[{"@type":"WebPage","@id":"https:\/\/www.afs.cz\/en\/2022\/03\/tommasso-exchange-students-experience-in-the-czech-republic\/","url":"https:\/\/www.afs.cz\/en\/2022\/03\/tommasso-exchange-students-experience-in-the-czech-republic\/","name":"Tommasso \u2013 Exchange student\u2019s experience in the Czech Republic - Mezikulturn\u00ed programy","isPartOf":{"@id":"https:\/\/www.afs.cz\/en\/#website"},"primaryImageOfPage":{"@id":"https:\/\/www.afs.cz\/en\/2022\/03\/tommasso-exchange-students-experience-in-the-czech-republic\/#primaryimage"},"image":{"@id":"https:\/\/www.afs.cz\/en\/2022\/03\/tommasso-exchange-students-experience-in-the-czech-republic\/#primaryimage"},"thumbnailUrl":"https:\/\/d22dvihj4pfop3.cloudfront.net\/wp-content\/uploads\/sites\/84\/2022\/03\/23164524\/IMG-20211109-WA0024.jpg","datePublished":"2022-03-23T15:48:05+00:00","dateModified":"2022-03-23T15:51:11+00:00","author":{"@id":"https:\/\/www.afs.cz\/en\/#\/schema\/person\/bc52da0be76098030e75baeb919827ff"},"breadcrumb":{"@id":"https:\/\/www.afs.cz\/en\/2022\/03\/tommasso-exchange-students-experience-in-the-czech-republic\/#breadcrumb"},"inLanguage":"en-US","potentialAction":[{"@type":"ReadAction","target":["https:\/\/www.afs.cz\/en\/2022\/03\/tommasso-exchange-students-experience-in-the-czech-republic\/"]}]},{"@type":"ImageObject","inLanguage":"en-US","@id":"https:\/\/www.afs.cz\/en\/2022\/03\/tommasso-exchange-students-experience-in-the-czech-republic\/#primaryimage","url":"https:\/\/d22dvihj4pfop3.cloudfront.net\/wp-content\/uploads\/sites\/84\/2022\/03\/23164524\/IMG-20211109-WA0024.jpg","contentUrl":"https:\/\/d22dvihj4pfop3.cloudfront.net\/wp-content\/uploads\/sites\/84\/2022\/03\/23164524\/IMG-20211109-WA0024.jpg","width":1600,"height":1066},{"@type":"BreadcrumbList","@id":"https:\/\/www.afs.cz\/en\/2022\/03\/tommasso-exchange-students-experience-in-the-czech-republic\/#breadcrumb","itemListElement":[{"@type":"ListItem","position":1,"name":"Home","item":"https:\/\/czechrepublic.afssite.afs.org\/en\/"},{"@type":"ListItem","position":2,"name":"Tommasso \u2013 Exchange student\u2019s experience in the Czech Republic"}]},{"@type":"WebSite","@id":"https:\/\/www.afs.cz\/en\/#website","url":"https:\/\/www.afs.cz\/en\/","name":"Mezikulturn\u00ed programy","description":"Studium v zahrani\u010d\u00ed, hostitelsk\u00fd program, vzd\u011bl\u00e1vac\u00ed programy, dobrovolnictv\u00ed a mnoho dal\u0161\u00edho.","potentialAction":[{"@type":"SearchAction","target":{"@type":"EntryPoint","urlTemplate":"https:\/\/www.afs.cz\/en\/?s={search_term_string}"},"query-input":{"@type":"PropertyValueSpecification","valueRequired":true,"valueName":"search_term_string"}}],"inLanguage":"en-US"},{"@type":"Person","@id":"https:\/\/www.afs.cz\/en\/#\/schema\/person\/bc52da0be76098030e75baeb919827ff","name":"afscesko","image":{"@type":"ImageObject","inLanguage":"en-US","@id":"https:\/\/www.afs.cz\/en\/#\/schema\/person\/image\/","url":"https:\/\/secure.gravatar.com\/avatar\/eda270bfa745d003b9a210dc384a8c22e1a05bc41e5280645d3e2968a117c931?s=96&d=mm&r=g","contentUrl":"https:\/\/secure.gravatar.com\/avatar\/eda270bfa745d003b9a210dc384a8c22e1a05bc41e5280645d3e2968a117c931?s=96&d=mm&r=g","caption":"afscesko"},"url":"https:\/\/www.afs.cz\/en\/author\/afscesko\/"}]}},"_links":{"self":[{"href":"https:\/\/www.afs.cz\/en\/wp-json\/wp\/v2\/posts\/14240","targetHints":{"allow":["GET"]}}],"collection":[{"href":"https:\/\/www.afs.cz\/en\/wp-json\/wp\/v2\/posts"}],"about":[{"href":"https:\/\/www.afs.cz\/en\/wp-json\/wp\/v2\/types\/post"}],"author":[{"embeddable":true,"href":"https:\/\/www.afs.cz\/en\/wp-json\/wp\/v2\/users\/351"}],"replies":[{"embeddable":true,"href":"https:\/\/www.afs.cz\/en\/wp-json\/wp\/v2\/comments?post=14240"}],"version-history":[{"count":2,"href":"https:\/\/www.afs.cz\/en\/wp-json\/wp\/v2\/posts\/14240\/revisions"}],"predecessor-version":[{"id":14248,"href":"https:\/\/www.afs.cz\/en\/wp-json\/wp\/v2\/posts\/14240\/revisions\/14248"}],"wp:featuredmedia":[{"embeddable":true,"href":"https:\/\/www.afs.cz\/en\/wp-json\/wp\/v2\/media\/14241"}],"wp:attachment":[{"href":"https:\/\/www.afs.cz\/en\/wp-json\/wp\/v2\/media?parent=14240"}],"wp:term":[{"taxonomy":"category","embeddable":true,"href":"https:\/\/www.afs.cz\/en\/wp-json\/wp\/v2\/categories?post=14240"},{"taxonomy":"post_tag","embeddable":true,"href":"https:\/\/www.afs.cz\/en\/wp-json\/wp\/v2\/tags?post=14240"}],"curies":[{"name":"wp","href":"https:\/\/api.w.org\/{rel}","templated":true}]}}