{"id":14230,"date":"2022-03-23T16:35:40","date_gmt":"2022-03-23T15:35:40","guid":{"rendered":"https:\/\/czechrepublic.afssite.afs.org\/?p=14230"},"modified":"2023-02-06T10:51:28","modified_gmt":"2023-02-06T09:51:28","slug":"francie-jako-jeden-velky-sen","status":"publish","type":"post","link":"https:\/\/www.afs.cz\/en\/2022\/03\/francie-jako-jeden-velky-sen\/","title":{"rendered":"Francie jako jeden velk\u00fd sen"},"content":{"rendered":"<p>Wow! Pocit v letadle, kdy\u017e opust\u00edte v\u0161echny bl\u00edzk\u00e9 a uv\u011bdom\u00edte si, \u017ee absolutn\u011b netu\u0161\u00edte, jak bude vypadat v\u00e1\u0161 \u017eivot v n\u00e1sleduj\u00edc\u00edch n\u011bkolika m\u011bs\u00edc\u00edch. Let\u00edte s ciz\u00edmi lidmi, k ciz\u00edm lidem, do ciz\u00ed zem\u011b s ciz\u00edm jazykem. \u0158\u00edk\u00e1te si, pro\u010d to d\u011bl\u00e1te\u2026v\u00edte, co budou za\u017e\u00edvat va\u0161i spolu\u017e\u00e1ci, kamar\u00e1di a rodina, o jak\u00e9 akce p\u0159ijdete a co v\u0161echno opou\u0161t\u00edte \u2013 a nem\u00e1te \u017e\u00e1dnou jistotu, \u017ee v\u00e1\u0161 pobyt dopadne dob\u0159e.<\/p>\n<p>S dal\u0161\u00edmi AFS studentkami z m\u00e9 oblasti jsme p\u0159ijeli za na\u0161imi hostitelsk\u00fdmi rodinami pozd\u011b ve\u010der, tak jsme ve\u010de\u0159eli po cest\u011b ve vlaku. Francouzi ale ve\u010de\u0159\u00ed pozd\u011bji ne\u017e my v \u010cesku, tak\u017ee na m\u011b rodina s ve\u010de\u0159\u00ed \u010dekala. V aut\u011b se m\u011b zeptali, jestli u\u017e jsem ve\u010de\u0159ela. \u0158ekla jsem, \u017ee ano, ale u\u017e jsem nezvl\u00e1dla vysv\u011btlit, \u017ee se nave\u010de\u0159\u00edm klidn\u011b i s\u00a0nimi. Rad\u0161i jsem odk\u00fdvala, a\u0165 se naj\u00ed beze m\u011b, i kdy\u017e mi p\u0159ipadalo hloup\u00e9, \u017ee uv\u00edtac\u00ed ve\u010de\u0159e moc nevy\u0161la. Prvn\u00ed m\u011bs\u00edc se odehr\u00e1valy konverzace podobn\u011b, unavovalo m\u011b, \u017ee kdy\u017e n\u011bco pot\u0159ebuji, zabere vysv\u011btlov\u00e1n\u00ed mnohokr\u00e1t v\u00edce \u010dasu, ne\u017e kdybych mluvila \u010desky. U\u017e jsem up\u0159ednost\u0148ovala rad\u0161i se nenaj\u00edst ne\u017e doma popisovat, \u017ee ve \u0161kole nefungovala \u0161koln\u00ed j\u00eddelna, tak\u017ee jsem neob\u011bdvala. Ale dost rychle jsem si uv\u011bdomila, \u017ee nejsem n\u00e1v\u0161t\u011bva, a \u017ee i pro mou hostrodinu je p\u0159\u00edjemn\u011bj\u0161\u00ed v\u011bd\u011bt, \u017ee si um\u00edm \u0159\u00edct, co chci a pot\u0159ebuji. \u017de kart\u00e1\u010dek na zuby se nenos\u00ed ka\u017ed\u00e9 r\u00e1no a ve\u010der do koupelny, ale nech\u00e1 se tam a v\u00e1\u0161 sourozenec si \u010das od \u010dasu vezme na sebe va\u0161e pono\u017eky.<\/p>\n<p><figure class=\"wp-image-wrap\"><img loading=\"lazy\" decoding=\"async\" class=\"size-medium wp-image-14235 alignleft\" src=\"https:\/\/d22dvihj4pfop3.cloudfront.net\/wp-content\/uploads\/sites\/84\/2022\/03\/23163445\/bretan-s-hostsegrami-451x600.jpg\" alt=\"\" width=\"451\" height=\"600\" \/><\/figure><\/p>\n<p>S jazykem to byla doopravdy v\u00fdzva, francouz\u0161tina je rychl\u00e1 a slo\u017eit\u00e1 a m\u011bla jsem velk\u00e9 \u0161t\u011bst\u00ed, \u017ee moji hostrodi\u010de mluv\u00ed dob\u0159e anglicky. Zato ve \u0161kole to bylo hor\u0161\u00ed, mnoho spolu\u017e\u00e1k\u016f a u\u010ditel\u016f rozum\u011blo l\u00e9pe m\u00fdm gest\u016fm ne\u017e angli\u010dtin\u011b. Taky jsem zvykl\u00e1 bavit se s lidmi r\u016fzn\u00e9ho typu a naj\u00edt si kamar\u00e1dy skoro v jak\u00e9koliv spole\u010dnosti, ale tady jsem si uv\u011bdomila, \u017ee je k tomu pot\u0159eba \u0159e\u010d. A hlavn\u011b d\u00edky velk\u00e9mu po\u010dtu migrant\u016f tu nejsem nijak zaj\u00edmav\u00e1. V \u010cech\u00e1ch jsou z v\u00fdm\u011bnn\u00fdch student\u016f \u010dasto lidi velmi zaujat\u00ed, ale ve Francii to tak nefunguje, jsme jako norm\u00e1ln\u00ed spolu\u017e\u00e1ci. M\u00e1 to ale v\u00fdhodu \u2013 dok\u00e1zala jsem si naj\u00edt kamar\u00e1dy, kte\u0159\u00ed m\u011b berou na \u00fapln\u011b stejn\u00e9 \u00farovni, jako jsou oni. Opravdov\u00e9 kamar\u00e1dy.<\/p>\n<p>Moje hostrodina je \u00fapln\u011b skv\u011bl\u00e1. Hostsestra m\u00e9ho v\u011bku je s AFS v It\u00e1lii, ale m\u00e1m druhou, kter\u00e1 je ve \u0161kole ve stejn\u00e9m ro\u010dn\u00edku jako j\u00e1 (jsem tu o rok n\u00ed\u017ee ne\u017e v \u010cR). Pak m\u00e1m sestru o rok star\u0161\u00ed, kter\u00e1 je na intern\u00e1t\u011b, a dal\u0161\u00ed dv\u011b mlad\u0161\u00ed s\u00e9gry a jednoho br\u00e1chu. Tak je u n\u00e1s \u017eivo. Opravdu dob\u0159e jsme si sedli. Chod\u00edme spolu na sopky, kter\u00fdch je v okol\u00ed spoustu, na v\u00fdlety, nav\u0161t\u011bvovat m\u011bsta, byli jsme na svatb\u011b sest\u0159enice, na V\u00e1noc\u00edch se \u0161irokou rodinou, za kamar\u00e1dy u mo\u0159e v Bretani, za babi\u010dkou v hor\u00e1ch, za babi\u010dkou v Pa\u0159\u00ed\u017ei, za hosts\u00e9grou v Lyonu, na brusl\u00edch, v kin\u011b, v divadle, na sout\u011b\u017ei skok\u016f o ty\u010di\u2026 A hlavn\u011b si spolu hodn\u011b pov\u00edd\u00e1me u ve\u010de\u0159\u00ed. Za\u017eila jsem tak\u00e9 d\u00edky sv\u00e9 hostrodin\u011b skv\u011blou oslavu 18tin, kter\u00e9 jsme pot\u00e9 oslavili i s kamar\u00e1dy.<\/p>\n<p><figure class=\"wp-image-wrap\"><img loading=\"lazy\" decoding=\"async\" class=\"size-medium wp-image-14233 alignright\" src=\"https:\/\/d22dvihj4pfop3.cloudfront.net\/wp-content\/uploads\/sites\/84\/2022\/03\/23163347\/smazak-s-rodinou-600x450.jpeg\" alt=\"\" width=\"600\" height=\"450\" \/><\/figure><\/p>\n<p>Tradi\u010dn\u00edm sportem m\u00e9ho m\u011bsta je rugby, poznat zdej\u0161\u00ed kulturu pat\u0159\u00ed do m\u00fdch priorit. Tak naprosto neo\u010dek\u00e1van\u011b hraju rugby. Je to super! D\u00edky AFS jsem za\u017eila mnoho hezk\u00fdch v\u00edkend\u016f. Jinak chod\u00edme je\u0161t\u011b s jednou cizinkou na setk\u00e1n\u00ed ml\u00e1de\u017ee do kostela, co\u017e je fajn. Za\u010dala jsem chodit do skautu, ale moc mi to nesedlo, tak jsem p\u0159estala, nicm\u00e9n\u011b \u010dasto podnik\u00e1me r\u016fzn\u00e9 aktivity s kamar\u00e1dy, s rodinou a cizinkami.<\/p>\n<p>J\u00eddlo je tu moc dobr\u00e9, j\u00ed se tu hodn\u011b dezert\u016f a bav\u00ed m\u011b se tu u\u010dit p\u00e9ct i va\u0159it. M\u00e1 hostmamka v kuchyni r\u00e1da tr\u00e1v\u00ed hodn\u011b \u010dasu. Hostrodinu v\u017edycky pot\u011b\u0161\u00ed, kdy\u017e jim uva\u0159\u00edm n\u011bjak\u00e9 \u010desk\u00e9 j\u00eddlo nebo j\u00eddlo z m\u00e9ho domova \u2013 cukrov\u00ed, v\u00e1no\u010dku, sma\u017e\u00e1k, sal\u00e1t, kol\u00e1\u010d, v\u011bne\u010dky, tak\u00e9 jsem tu poprv\u00e9 d\u011blala sv\u00ed\u010dkovou.<\/p>\n<p>O\u010dek\u00e1vala jsem, \u017ee tu budu v\u00edce z\u00e1visl\u00e1 sama na sob\u011b. Proto m\u011b p\u0159ekvapilo, \u017ee kv\u016fli francouzsk\u00e9 administrativ\u011b mus\u00ed moji hostrodi\u010de \u0159e\u0161it za m\u011b v\u00edce v\u011bc\u00ed ne\u017e moji rodi\u010de b\u011b\u017en\u011b v \u010cesku. V \u010dem jsem rozhodn\u011b v\u00edce z\u00e1visl\u00e1 sama na sob\u011b jsou ale n\u00e1zory. Cel\u00fd \u017eivot jsem zvykl\u00e1, \u017ee co se \u0159\u00edk\u00e1 doma, je pravda. To tady nefunguje. Ne, \u017ee bych nesouhlasila se svou hostrodinou, ale z\u00e1le\u017e\u00ed na mn\u011b, jak se, k \u010demu vyj\u00e1d\u0159\u00edm.<\/p>\n<p>Moc si to tu u\u017e\u00edv\u00e1m. Pobyt je \u010d\u00edm d\u00e1l t\u00edm jednodu\u0161\u0161\u00ed. Bav\u00ed m\u011b pokroky ve francouz\u0161tin\u011b, \u010d\u00edm d\u00e1l t\u00edm norm\u00e1ln\u011bj\u0161\u00ed vztahy s lidmi, zjednodu\u0161ov\u00e1n\u00ed ch\u00e1p\u00e1n\u00ed u\u010diva ve \u0161kole, rugby, rozum\u011bn\u00ed rozd\u00edl\u016fm v kultu\u0159e, pozn\u00e1v\u00e1n\u00ed p\u0159\u00edrody a okol\u00ed, ochutn\u00e1v\u00e1n\u00ed j\u00eddla, zp\u00edv\u00e1n\u00ed a poslouch\u00e1n\u00ed p\u00edsni\u010dek, prezentov\u00e1n\u00ed \u010desk\u00e9 kultury, tr\u00e1ven\u00ed \u010dasu s rodinou, kamar\u00e1dy\u2026<\/p>\n<p>Je to opravdu neuv\u011b\u0159iteln\u00e1 a velmi obohacuj\u00edc\u00ed zku\u0161enost, za kterou jsem moc vd\u011b\u010dn\u00e1.<\/p>\n<p>D\u00cdKY!!!<\/p>\n<p>\u2013 R\u00e1chel K., semestr\u00e1ln\u00ed program ve Francii 2021\/2022<\/p>\n<hr \/>\n<h3><strong>Za\u017eij st\u0159edn\u00ed \u0161kolu v zahrani\u010d\u00ed<\/strong><\/h3>\n<p>Inspiroval t\u011b p\u0159\u00edb\u011bh R\u00e1chel? Chce\u0161 pro\u017e\u00edt podobn\u00e9 dobrodru\u017estv\u00ed a nau\u010dit se nov\u00fd ciz\u00ed jazyk? V\u00fdm\u011bnn\u00fd studijn\u00ed program je z\u00e1\u017eitek, kter\u00fd ka\u017ed\u00e9mu studentovi p\u0159inese zku\u0161enosti a nadhled pot\u0159ebn\u00e9 pro sou\u010dasn\u00fd sv\u011bt. Pokud i tebe l\u00e1k\u00e1 my\u0161lenka st\u0159edn\u00ed \u0161koly za hranicemi \u010cesk\u00e9 republiky, nev\u00e1hej a kontaktuj na\u0161i koordin\u00e1torku Zuzanu. Ji\u017e z\u00edtra m\u016f\u017ee\u0161 b\u00fdt o krok bl\u00ed\u017e sv\u00e9mu snu! V\u00edce informac\u00ed o AFS studijn\u00edch programech a konkr\u00e9tn\u00ed nab\u00eddku mo\u017en\u00fdch destinac\u00ed nalezne\u0161 zde: <a href=\"https:\/\/www.afs.cz\/studium-v-zahranici\/?utm_source=web&amp;utm_medium=blog&amp;utm_campaign=sending_clanky&amp;utm_term=francie\">www.afs.cz\/studium-v-zahranici\/<\/a><\/p>\n<p>Spojit se s n\u00e1mi m\u016f\u017ee\u0161 tak\u00e9 p\u0159es kontaktn\u00ed formul\u00e1\u0159 a my se ti ozveme do t\u0159\u00ed pracovn\u00edch dn\u00ed:\u00a0<a href=\"https:\/\/www.afs.cz\/kontaktni-formular\/?utm_source=web&amp;utm_medium=blog&amp;utm_campaign=sending_clanky&amp;utm_term=francie\">www.afs.cz\/kontaktni-formular\/<\/a><\/p>\n<h3 class=\"panel-wysiwyg__column-title h3\" data-name=\"title\" data-livetext=\"\"><strong>Zuzana \u010cu\u010dkov\u00e1<\/strong><\/h3>\n<div class=\"panel-wysiwyg__column-content\">\n<div class=\"context-content\" data-name=\"content\" data-livetext=\"\">\n<p>AFS koordin\u00e1torka studia v zahrani\u010d\u00ed<br \/>\nE:\u00a0<a href=\"mailto:zuzana.cuckova@afs.org\">zuzana.cuckova@afs.org<br \/>\n<\/a>M: 606 704 100<\/p>\n<\/div>\n<\/div>\n","protected":false},"excerpt":{"rendered":"<p>Wow! Pocit v letadle, kdy\u017e opust\u00edte v\u0161echny bl\u00edzk\u00e9 a uv\u011bdom\u00edte si, \u017ee absolutn\u011b netu\u0161\u00edte, jak bude vypadat v\u00e1\u0161 \u017eivot v&hellip;<\/p>\n","protected":false},"author":351,"featured_media":14231,"comment_status":"open","ping_status":"open","sticky":false,"template":"","format":"standard","meta":{"footnotes":""},"categories":[50],"tags":[],"class_list":["post-14230","post","type-post","status-publish","format-standard","has-post-thumbnail","hentry","category-studium-v-zahranici"],"yoast_head":"<!-- This site is optimized with the Yoast SEO Premium plugin v26.6 (Yoast SEO v26.6) - https:\/\/yoast.com\/wordpress\/plugins\/seo\/ -->\n<title>Francie jako jeden velk\u00fd sen - Mezikulturn\u00ed programy<\/title>\n<meta name=\"robots\" content=\"index, follow, max-snippet:-1, max-image-preview:large, max-video-preview:-1\" \/>\n<link rel=\"canonical\" href=\"https:\/\/www.afs.cz\/en\/2022\/03\/francie-jako-jeden-velky-sen\/\" \/>\n<meta property=\"og:locale\" content=\"en_US\" \/>\n<meta property=\"og:type\" content=\"article\" \/>\n<meta property=\"og:title\" content=\"Francie jako jeden velk\u00fd sen\" \/>\n<meta property=\"og:description\" content=\"Wow! Pocit v letadle, kdy\u017e opust\u00edte v\u0161echny bl\u00edzk\u00e9 a uv\u011bdom\u00edte si, \u017ee absolutn\u011b netu\u0161\u00edte, jak bude vypadat v\u00e1\u0161 \u017eivot v&hellip;\" \/>\n<meta property=\"og:url\" content=\"https:\/\/www.afs.cz\/en\/2022\/03\/francie-jako-jeden-velky-sen\/\" \/>\n<meta property=\"og:site_name\" content=\"Mezikulturn\u00ed programy\" \/>\n<meta property=\"article:published_time\" content=\"2022-03-23T15:35:40+00:00\" \/>\n<meta property=\"article:modified_time\" content=\"2023-02-06T09:51:28+00:00\" \/>\n<meta property=\"og:image\" content=\"https:\/\/d22dvihj4pfop3.cloudfront.net\/wp-content\/uploads\/sites\/84\/2022\/03\/23163317\/sopka-se-sourozenci-1200x630.jpg\" \/>\n\t<meta property=\"og:image:width\" content=\"1200\" \/>\n\t<meta property=\"og:image:height\" content=\"630\" \/>\n\t<meta property=\"og:image:type\" content=\"image\/jpeg\" \/>\n<meta name=\"author\" content=\"afscesko\" \/>\n<meta name=\"twitter:card\" content=\"summary_large_image\" \/>\n<meta name=\"twitter:label1\" content=\"Written by\" \/>\n\t<meta name=\"twitter:data1\" content=\"afscesko\" \/>\n\t<meta name=\"twitter:label2\" content=\"Est. reading time\" \/>\n\t<meta name=\"twitter:data2\" content=\"6 minutes\" \/>\n<script type=\"application\/ld+json\" class=\"yoast-schema-graph\">{\"@context\":\"https:\/\/schema.org\",\"@graph\":[{\"@type\":\"WebPage\",\"@id\":\"https:\/\/www.afs.cz\/en\/2022\/03\/francie-jako-jeden-velky-sen\/\",\"url\":\"https:\/\/www.afs.cz\/en\/2022\/03\/francie-jako-jeden-velky-sen\/\",\"name\":\"Francie jako jeden velk\u00fd sen - Mezikulturn\u00ed programy\",\"isPartOf\":{\"@id\":\"https:\/\/www.afs.cz\/en\/#website\"},\"primaryImageOfPage\":{\"@id\":\"https:\/\/www.afs.cz\/en\/2022\/03\/francie-jako-jeden-velky-sen\/#primaryimage\"},\"image\":{\"@id\":\"https:\/\/www.afs.cz\/en\/2022\/03\/francie-jako-jeden-velky-sen\/#primaryimage\"},\"thumbnailUrl\":\"https:\/\/d22dvihj4pfop3.cloudfront.net\/wp-content\/uploads\/sites\/84\/2022\/03\/23163317\/sopka-se-sourozenci.jpg\",\"datePublished\":\"2022-03-23T15:35:40+00:00\",\"dateModified\":\"2023-02-06T09:51:28+00:00\",\"author\":{\"@id\":\"https:\/\/www.afs.cz\/en\/#\/schema\/person\/bc52da0be76098030e75baeb919827ff\"},\"breadcrumb\":{\"@id\":\"https:\/\/www.afs.cz\/en\/2022\/03\/francie-jako-jeden-velky-sen\/#breadcrumb\"},\"inLanguage\":\"en-US\",\"potentialAction\":[{\"@type\":\"ReadAction\",\"target\":[\"https:\/\/www.afs.cz\/en\/2022\/03\/francie-jako-jeden-velky-sen\/\"]}]},{\"@type\":\"ImageObject\",\"inLanguage\":\"en-US\",\"@id\":\"https:\/\/www.afs.cz\/en\/2022\/03\/francie-jako-jeden-velky-sen\/#primaryimage\",\"url\":\"https:\/\/d22dvihj4pfop3.cloudfront.net\/wp-content\/uploads\/sites\/84\/2022\/03\/23163317\/sopka-se-sourozenci.jpg\",\"contentUrl\":\"https:\/\/d22dvihj4pfop3.cloudfront.net\/wp-content\/uploads\/sites\/84\/2022\/03\/23163317\/sopka-se-sourozenci.jpg\",\"width\":2048,\"height\":1536},{\"@type\":\"BreadcrumbList\",\"@id\":\"https:\/\/www.afs.cz\/en\/2022\/03\/francie-jako-jeden-velky-sen\/#breadcrumb\",\"itemListElement\":[{\"@type\":\"ListItem\",\"position\":1,\"name\":\"Home\",\"item\":\"https:\/\/czechrepublic.afssite.afs.org\/en\/\"},{\"@type\":\"ListItem\",\"position\":2,\"name\":\"Francie jako jeden velk\u00fd sen\"}]},{\"@type\":\"WebSite\",\"@id\":\"https:\/\/www.afs.cz\/en\/#website\",\"url\":\"https:\/\/www.afs.cz\/en\/\",\"name\":\"Mezikulturn\u00ed programy\",\"description\":\"Studium v zahrani\u010d\u00ed, hostitelsk\u00fd program, vzd\u011bl\u00e1vac\u00ed programy, dobrovolnictv\u00ed a mnoho dal\u0161\u00edho.\",\"potentialAction\":[{\"@type\":\"SearchAction\",\"target\":{\"@type\":\"EntryPoint\",\"urlTemplate\":\"https:\/\/www.afs.cz\/en\/?s={search_term_string}\"},\"query-input\":{\"@type\":\"PropertyValueSpecification\",\"valueRequired\":true,\"valueName\":\"search_term_string\"}}],\"inLanguage\":\"en-US\"},{\"@type\":\"Person\",\"@id\":\"https:\/\/www.afs.cz\/en\/#\/schema\/person\/bc52da0be76098030e75baeb919827ff\",\"name\":\"afscesko\",\"image\":{\"@type\":\"ImageObject\",\"inLanguage\":\"en-US\",\"@id\":\"https:\/\/www.afs.cz\/en\/#\/schema\/person\/image\/\",\"url\":\"https:\/\/secure.gravatar.com\/avatar\/eda270bfa745d003b9a210dc384a8c22e1a05bc41e5280645d3e2968a117c931?s=96&d=mm&r=g\",\"contentUrl\":\"https:\/\/secure.gravatar.com\/avatar\/eda270bfa745d003b9a210dc384a8c22e1a05bc41e5280645d3e2968a117c931?s=96&d=mm&r=g\",\"caption\":\"afscesko\"},\"url\":\"https:\/\/www.afs.cz\/en\/author\/afscesko\/\"}]}<\/script>\n<!-- \/ Yoast SEO Premium plugin. -->","yoast_head_json":{"title":"Francie jako jeden velk\u00fd sen - Mezikulturn\u00ed programy","robots":{"index":"index","follow":"follow","max-snippet":"max-snippet:-1","max-image-preview":"max-image-preview:large","max-video-preview":"max-video-preview:-1"},"canonical":"https:\/\/www.afs.cz\/en\/2022\/03\/francie-jako-jeden-velky-sen\/","og_locale":"en_US","og_type":"article","og_title":"Francie jako jeden velk\u00fd sen","og_description":"Wow! Pocit v letadle, kdy\u017e opust\u00edte v\u0161echny bl\u00edzk\u00e9 a uv\u011bdom\u00edte si, \u017ee absolutn\u011b netu\u0161\u00edte, jak bude vypadat v\u00e1\u0161 \u017eivot v&hellip;","og_url":"https:\/\/www.afs.cz\/en\/2022\/03\/francie-jako-jeden-velky-sen\/","og_site_name":"Mezikulturn\u00ed programy","article_published_time":"2022-03-23T15:35:40+00:00","article_modified_time":"2023-02-06T09:51:28+00:00","og_image":[{"width":1200,"height":630,"url":"https:\/\/d22dvihj4pfop3.cloudfront.net\/wp-content\/uploads\/sites\/84\/2022\/03\/23163317\/sopka-se-sourozenci-1200x630.jpg","type":"image\/jpeg"}],"author":"afscesko","twitter_card":"summary_large_image","twitter_misc":{"Written by":"afscesko","Est. reading time":"6 minutes"},"schema":{"@context":"https:\/\/schema.org","@graph":[{"@type":"WebPage","@id":"https:\/\/www.afs.cz\/en\/2022\/03\/francie-jako-jeden-velky-sen\/","url":"https:\/\/www.afs.cz\/en\/2022\/03\/francie-jako-jeden-velky-sen\/","name":"Francie jako jeden velk\u00fd sen - Mezikulturn\u00ed programy","isPartOf":{"@id":"https:\/\/www.afs.cz\/en\/#website"},"primaryImageOfPage":{"@id":"https:\/\/www.afs.cz\/en\/2022\/03\/francie-jako-jeden-velky-sen\/#primaryimage"},"image":{"@id":"https:\/\/www.afs.cz\/en\/2022\/03\/francie-jako-jeden-velky-sen\/#primaryimage"},"thumbnailUrl":"https:\/\/d22dvihj4pfop3.cloudfront.net\/wp-content\/uploads\/sites\/84\/2022\/03\/23163317\/sopka-se-sourozenci.jpg","datePublished":"2022-03-23T15:35:40+00:00","dateModified":"2023-02-06T09:51:28+00:00","author":{"@id":"https:\/\/www.afs.cz\/en\/#\/schema\/person\/bc52da0be76098030e75baeb919827ff"},"breadcrumb":{"@id":"https:\/\/www.afs.cz\/en\/2022\/03\/francie-jako-jeden-velky-sen\/#breadcrumb"},"inLanguage":"en-US","potentialAction":[{"@type":"ReadAction","target":["https:\/\/www.afs.cz\/en\/2022\/03\/francie-jako-jeden-velky-sen\/"]}]},{"@type":"ImageObject","inLanguage":"en-US","@id":"https:\/\/www.afs.cz\/en\/2022\/03\/francie-jako-jeden-velky-sen\/#primaryimage","url":"https:\/\/d22dvihj4pfop3.cloudfront.net\/wp-content\/uploads\/sites\/84\/2022\/03\/23163317\/sopka-se-sourozenci.jpg","contentUrl":"https:\/\/d22dvihj4pfop3.cloudfront.net\/wp-content\/uploads\/sites\/84\/2022\/03\/23163317\/sopka-se-sourozenci.jpg","width":2048,"height":1536},{"@type":"BreadcrumbList","@id":"https:\/\/www.afs.cz\/en\/2022\/03\/francie-jako-jeden-velky-sen\/#breadcrumb","itemListElement":[{"@type":"ListItem","position":1,"name":"Home","item":"https:\/\/czechrepublic.afssite.afs.org\/en\/"},{"@type":"ListItem","position":2,"name":"Francie jako jeden velk\u00fd sen"}]},{"@type":"WebSite","@id":"https:\/\/www.afs.cz\/en\/#website","url":"https:\/\/www.afs.cz\/en\/","name":"Mezikulturn\u00ed programy","description":"Studium v zahrani\u010d\u00ed, hostitelsk\u00fd program, vzd\u011bl\u00e1vac\u00ed programy, dobrovolnictv\u00ed a mnoho dal\u0161\u00edho.","potentialAction":[{"@type":"SearchAction","target":{"@type":"EntryPoint","urlTemplate":"https:\/\/www.afs.cz\/en\/?s={search_term_string}"},"query-input":{"@type":"PropertyValueSpecification","valueRequired":true,"valueName":"search_term_string"}}],"inLanguage":"en-US"},{"@type":"Person","@id":"https:\/\/www.afs.cz\/en\/#\/schema\/person\/bc52da0be76098030e75baeb919827ff","name":"afscesko","image":{"@type":"ImageObject","inLanguage":"en-US","@id":"https:\/\/www.afs.cz\/en\/#\/schema\/person\/image\/","url":"https:\/\/secure.gravatar.com\/avatar\/eda270bfa745d003b9a210dc384a8c22e1a05bc41e5280645d3e2968a117c931?s=96&d=mm&r=g","contentUrl":"https:\/\/secure.gravatar.com\/avatar\/eda270bfa745d003b9a210dc384a8c22e1a05bc41e5280645d3e2968a117c931?s=96&d=mm&r=g","caption":"afscesko"},"url":"https:\/\/www.afs.cz\/en\/author\/afscesko\/"}]}},"_links":{"self":[{"href":"https:\/\/www.afs.cz\/en\/wp-json\/wp\/v2\/posts\/14230","targetHints":{"allow":["GET"]}}],"collection":[{"href":"https:\/\/www.afs.cz\/en\/wp-json\/wp\/v2\/posts"}],"about":[{"href":"https:\/\/www.afs.cz\/en\/wp-json\/wp\/v2\/types\/post"}],"author":[{"embeddable":true,"href":"https:\/\/www.afs.cz\/en\/wp-json\/wp\/v2\/users\/351"}],"replies":[{"embeddable":true,"href":"https:\/\/www.afs.cz\/en\/wp-json\/wp\/v2\/comments?post=14230"}],"version-history":[{"count":4,"href":"https:\/\/www.afs.cz\/en\/wp-json\/wp\/v2\/posts\/14230\/revisions"}],"predecessor-version":[{"id":16637,"href":"https:\/\/www.afs.cz\/en\/wp-json\/wp\/v2\/posts\/14230\/revisions\/16637"}],"wp:featuredmedia":[{"embeddable":true,"href":"https:\/\/www.afs.cz\/en\/wp-json\/wp\/v2\/media\/14231"}],"wp:attachment":[{"href":"https:\/\/www.afs.cz\/en\/wp-json\/wp\/v2\/media?parent=14230"}],"wp:term":[{"taxonomy":"category","embeddable":true,"href":"https:\/\/www.afs.cz\/en\/wp-json\/wp\/v2\/categories?post=14230"},{"taxonomy":"post_tag","embeddable":true,"href":"https:\/\/www.afs.cz\/en\/wp-json\/wp\/v2\/tags?post=14230"}],"curies":[{"name":"wp","href":"https:\/\/api.w.org\/{rel}","templated":true}]}}