{"id":13957,"date":"2022-02-12T20:02:56","date_gmt":"2022-02-12T19:02:56","guid":{"rendered":"https:\/\/czechrepublic.afssite.afs.org\/?p=13957"},"modified":"2023-02-06T10:38:46","modified_gmt":"2023-02-06T09:38:46","slug":"uruguay-muj-druhy-domov","status":"publish","type":"post","link":"https:\/\/www.afs.cz\/en\/2022\/02\/uruguay-muj-druhy-domov\/","title":{"rendered":"Uruguay, m\u016fj druh\u00fd domov"},"content":{"rendered":"<p>U\u017e je to n\u011bkolik m\u011bs\u00edc\u016f, co jsem v Praze vystoupila z letadla a vr\u00e1tila se do sv\u00e9ho ka\u017edodenn\u00edho \u017eivota. Duben a\u017e z\u00e1\u0159\u00ed jsem toti\u017e str\u00e1vila na semestr\u00e1ln\u00edm programu v Uruguayi, kouzeln\u00e9 zemi Ji\u017en\u00ed Ameriky.<\/p>\n<p><figure class=\"wp-image-wrap\"><img loading=\"lazy\" decoding=\"async\" class=\"size-medium wp-image-13960 alignleft\" src=\"https:\/\/d22dvihj4pfop3.cloudfront.net\/wp-content\/uploads\/sites\/84\/2022\/02\/12195923\/IMG_20220212_195537_480-450x600.jpg\" alt=\"\" width=\"450\" height=\"600\" \/><\/figure><\/p>\n<p>A\u010dkoliv mi u n\u00e1s v \u010cesku nic nechyb\u011blo, v\u017edycky jsem v sob\u011b c\u00edtila touhu vyj\u00edt ze svoj\u00ed komfortn\u00ed z\u00f3ny. Za\u010dala jsem si zji\u0161\u0165ovat informace o r\u016fzn\u00fdch mo\u017enostech studia v zahrani\u010d\u00ed a AFS u m\u011b jednozna\u010dn\u011b vyhr\u00e1lo. Latinsk\u00e1 Amerika m\u011b odjak\u017eiva p\u0159itahovala a Uruguay si m\u011b z\u00edskala u\u017e jenom t\u00edm, \u017ee do n\u00ed je\u0161t\u011b \u017e\u00e1dn\u00fd \u010desk\u00fd student v r\u00e1mci AFS program\u016f p\u0159ede mnou nevycestoval. \u010casto toti\u017e b\u00fdv\u00e1 zast\u00edn\u011bn\u00e1 soused\u00edc\u00ed Braz\u00edli\u00ed \u010di Argentinou, ale je pr\u00e1v\u011b tak kr\u00e1sn\u00e1, pln\u00e1 zaj\u00edmav\u00fdch m\u00edst a bohat\u00e9 kultury.<\/p>\n<p>Kv\u016fli koronavirov\u00e9 situaci se m\u016fj odlet n\u011bkolikr\u00e1t posouval, a tak kdy\u017e jsem po dlouh\u00fdch t\u00fddnech nejistoty kone\u010dn\u011b m\u00ed\u0159ila na leti\u0161t\u011b, moje nad\u0161en\u00ed zast\u00ednilo jak\u00e9koliv obavy a nervozitu. A to jsem ani netu\u0161ila, \u017ee se vyd\u00e1v\u00e1m vst\u0159\u00edc n\u011bkter\u00fdm z nejlep\u0161\u00edch z\u00e1\u017eitk\u016f m\u00e9ho \u017eivota. P\u0159iv\u00edtala m\u011b moje hostitelsk\u00e1 rodina, kter\u00e1 se skl\u00e1dala z rodi\u010d\u016f a dvou sester, ze kter\u00fdch se r\u00e1zem staly moje nejlep\u0161\u00ed kamar\u00e1dky. Ve sv\u00e9m m\u011bste\u010dku jsem se zabydlela neuv\u011b\u0159iteln\u011b rychle. Sv\u00e9 rodin\u011b vd\u011b\u010d\u00edm za spoustu nejr\u016fzn\u011bj\u0161\u00edch v\u00fdlet\u016f, zaj\u00edmav\u00fdch konverzac\u00ed, za v\u0161echny ty chv\u00edle, kter\u00e9 jsem s nimi mohla str\u00e1vit. Oporou mi v Uruguayi byli tak\u00e9 ostatn\u00ed AFS studenti, se kter\u00fdmi jsem si okam\u017eit\u011b porozum\u011bla a sd\u00edleli jsme spolu nespo\u010det z\u00e1\u017eitk\u016f na na\u0161ich programech. O nic m\u00e9n\u011b d\u016fle\u017eit\u00ed pro m\u011b byli moji uruguay\u0161t\u00ed p\u0159\u00e1tel\u00e9 \u2014 lid\u00e9 v m\u00e9m m\u011bst\u011b byli neskute\u010dn\u011b vl\u00eddn\u00ed, zaj\u00edmali se o \u010deskou kulturu, a rozhodn\u011b jsem se s nimi nenudila. V\u0161ichni byli ochotn\u00ed mi pom\u00e1hat se \u0161pan\u011bl\u0161tinou i s jak\u00fdmikoliv jin\u00fdmi probl\u00e9my, nau\u010dili m\u011b ka\u017ed\u00fd den p\u00edt mate, tradi\u010dn\u00ed uruguaysk\u00fd n\u00e1poj, i ve\u010de\u0159et v 11 v noci.\u00a0 <figure class=\"wp-image-wrap\"><img loading=\"lazy\" decoding=\"async\" class=\"size-medium wp-image-13964 alignright\" src=\"https:\/\/d22dvihj4pfop3.cloudfront.net\/wp-content\/uploads\/sites\/84\/2022\/02\/12200038\/IMG_20220212_195528_780-450x600.jpg\" alt=\"\" width=\"450\" height=\"600\" \/><\/figure><\/p>\n<p>Nic ale nen\u00ed \u010dern\u00e9 a b\u00edl\u00e9 a ne v ka\u017ed\u00e9m moment sv\u00e9ho programu jsem byla \u0161\u0165astn\u00e1. Mal\u00e1 nedorozum\u011bn\u00ed, h\u00e1dky \u010di stesk po domov\u011b k pobyt\u016fm v zahrani\u010d\u00ed samoz\u0159ejm\u011b pat\u0159\u00ed a i ty ze m\u011b ud\u011blaly toho \u010dlov\u011bka, kter\u00fdm jsem te\u010f. I p\u0159esto, \u017ee jsem odjela za pandemie, bych p\u016flrok v Uruguayi za nic nevym\u011bnila a v\u017edycky budu vd\u011b\u010dn\u00e1, \u017ee jsem dostala tuhle skv\u011blou p\u0159\u00edle\u017eitost. Tis\u00edce vzpom\u00ednek, zku\u0161enost\u00ed, z\u00e1\u017eitk\u016f, objet\u00ed, \u00fasm\u011bv\u016f, ale i trapas\u016f a slz (a to hlavn\u011b p\u0159i odjezdu).<\/p>\n<p>Za p\u00e1r m\u011bs\u00edc\u016f jsem z\u00edskala nejen druh\u00fd domov, ale taky napojen\u00ed na AFS komunitu, kter\u00e1 mi dennodenn\u011b dokazuje, \u017ee na sv\u011bt\u011b je\u0161t\u011b zb\u00fdv\u00e1 spousta tolerance, pochopen\u00ed a nad\u011bje.<\/p>\n<p>&#8211; Linda D., semestr\u00e1ln\u00ed program v Uruguayi<\/p>\n<hr \/>\n<h3><strong>Za\u017eij st\u0159edn\u00ed \u0161kolu v zahrani\u010d\u00ed<\/strong><\/h3>\n<p>L\u00e1k\u00e1 t\u011b pro\u017e\u00edt podobn\u00e9 dobrodru\u017estv\u00ed jako Linda? Nau\u010dit se nov\u00fd ciz\u00ed jazyk na druh\u00e9 stran\u011b sv\u011bta? V\u00fdm\u011bnn\u00fd studijn\u00ed program je z\u00e1\u017eitek, kter\u00fd ka\u017ed\u00e9mu studentovi p\u0159inese zku\u0161enosti a nadhled pot\u0159ebn\u00e9 pro sou\u010dasn\u00fd sv\u011bt. Pokud i tebe l\u00e1k\u00e1 my\u0161lenka st\u0159edn\u00ed \u0161koly za hranicemi \u010cesk\u00e9 republiky, nev\u00e1hej a kontaktuj na\u0161i koordin\u00e1torku Zuzanu. Ji\u017e z\u00edtra m\u016f\u017ee\u0161 b\u00fdt o krok bl\u00ed\u017e sv\u00e9mu snu! V\u00edce informac\u00ed o AFS studijn\u00edch programech a konkr\u00e9tn\u00ed nab\u00eddku mo\u017en\u00fdch destinac\u00ed nalezne\u0161 zde: <a href=\"https:\/\/www.afs.cz\/studium-v-zahranici\/?utm_source=web&amp;utm_medium=blog&amp;utm_campaign=sending_clanky&amp;utm_term=uruguay\">www.afs.cz\/studium-v-zahranici\/<\/a><\/p>\n<p>Spojit se s n\u00e1mi m\u016f\u017ee\u0161 tak\u00e9 p\u0159es kontaktn\u00ed formul\u00e1\u0159 a my se ti ozveme do t\u0159\u00ed pracovn\u00edch dn\u00ed:\u00a0<a href=\"https:\/\/www.afs.cz\/kontaktni-formular\/?utm_source=web&amp;utm_medium=blog&amp;utm_campaign=sending_clanky&amp;utm_term=uruguay\">www.afs.cz\/kontaktni-formular\/<\/a><\/p>\n<h3 class=\"panel-wysiwyg__column-title h3\" data-name=\"title\" data-livetext=\"\"><strong>Zuzana \u010cu\u010dkov\u00e1<\/strong><\/h3>\n<div class=\"panel-wysiwyg__column-content\">\n<div class=\"context-content\" data-name=\"content\" data-livetext=\"\">\n<p>AFS koordin\u00e1torka studia v zahrani\u010d\u00ed<br \/>\nE:\u00a0<a href=\"mailto:zuzana.cuckova@afs.org\">zuzana.cuckova@afs.org<br \/>\n<\/a>M: 606 704 100<\/p>\n<\/div>\n<\/div>\n","protected":false},"excerpt":{"rendered":"<p>U\u017e je to n\u011bkolik m\u011bs\u00edc\u016f, co jsem v Praze vystoupila z letadla a vr\u00e1tila se do sv\u00e9ho ka\u017edodenn\u00edho \u017eivota. Duben&hellip;<\/p>\n","protected":false},"author":351,"featured_media":13958,"comment_status":"open","ping_status":"open","sticky":false,"template":"","format":"standard","meta":{"footnotes":""},"categories":[50],"tags":[],"class_list":["post-13957","post","type-post","status-publish","format-standard","has-post-thumbnail","hentry","category-studium-v-zahranici"],"yoast_head":"<!-- This site is optimized with the Yoast SEO Premium plugin v26.6 (Yoast SEO v26.6) - https:\/\/yoast.com\/wordpress\/plugins\/seo\/ -->\n<title>Uruguay, m\u016fj druh\u00fd domov - Mezikulturn\u00ed programy<\/title>\n<meta name=\"robots\" content=\"index, follow, max-snippet:-1, max-image-preview:large, max-video-preview:-1\" \/>\n<link rel=\"canonical\" href=\"https:\/\/www.afs.cz\/en\/2022\/02\/uruguay-muj-druhy-domov\/\" \/>\n<meta property=\"og:locale\" content=\"en_US\" \/>\n<meta property=\"og:type\" content=\"article\" \/>\n<meta property=\"og:title\" content=\"Uruguay, m\u016fj druh\u00fd domov\" \/>\n<meta property=\"og:description\" content=\"U\u017e je to n\u011bkolik m\u011bs\u00edc\u016f, co jsem v Praze vystoupila z letadla a vr\u00e1tila se do sv\u00e9ho ka\u017edodenn\u00edho \u017eivota. Duben&hellip;\" \/>\n<meta property=\"og:url\" content=\"https:\/\/www.afs.cz\/en\/2022\/02\/uruguay-muj-druhy-domov\/\" \/>\n<meta property=\"og:site_name\" content=\"Mezikulturn\u00ed programy\" \/>\n<meta property=\"article:published_time\" content=\"2022-02-12T19:02:56+00:00\" \/>\n<meta property=\"article:modified_time\" content=\"2023-02-06T09:38:46+00:00\" \/>\n<meta property=\"og:image\" content=\"https:\/\/d22dvihj4pfop3.cloudfront.net\/wp-content\/uploads\/sites\/84\/2022\/02\/12195841\/IMG_20220212_195534_704-1124x630.jpg\" \/>\n\t<meta property=\"og:image:width\" content=\"1124\" \/>\n\t<meta property=\"og:image:height\" content=\"630\" \/>\n\t<meta property=\"og:image:type\" content=\"image\/jpeg\" \/>\n<meta name=\"author\" content=\"afscesko\" \/>\n<meta name=\"twitter:card\" content=\"summary_large_image\" \/>\n<meta name=\"twitter:label1\" content=\"Written by\" \/>\n\t<meta name=\"twitter:data1\" content=\"afscesko\" \/>\n\t<meta name=\"twitter:label2\" content=\"Est. reading time\" \/>\n\t<meta name=\"twitter:data2\" content=\"4 minutes\" \/>\n<script type=\"application\/ld+json\" class=\"yoast-schema-graph\">{\"@context\":\"https:\/\/schema.org\",\"@graph\":[{\"@type\":\"WebPage\",\"@id\":\"https:\/\/www.afs.cz\/en\/2022\/02\/uruguay-muj-druhy-domov\/\",\"url\":\"https:\/\/www.afs.cz\/en\/2022\/02\/uruguay-muj-druhy-domov\/\",\"name\":\"Uruguay, m\u016fj druh\u00fd domov - Mezikulturn\u00ed programy\",\"isPartOf\":{\"@id\":\"https:\/\/www.afs.cz\/en\/#website\"},\"primaryImageOfPage\":{\"@id\":\"https:\/\/www.afs.cz\/en\/2022\/02\/uruguay-muj-druhy-domov\/#primaryimage\"},\"image\":{\"@id\":\"https:\/\/www.afs.cz\/en\/2022\/02\/uruguay-muj-druhy-domov\/#primaryimage\"},\"thumbnailUrl\":\"https:\/\/d22dvihj4pfop3.cloudfront.net\/wp-content\/uploads\/sites\/84\/2022\/02\/12195841\/IMG_20220212_195534_704.jpg\",\"datePublished\":\"2022-02-12T19:02:56+00:00\",\"dateModified\":\"2023-02-06T09:38:46+00:00\",\"author\":{\"@id\":\"https:\/\/www.afs.cz\/en\/#\/schema\/person\/bc52da0be76098030e75baeb919827ff\"},\"breadcrumb\":{\"@id\":\"https:\/\/www.afs.cz\/en\/2022\/02\/uruguay-muj-druhy-domov\/#breadcrumb\"},\"inLanguage\":\"en-US\",\"potentialAction\":[{\"@type\":\"ReadAction\",\"target\":[\"https:\/\/www.afs.cz\/en\/2022\/02\/uruguay-muj-druhy-domov\/\"]}]},{\"@type\":\"ImageObject\",\"inLanguage\":\"en-US\",\"@id\":\"https:\/\/www.afs.cz\/en\/2022\/02\/uruguay-muj-druhy-domov\/#primaryimage\",\"url\":\"https:\/\/d22dvihj4pfop3.cloudfront.net\/wp-content\/uploads\/sites\/84\/2022\/02\/12195841\/IMG_20220212_195534_704.jpg\",\"contentUrl\":\"https:\/\/d22dvihj4pfop3.cloudfront.net\/wp-content\/uploads\/sites\/84\/2022\/02\/12195841\/IMG_20220212_195534_704.jpg\",\"width\":1124,\"height\":1500},{\"@type\":\"BreadcrumbList\",\"@id\":\"https:\/\/www.afs.cz\/en\/2022\/02\/uruguay-muj-druhy-domov\/#breadcrumb\",\"itemListElement\":[{\"@type\":\"ListItem\",\"position\":1,\"name\":\"Home\",\"item\":\"https:\/\/czechrepublic.afssite.afs.org\/en\/\"},{\"@type\":\"ListItem\",\"position\":2,\"name\":\"Uruguay, m\u016fj druh\u00fd domov\"}]},{\"@type\":\"WebSite\",\"@id\":\"https:\/\/www.afs.cz\/en\/#website\",\"url\":\"https:\/\/www.afs.cz\/en\/\",\"name\":\"Mezikulturn\u00ed programy\",\"description\":\"Studium v zahrani\u010d\u00ed, hostitelsk\u00fd program, vzd\u011bl\u00e1vac\u00ed programy, dobrovolnictv\u00ed a mnoho dal\u0161\u00edho.\",\"potentialAction\":[{\"@type\":\"SearchAction\",\"target\":{\"@type\":\"EntryPoint\",\"urlTemplate\":\"https:\/\/www.afs.cz\/en\/?s={search_term_string}\"},\"query-input\":{\"@type\":\"PropertyValueSpecification\",\"valueRequired\":true,\"valueName\":\"search_term_string\"}}],\"inLanguage\":\"en-US\"},{\"@type\":\"Person\",\"@id\":\"https:\/\/www.afs.cz\/en\/#\/schema\/person\/bc52da0be76098030e75baeb919827ff\",\"name\":\"afscesko\",\"image\":{\"@type\":\"ImageObject\",\"inLanguage\":\"en-US\",\"@id\":\"https:\/\/www.afs.cz\/en\/#\/schema\/person\/image\/\",\"url\":\"https:\/\/secure.gravatar.com\/avatar\/eda270bfa745d003b9a210dc384a8c22e1a05bc41e5280645d3e2968a117c931?s=96&d=mm&r=g\",\"contentUrl\":\"https:\/\/secure.gravatar.com\/avatar\/eda270bfa745d003b9a210dc384a8c22e1a05bc41e5280645d3e2968a117c931?s=96&d=mm&r=g\",\"caption\":\"afscesko\"},\"url\":\"https:\/\/www.afs.cz\/en\/author\/afscesko\/\"}]}<\/script>\n<!-- \/ Yoast SEO Premium plugin. -->","yoast_head_json":{"title":"Uruguay, m\u016fj druh\u00fd domov - Mezikulturn\u00ed programy","robots":{"index":"index","follow":"follow","max-snippet":"max-snippet:-1","max-image-preview":"max-image-preview:large","max-video-preview":"max-video-preview:-1"},"canonical":"https:\/\/www.afs.cz\/en\/2022\/02\/uruguay-muj-druhy-domov\/","og_locale":"en_US","og_type":"article","og_title":"Uruguay, m\u016fj druh\u00fd domov","og_description":"U\u017e je to n\u011bkolik m\u011bs\u00edc\u016f, co jsem v Praze vystoupila z letadla a vr\u00e1tila se do sv\u00e9ho ka\u017edodenn\u00edho \u017eivota. Duben&hellip;","og_url":"https:\/\/www.afs.cz\/en\/2022\/02\/uruguay-muj-druhy-domov\/","og_site_name":"Mezikulturn\u00ed programy","article_published_time":"2022-02-12T19:02:56+00:00","article_modified_time":"2023-02-06T09:38:46+00:00","og_image":[{"width":1124,"height":630,"url":"https:\/\/d22dvihj4pfop3.cloudfront.net\/wp-content\/uploads\/sites\/84\/2022\/02\/12195841\/IMG_20220212_195534_704-1124x630.jpg","type":"image\/jpeg"}],"author":"afscesko","twitter_card":"summary_large_image","twitter_misc":{"Written by":"afscesko","Est. reading time":"4 minutes"},"schema":{"@context":"https:\/\/schema.org","@graph":[{"@type":"WebPage","@id":"https:\/\/www.afs.cz\/en\/2022\/02\/uruguay-muj-druhy-domov\/","url":"https:\/\/www.afs.cz\/en\/2022\/02\/uruguay-muj-druhy-domov\/","name":"Uruguay, m\u016fj druh\u00fd domov - Mezikulturn\u00ed programy","isPartOf":{"@id":"https:\/\/www.afs.cz\/en\/#website"},"primaryImageOfPage":{"@id":"https:\/\/www.afs.cz\/en\/2022\/02\/uruguay-muj-druhy-domov\/#primaryimage"},"image":{"@id":"https:\/\/www.afs.cz\/en\/2022\/02\/uruguay-muj-druhy-domov\/#primaryimage"},"thumbnailUrl":"https:\/\/d22dvihj4pfop3.cloudfront.net\/wp-content\/uploads\/sites\/84\/2022\/02\/12195841\/IMG_20220212_195534_704.jpg","datePublished":"2022-02-12T19:02:56+00:00","dateModified":"2023-02-06T09:38:46+00:00","author":{"@id":"https:\/\/www.afs.cz\/en\/#\/schema\/person\/bc52da0be76098030e75baeb919827ff"},"breadcrumb":{"@id":"https:\/\/www.afs.cz\/en\/2022\/02\/uruguay-muj-druhy-domov\/#breadcrumb"},"inLanguage":"en-US","potentialAction":[{"@type":"ReadAction","target":["https:\/\/www.afs.cz\/en\/2022\/02\/uruguay-muj-druhy-domov\/"]}]},{"@type":"ImageObject","inLanguage":"en-US","@id":"https:\/\/www.afs.cz\/en\/2022\/02\/uruguay-muj-druhy-domov\/#primaryimage","url":"https:\/\/d22dvihj4pfop3.cloudfront.net\/wp-content\/uploads\/sites\/84\/2022\/02\/12195841\/IMG_20220212_195534_704.jpg","contentUrl":"https:\/\/d22dvihj4pfop3.cloudfront.net\/wp-content\/uploads\/sites\/84\/2022\/02\/12195841\/IMG_20220212_195534_704.jpg","width":1124,"height":1500},{"@type":"BreadcrumbList","@id":"https:\/\/www.afs.cz\/en\/2022\/02\/uruguay-muj-druhy-domov\/#breadcrumb","itemListElement":[{"@type":"ListItem","position":1,"name":"Home","item":"https:\/\/czechrepublic.afssite.afs.org\/en\/"},{"@type":"ListItem","position":2,"name":"Uruguay, m\u016fj druh\u00fd domov"}]},{"@type":"WebSite","@id":"https:\/\/www.afs.cz\/en\/#website","url":"https:\/\/www.afs.cz\/en\/","name":"Mezikulturn\u00ed programy","description":"Studium v zahrani\u010d\u00ed, hostitelsk\u00fd program, vzd\u011bl\u00e1vac\u00ed programy, dobrovolnictv\u00ed a mnoho dal\u0161\u00edho.","potentialAction":[{"@type":"SearchAction","target":{"@type":"EntryPoint","urlTemplate":"https:\/\/www.afs.cz\/en\/?s={search_term_string}"},"query-input":{"@type":"PropertyValueSpecification","valueRequired":true,"valueName":"search_term_string"}}],"inLanguage":"en-US"},{"@type":"Person","@id":"https:\/\/www.afs.cz\/en\/#\/schema\/person\/bc52da0be76098030e75baeb919827ff","name":"afscesko","image":{"@type":"ImageObject","inLanguage":"en-US","@id":"https:\/\/www.afs.cz\/en\/#\/schema\/person\/image\/","url":"https:\/\/secure.gravatar.com\/avatar\/eda270bfa745d003b9a210dc384a8c22e1a05bc41e5280645d3e2968a117c931?s=96&d=mm&r=g","contentUrl":"https:\/\/secure.gravatar.com\/avatar\/eda270bfa745d003b9a210dc384a8c22e1a05bc41e5280645d3e2968a117c931?s=96&d=mm&r=g","caption":"afscesko"},"url":"https:\/\/www.afs.cz\/en\/author\/afscesko\/"}]}},"_links":{"self":[{"href":"https:\/\/www.afs.cz\/en\/wp-json\/wp\/v2\/posts\/13957","targetHints":{"allow":["GET"]}}],"collection":[{"href":"https:\/\/www.afs.cz\/en\/wp-json\/wp\/v2\/posts"}],"about":[{"href":"https:\/\/www.afs.cz\/en\/wp-json\/wp\/v2\/types\/post"}],"author":[{"embeddable":true,"href":"https:\/\/www.afs.cz\/en\/wp-json\/wp\/v2\/users\/351"}],"replies":[{"embeddable":true,"href":"https:\/\/www.afs.cz\/en\/wp-json\/wp\/v2\/comments?post=13957"}],"version-history":[{"count":4,"href":"https:\/\/www.afs.cz\/en\/wp-json\/wp\/v2\/posts\/13957\/revisions"}],"predecessor-version":[{"id":16631,"href":"https:\/\/www.afs.cz\/en\/wp-json\/wp\/v2\/posts\/13957\/revisions\/16631"}],"wp:featuredmedia":[{"embeddable":true,"href":"https:\/\/www.afs.cz\/en\/wp-json\/wp\/v2\/media\/13958"}],"wp:attachment":[{"href":"https:\/\/www.afs.cz\/en\/wp-json\/wp\/v2\/media?parent=13957"}],"wp:term":[{"taxonomy":"category","embeddable":true,"href":"https:\/\/www.afs.cz\/en\/wp-json\/wp\/v2\/categories?post=13957"},{"taxonomy":"post_tag","embeddable":true,"href":"https:\/\/www.afs.cz\/en\/wp-json\/wp\/v2\/tags?post=13957"}],"curies":[{"name":"wp","href":"https:\/\/api.w.org\/{rel}","templated":true}]}}