{"id":13735,"date":"2022-01-25T12:39:41","date_gmt":"2022-01-25T11:39:41","guid":{"rendered":"https:\/\/czechrepublic.afssite.afs.org\/?p=13735"},"modified":"2023-02-06T10:37:23","modified_gmt":"2023-02-06T09:37:23","slug":"moje-tri-mesice-ve-svycarsku","status":"publish","type":"post","link":"https:\/\/www.afs.cz\/en\/2022\/01\/moje-tri-mesice-ve-svycarsku\/","title":{"rendered":"I kdy\u017e jsem nev\u011bd\u011bla kam, v\u011bd\u011bla jsem, \u017ee n\u011bkam ur\u010dit\u011b&#8230;"},"content":{"rendered":"<p>Na AFS program jsem se hrozn\u011b moc t\u011b\u0161ila. Vlastn\u011b u\u017e od mali\u010dka jsem v\u011bd\u011bla, \u017ee s AFS ur\u010dit\u011b n\u011bkam chci jet, i kdy\u017e jsem nev\u011bd\u011bla p\u0159esn\u011b kam. Moc r\u00e1da jsem poslouchala \u00fa\u017easn\u00e9 p\u0159\u00edb\u011bhy m\u00e9 maminky, kter\u00e1 byla s AFS na st\u0159edn\u00ed \u0161kole v Ohiu v USA, a neust\u00e1le jsem vyzv\u00eddala. Bylo moc kr\u00e1sn\u00e9, kdy\u017e jsme spole\u010dn\u011b na V\u00e1noce i b\u011bhem roku psali jej\u00ed hostitelsk\u00e9 rodin\u011b, kdy\u017e n\u00e1m jej\u00ed hostitelsk\u00e1 mamka poslala nap\u0159. ru\u010dn\u011b vyroben\u00e9 l\u00e1tkov\u00e9 ta\u0161ky, kter\u00e9 u\u0161ila a jejich\u017e l\u00e1tku pro Ohio navrhla,\u2026 Prost\u011b pat\u0159it do rodiny na druh\u00e9m konci sv\u011bta!<\/p>\n<p><figure class=\"wp-image-wrap\"><img loading=\"lazy\" decoding=\"async\" class=\"size-medium wp-image-13740 alignright\" src=\"https:\/\/d22dvihj4pfop3.cloudfront.net\/wp-content\/uploads\/sites\/84\/2022\/01\/25123721\/Fotky-Svycarsko-Kovarova-Lenka-3-449x600.jpg\" alt=\"\" width=\"449\" height=\"600\" \/><\/figure><\/p>\n<p>Z jin\u00e9 strany jsem pak studium v zahrani\u010d\u00ed za\u017eila, kdy\u017e moje babi\u010dka AFS studenty hostila. A s nimi tak\u00e9 udr\u017eujeme kontakt dodnes. No, a tak vzniklo to, \u017ee jsem prvn\u00ed \u010d\u00e1st m\u00e9ho t\u0159et\u00edho ro\u010dn\u00edku st\u0159edn\u00ed \u0161koly str\u00e1vila ve \u0160v\u00fdcarsku. A pro\u010d \u0160v\u00fdcarsko? Bav\u00ed m\u011b n\u011bm\u010dina, cht\u011bla jsem se v n\u00ed zdokonalit, fascinuje m\u011b \u0161v\u00fdcarsk\u00e1 p\u0159\u00edroda, neutralita a zodpov\u011bdnost, cht\u011bla jsem si ov\u011b\u0159it, jestli \u0160v\u00fdca\u0159i jsou opravdu tak \u201ep\u00fcnktlich\u201c a cht\u011bla jsem si splnit moje d\u011btsk\u00e9 p\u0159\u00e1n\u00ed, potkat na hor\u00e1ch tu \u010dokol\u00e1dovou kr\u00e1vu z reklamy.<\/p>\n<p>M\u00e9 volby jsem rozhodn\u011b nelitovala, \u0160v\u00fdcarsko bylo pro m\u011b skv\u011bl\u00e9! Zem\u011b, kde nic nen\u00ed probl\u00e9m, zem\u011b velk\u00e9 tolerance, zodpov\u011bdnosti, p\u0159esnosti a r\u016fznorodosti. M\u00e1 kr\u00e1snou p\u0159\u00edrodu, kter\u00e9 si \u0160v\u00fdca\u0159i velmi v\u00e1\u017e\u00ed a pe\u010duj\u00ed o ni. Nejen hospod\u00e1\u0159sk\u00e1 zv\u00ed\u0159ata na ka\u017ed\u00e9m rohu a s\u00fdry, kter\u00e9 jsou obrovsk\u00fdch rozm\u011br\u016f a prod\u00e1vaj\u00ed se \u00fapln\u011b v\u0161ude. Stejn\u011b jako pitnou vodu najdete \u00fapln\u011b v\u0161ude. Cestov\u00e1n\u00ed je zde neskute\u010dn\u011b snadn\u00e9 a je rozhodn\u011b co objevovat! Sever je \u00fapln\u011b jin\u00fd ne\u017e jih, z\u00e1pad jin\u00fd ne\u017e v\u00fdchod, tradi\u010dn\u00ed \u010d\u00e1st jin\u00e1 ne\u017e modern\u00ed, v zemi se mluv\u00ed 4 jazyky a m\u00edsta nedaleko od sebe mohou m\u00edt r\u016fzn\u00e1 podneb\u00ed.<figure class=\"wp-image-wrap\"><img loading=\"lazy\" decoding=\"async\" class=\"size-medium wp-image-13738 alignleft\" src=\"https:\/\/d22dvihj4pfop3.cloudfront.net\/wp-content\/uploads\/sites\/84\/2022\/01\/25123631\/Fotky-Svycarsko-Kovarova-Lenka-449x600.jpg\" alt=\"\" width=\"449\" height=\"600\" \/><\/figure><\/p>\n<p>Ve \u0160v\u00fdcarsku je \u00fa\u017easn\u00e1 p\u0159\u00edroda a \u0160v\u00fdca\u0159i miluj\u00ed \u201eWandern\u201c. Chodili jsme \u010dasto na t\u00fary a n\u00e1ramn\u011b jsem si to u\u017e\u00edvala. Nej\u010dast\u011bji jsem chodila s\u00a0moj\u00ed hostitelskou mamkou a hostitelsk\u00fdm ta\u0165kou, do kter\u00fdch byste opravdu netipli, \u017ee je jim p\u0159es 60 let! \u0160v\u00fdca\u0159i jsou obecn\u011b velmi fit, a to se projevuje i na zdatnosti spolu\u017e\u00e1k\u016f v hodin\u00e1ch t\u011blocviku a n\u00e1plni hodin. T\u011blocvik byl super! D\u00e1le do moj\u00ed host rodinky pat\u0159ili 3 sourozenci (26,28,33 let), se kter\u00fdmi jsem tr\u00e1vila pom\u011brn\u011b hodn\u011b \u010dasu a s hostitelskou s\u00e9grou jsem chodila i na hodiny karate, kter\u00e9 jsem nikdy p\u0159edt\u00edm ned\u011blala. Tak\u00e9 jsem nav\u0161t\u011bvovala nap\u0159. hodiny folklorn\u00edch tanc\u016f s m\u00edstn\u00edmi lidmi snad ka\u017ed\u00e9ho v\u011bku.<\/p>\n<p>Do \u0161koly jsem chodila na gymn\u00e1zium v men\u0161\u00edm \u0161v\u00fdcarsk\u00e9m m\u011bst\u011b. \u0160kola na r\u016fzn\u00fdch m\u00edstech sv\u011bta je jin\u00e1 a ta \u0161v\u00fdcarsk\u00e1 m\u011b bavila moc a hodn\u011b m\u011b nau\u010dila! Co se t\u00fdk\u00e1 j\u00eddla ve \u0160v\u00fdcarsku, rozhodn\u011b m\u011b nezklamalo. Poznala jsem, \u017ee Eidam rozhodn\u011b nechutn\u00e1 jako \u0161v\u00fdcarsk\u00fd s\u00fdr (kter\u00e9ho jsem m\u011bla p\u0159i cest\u011b dom\u016f t\u00e9m\u011b\u0159 pln\u00fd p\u0159\u00edru\u010dn\u00ed kufr), mohla jsem ochutnat zeleninu, kterou jsem do t\u00e9 doby ochutnat mo\u017enost nem\u011bla, zamilovala si Kn\u00f6pfli a zjistila jsem, \u017ee \u0160v\u00fdca\u0159i um\u00ed opravdu dob\u0159e va\u0159it a spole\u010dn\u00e1, dlouh\u00e1 ve\u010de\u0159e se spoustou lidmi je kr\u00e1sn\u00e1!<figure class=\"wp-image-wrap\"><img loading=\"lazy\" decoding=\"async\" class=\"size-medium wp-image-13742 alignright\" src=\"https:\/\/d22dvihj4pfop3.cloudfront.net\/wp-content\/uploads\/sites\/84\/2022\/01\/25123759\/Fotky-Svycarsko-Kovarova-Lenka-2-449x600.jpg\" alt=\"\" width=\"449\" height=\"600\" \/><\/figure><\/p>\n<p>Nejkr\u00e1sn\u011bj\u0161\u00ed vzpom\u00ednky, kter\u00e9 z programu m\u00e1m, je asi pozn\u00e1v\u00e1n\u00ed nov\u00e9ho st\u00e1tu, objevov\u00e1n\u00ed p\u0159ekr\u00e1sn\u00fdch m\u00edst, v\u00fdstup z komfortn\u00ed z\u00f3ny, cestov\u00e1n\u00ed, mo\u017enost nau\u010dit se nov\u00fdm sport\u016fm, krou\u017ek\u016fm, pozn\u00e1v\u00e1n\u00ed kultury, historie, politiky ciz\u00edho st\u00e1tu, nov\u00e9ho jazyka, charakter lid\u00ed, kte\u0159\u00ed \u017eij\u00ed n\u011bkde jinde a jsou jinak vychov\u00e1v\u00e1ni, samostatnost, zodpov\u011bdnost, \u010das s hostitelskou rodinou, nov\u00ed kamar\u00e1di \u2013 \u0160v\u00fdca\u0159i i v\u00fdm\u011bnn\u00ed studenti z cel\u00e9ho sv\u011bta a \u010cR, se kter\u00fdmi jsme si velmi sedli a na programech se navz\u00e1jem podporovali,\u2026 Je toho tolik! A v\u011bt\u0161inu v\u011bc\u00ed bych jako b\u011b\u017en\u00fd turista nem\u011bla mo\u017enost poznat, za\u017e\u00edt! V\u00fdm\u011bnn\u00fd pobyt d\u00e1v\u00e1 obrovskou volnost, mo\u017enost p\u0159ijet na spoustu m\u00edst ve sv\u011bt\u011b i v \u010cR a m\u00edt si s k\u00fdm popov\u00eddat, kde b\u00fdt a je\u0161t\u011b v\u00edce si v\u00e1\u017eit m\u00e9ho domova. Mockr\u00e1t d\u011bkuji, AFS t\u00fdme, proto\u017ee na tyhle 3 m\u011bs\u00edce budu vzpom\u00ednat cel\u00fd \u017eivot a u\u017e se t\u011b\u0161\u00edm, a\u017e budu jako dobrovoln\u00edk pom\u00e1hat n\u011bco takov\u00e9ho za\u017e\u00edt i student\u016fm zde v \u010cR!<\/p>\n<p>&#8211; Lenka K., t\u0159\u00edm\u011bs\u00ed\u010dn\u00ed program ve \u0160v\u00fdcarsku ve \u0161koln\u00edm roce 2021\/2022<\/p>\n<hr \/>\n<h3><strong>Za\u017eij st\u0159edn\u00ed \u0161kolu v zahrani\u010d\u00ed<\/strong><\/h3>\n<p>Inspiroval t\u011b p\u0159\u00edb\u011bh Lenky? Chce\u0161 pro\u017e\u00edt podobn\u00e9 dobrodru\u017estv\u00ed a nau\u010dit se nov\u00fd ciz\u00ed jazyk? V\u00fdm\u011bnn\u00fd studijn\u00ed program je z\u00e1\u017eitek, kter\u00fd ka\u017ed\u00e9mu studentovi p\u0159inese zku\u0161enosti a nadhled pot\u0159ebn\u00e9 pro sou\u010dasn\u00fd sv\u011bt. Pokud i tebe l\u00e1k\u00e1 my\u0161lenka st\u0159edn\u00ed \u0161koly za hranicemi \u010cesk\u00e9 republiky, nev\u00e1hej a kontaktuj na\u0161i koordin\u00e1torku Zuzanu. Ji\u017e z\u00edtra m\u016f\u017ee\u0161 b\u00fdt o krok bl\u00ed\u017e sv\u00e9mu snu! V\u00edce informac\u00ed o AFS studijn\u00edch programech a konkr\u00e9tn\u00ed nab\u00eddku mo\u017en\u00fdch destinac\u00ed nalezne\u0161 zde: <a href=\"https:\/\/www.afs.cz\/studium-v-zahranici\/?utm_source=web&amp;utm_medium=blog&amp;utm_campaign=sending_clanky&amp;utm_term=svycarsko\">www.afs.cz\/studium-v-zahranici\/<\/a><\/p>\n<p>Spojit se s n\u00e1mi m\u016f\u017ee\u0161 tak\u00e9 p\u0159es kontaktn\u00ed formul\u00e1\u0159 a my se ti ozveme do t\u0159\u00ed pracovn\u00edch dn\u00ed:\u00a0<a href=\"https:\/\/www.afs.cz\/kontaktni-formular\/?utm_source=web&amp;utm_medium=blog&amp;utm_campaign=sending_clanky&amp;utm_term=svycarsko\">www.afs.cz\/kontaktni-formular\/<\/a><\/p>\n<h3 class=\"panel-wysiwyg__column-title h3\" data-name=\"title\" data-livetext=\"\"><strong>Zuzana \u010cu\u010dkov\u00e1<\/strong><\/h3>\n<div class=\"panel-wysiwyg__column-content\">\n<div class=\"context-content\" data-name=\"content\" data-livetext=\"\">\n<p>AFS koordin\u00e1torka studia v zahrani\u010d\u00ed<br \/>\nE:\u00a0<a href=\"mailto:zuzana.cuckova@afs.org\">zuzana.cuckova@afs.org<br \/>\n<\/a>M: 606 704 100<\/p>\n<\/div>\n<\/div>\n","protected":false},"excerpt":{"rendered":"<p>Na AFS program jsem se hrozn\u011b moc t\u011b\u0161ila. Vlastn\u011b u\u017e od mali\u010dka jsem v\u011bd\u011bla, \u017ee s AFS ur\u010dit\u011b n\u011bkam chci&hellip;<\/p>\n","protected":false},"author":351,"featured_media":13736,"comment_status":"open","ping_status":"open","sticky":false,"template":"","format":"standard","meta":{"footnotes":""},"categories":[50],"tags":[],"class_list":["post-13735","post","type-post","status-publish","format-standard","has-post-thumbnail","hentry","category-studium-v-zahranici"],"yoast_head":"<!-- This site is optimized with the Yoast SEO Premium plugin v26.6 (Yoast SEO v26.6) - https:\/\/yoast.com\/wordpress\/plugins\/seo\/ -->\n<title>I kdy\u017e jsem nev\u011bd\u011bla kam, v\u011bd\u011bla jsem, \u017ee n\u011bkam ur\u010dit\u011b... - Mezikulturn\u00ed programy<\/title>\n<meta name=\"robots\" content=\"index, follow, max-snippet:-1, max-image-preview:large, max-video-preview:-1\" \/>\n<link rel=\"canonical\" href=\"https:\/\/www.afs.cz\/en\/2022\/01\/moje-tri-mesice-ve-svycarsku\/\" \/>\n<meta property=\"og:locale\" content=\"en_US\" \/>\n<meta property=\"og:type\" content=\"article\" \/>\n<meta property=\"og:title\" content=\"I kdy\u017e jsem nev\u011bd\u011bla kam, v\u011bd\u011bla jsem, \u017ee n\u011bkam ur\u010dit\u011b...\" \/>\n<meta property=\"og:description\" content=\"Na AFS program jsem se hrozn\u011b moc t\u011b\u0161ila. Vlastn\u011b u\u017e od mali\u010dka jsem v\u011bd\u011bla, \u017ee s AFS ur\u010dit\u011b n\u011bkam chci&hellip;\" \/>\n<meta property=\"og:url\" content=\"https:\/\/www.afs.cz\/en\/2022\/01\/moje-tri-mesice-ve-svycarsku\/\" \/>\n<meta property=\"og:site_name\" content=\"Mezikulturn\u00ed programy\" \/>\n<meta property=\"article:published_time\" content=\"2022-01-25T11:39:41+00:00\" \/>\n<meta property=\"article:modified_time\" content=\"2023-02-06T09:37:23+00:00\" \/>\n<meta property=\"og:image\" content=\"https:\/\/d22dvihj4pfop3.cloudfront.net\/wp-content\/uploads\/sites\/84\/2022\/01\/25123323\/IMG-20210912-WA0020-1000x630.jpg\" \/>\n\t<meta property=\"og:image:width\" content=\"1000\" \/>\n\t<meta property=\"og:image:height\" content=\"630\" \/>\n\t<meta property=\"og:image:type\" content=\"image\/jpeg\" \/>\n<meta name=\"author\" content=\"afscesko\" \/>\n<meta name=\"twitter:card\" content=\"summary_large_image\" \/>\n<meta name=\"twitter:label1\" content=\"Written by\" \/>\n\t<meta name=\"twitter:data1\" content=\"afscesko\" \/>\n\t<meta name=\"twitter:label2\" content=\"Est. reading time\" \/>\n\t<meta name=\"twitter:data2\" content=\"5 minutes\" \/>\n<script type=\"application\/ld+json\" class=\"yoast-schema-graph\">{\"@context\":\"https:\/\/schema.org\",\"@graph\":[{\"@type\":\"WebPage\",\"@id\":\"https:\/\/www.afs.cz\/en\/2022\/01\/moje-tri-mesice-ve-svycarsku\/\",\"url\":\"https:\/\/www.afs.cz\/en\/2022\/01\/moje-tri-mesice-ve-svycarsku\/\",\"name\":\"I kdy\u017e jsem nev\u011bd\u011bla kam, v\u011bd\u011bla jsem, \u017ee n\u011bkam ur\u010dit\u011b... - Mezikulturn\u00ed programy\",\"isPartOf\":{\"@id\":\"https:\/\/www.afs.cz\/en\/#website\"},\"primaryImageOfPage\":{\"@id\":\"https:\/\/www.afs.cz\/en\/2022\/01\/moje-tri-mesice-ve-svycarsku\/#primaryimage\"},\"image\":{\"@id\":\"https:\/\/www.afs.cz\/en\/2022\/01\/moje-tri-mesice-ve-svycarsku\/#primaryimage\"},\"thumbnailUrl\":\"https:\/\/d22dvihj4pfop3.cloudfront.net\/wp-content\/uploads\/sites\/84\/2022\/01\/25123323\/IMG-20210912-WA0020.jpg\",\"datePublished\":\"2022-01-25T11:39:41+00:00\",\"dateModified\":\"2023-02-06T09:37:23+00:00\",\"author\":{\"@id\":\"https:\/\/www.afs.cz\/en\/#\/schema\/person\/bc52da0be76098030e75baeb919827ff\"},\"breadcrumb\":{\"@id\":\"https:\/\/www.afs.cz\/en\/2022\/01\/moje-tri-mesice-ve-svycarsku\/#breadcrumb\"},\"inLanguage\":\"en-US\",\"potentialAction\":[{\"@type\":\"ReadAction\",\"target\":[\"https:\/\/www.afs.cz\/en\/2022\/01\/moje-tri-mesice-ve-svycarsku\/\"]}]},{\"@type\":\"ImageObject\",\"inLanguage\":\"en-US\",\"@id\":\"https:\/\/www.afs.cz\/en\/2022\/01\/moje-tri-mesice-ve-svycarsku\/#primaryimage\",\"url\":\"https:\/\/d22dvihj4pfop3.cloudfront.net\/wp-content\/uploads\/sites\/84\/2022\/01\/25123323\/IMG-20210912-WA0020.jpg\",\"contentUrl\":\"https:\/\/d22dvihj4pfop3.cloudfront.net\/wp-content\/uploads\/sites\/84\/2022\/01\/25123323\/IMG-20210912-WA0020.jpg\",\"width\":1000,\"height\":750},{\"@type\":\"BreadcrumbList\",\"@id\":\"https:\/\/www.afs.cz\/en\/2022\/01\/moje-tri-mesice-ve-svycarsku\/#breadcrumb\",\"itemListElement\":[{\"@type\":\"ListItem\",\"position\":1,\"name\":\"Home\",\"item\":\"https:\/\/czechrepublic.afssite.afs.org\/en\/\"},{\"@type\":\"ListItem\",\"position\":2,\"name\":\"I kdy\u017e jsem nev\u011bd\u011bla kam, v\u011bd\u011bla jsem, \u017ee n\u011bkam ur\u010dit\u011b&#8230;\"}]},{\"@type\":\"WebSite\",\"@id\":\"https:\/\/www.afs.cz\/en\/#website\",\"url\":\"https:\/\/www.afs.cz\/en\/\",\"name\":\"Mezikulturn\u00ed programy\",\"description\":\"Studium v zahrani\u010d\u00ed, hostitelsk\u00fd program, vzd\u011bl\u00e1vac\u00ed programy, dobrovolnictv\u00ed a mnoho dal\u0161\u00edho.\",\"potentialAction\":[{\"@type\":\"SearchAction\",\"target\":{\"@type\":\"EntryPoint\",\"urlTemplate\":\"https:\/\/www.afs.cz\/en\/?s={search_term_string}\"},\"query-input\":{\"@type\":\"PropertyValueSpecification\",\"valueRequired\":true,\"valueName\":\"search_term_string\"}}],\"inLanguage\":\"en-US\"},{\"@type\":\"Person\",\"@id\":\"https:\/\/www.afs.cz\/en\/#\/schema\/person\/bc52da0be76098030e75baeb919827ff\",\"name\":\"afscesko\",\"image\":{\"@type\":\"ImageObject\",\"inLanguage\":\"en-US\",\"@id\":\"https:\/\/www.afs.cz\/en\/#\/schema\/person\/image\/\",\"url\":\"https:\/\/secure.gravatar.com\/avatar\/eda270bfa745d003b9a210dc384a8c22e1a05bc41e5280645d3e2968a117c931?s=96&d=mm&r=g\",\"contentUrl\":\"https:\/\/secure.gravatar.com\/avatar\/eda270bfa745d003b9a210dc384a8c22e1a05bc41e5280645d3e2968a117c931?s=96&d=mm&r=g\",\"caption\":\"afscesko\"},\"url\":\"https:\/\/www.afs.cz\/en\/author\/afscesko\/\"}]}<\/script>\n<!-- \/ Yoast SEO Premium plugin. -->","yoast_head_json":{"title":"I kdy\u017e jsem nev\u011bd\u011bla kam, v\u011bd\u011bla jsem, \u017ee n\u011bkam ur\u010dit\u011b... - Mezikulturn\u00ed programy","robots":{"index":"index","follow":"follow","max-snippet":"max-snippet:-1","max-image-preview":"max-image-preview:large","max-video-preview":"max-video-preview:-1"},"canonical":"https:\/\/www.afs.cz\/en\/2022\/01\/moje-tri-mesice-ve-svycarsku\/","og_locale":"en_US","og_type":"article","og_title":"I kdy\u017e jsem nev\u011bd\u011bla kam, v\u011bd\u011bla jsem, \u017ee n\u011bkam ur\u010dit\u011b...","og_description":"Na AFS program jsem se hrozn\u011b moc t\u011b\u0161ila. Vlastn\u011b u\u017e od mali\u010dka jsem v\u011bd\u011bla, \u017ee s AFS ur\u010dit\u011b n\u011bkam chci&hellip;","og_url":"https:\/\/www.afs.cz\/en\/2022\/01\/moje-tri-mesice-ve-svycarsku\/","og_site_name":"Mezikulturn\u00ed programy","article_published_time":"2022-01-25T11:39:41+00:00","article_modified_time":"2023-02-06T09:37:23+00:00","og_image":[{"width":1000,"height":630,"url":"https:\/\/d22dvihj4pfop3.cloudfront.net\/wp-content\/uploads\/sites\/84\/2022\/01\/25123323\/IMG-20210912-WA0020-1000x630.jpg","type":"image\/jpeg"}],"author":"afscesko","twitter_card":"summary_large_image","twitter_misc":{"Written by":"afscesko","Est. reading time":"5 minutes"},"schema":{"@context":"https:\/\/schema.org","@graph":[{"@type":"WebPage","@id":"https:\/\/www.afs.cz\/en\/2022\/01\/moje-tri-mesice-ve-svycarsku\/","url":"https:\/\/www.afs.cz\/en\/2022\/01\/moje-tri-mesice-ve-svycarsku\/","name":"I kdy\u017e jsem nev\u011bd\u011bla kam, v\u011bd\u011bla jsem, \u017ee n\u011bkam ur\u010dit\u011b... - Mezikulturn\u00ed programy","isPartOf":{"@id":"https:\/\/www.afs.cz\/en\/#website"},"primaryImageOfPage":{"@id":"https:\/\/www.afs.cz\/en\/2022\/01\/moje-tri-mesice-ve-svycarsku\/#primaryimage"},"image":{"@id":"https:\/\/www.afs.cz\/en\/2022\/01\/moje-tri-mesice-ve-svycarsku\/#primaryimage"},"thumbnailUrl":"https:\/\/d22dvihj4pfop3.cloudfront.net\/wp-content\/uploads\/sites\/84\/2022\/01\/25123323\/IMG-20210912-WA0020.jpg","datePublished":"2022-01-25T11:39:41+00:00","dateModified":"2023-02-06T09:37:23+00:00","author":{"@id":"https:\/\/www.afs.cz\/en\/#\/schema\/person\/bc52da0be76098030e75baeb919827ff"},"breadcrumb":{"@id":"https:\/\/www.afs.cz\/en\/2022\/01\/moje-tri-mesice-ve-svycarsku\/#breadcrumb"},"inLanguage":"en-US","potentialAction":[{"@type":"ReadAction","target":["https:\/\/www.afs.cz\/en\/2022\/01\/moje-tri-mesice-ve-svycarsku\/"]}]},{"@type":"ImageObject","inLanguage":"en-US","@id":"https:\/\/www.afs.cz\/en\/2022\/01\/moje-tri-mesice-ve-svycarsku\/#primaryimage","url":"https:\/\/d22dvihj4pfop3.cloudfront.net\/wp-content\/uploads\/sites\/84\/2022\/01\/25123323\/IMG-20210912-WA0020.jpg","contentUrl":"https:\/\/d22dvihj4pfop3.cloudfront.net\/wp-content\/uploads\/sites\/84\/2022\/01\/25123323\/IMG-20210912-WA0020.jpg","width":1000,"height":750},{"@type":"BreadcrumbList","@id":"https:\/\/www.afs.cz\/en\/2022\/01\/moje-tri-mesice-ve-svycarsku\/#breadcrumb","itemListElement":[{"@type":"ListItem","position":1,"name":"Home","item":"https:\/\/czechrepublic.afssite.afs.org\/en\/"},{"@type":"ListItem","position":2,"name":"I kdy\u017e jsem nev\u011bd\u011bla kam, v\u011bd\u011bla jsem, \u017ee n\u011bkam ur\u010dit\u011b&#8230;"}]},{"@type":"WebSite","@id":"https:\/\/www.afs.cz\/en\/#website","url":"https:\/\/www.afs.cz\/en\/","name":"Mezikulturn\u00ed programy","description":"Studium v zahrani\u010d\u00ed, hostitelsk\u00fd program, vzd\u011bl\u00e1vac\u00ed programy, dobrovolnictv\u00ed a mnoho dal\u0161\u00edho.","potentialAction":[{"@type":"SearchAction","target":{"@type":"EntryPoint","urlTemplate":"https:\/\/www.afs.cz\/en\/?s={search_term_string}"},"query-input":{"@type":"PropertyValueSpecification","valueRequired":true,"valueName":"search_term_string"}}],"inLanguage":"en-US"},{"@type":"Person","@id":"https:\/\/www.afs.cz\/en\/#\/schema\/person\/bc52da0be76098030e75baeb919827ff","name":"afscesko","image":{"@type":"ImageObject","inLanguage":"en-US","@id":"https:\/\/www.afs.cz\/en\/#\/schema\/person\/image\/","url":"https:\/\/secure.gravatar.com\/avatar\/eda270bfa745d003b9a210dc384a8c22e1a05bc41e5280645d3e2968a117c931?s=96&d=mm&r=g","contentUrl":"https:\/\/secure.gravatar.com\/avatar\/eda270bfa745d003b9a210dc384a8c22e1a05bc41e5280645d3e2968a117c931?s=96&d=mm&r=g","caption":"afscesko"},"url":"https:\/\/www.afs.cz\/en\/author\/afscesko\/"}]}},"_links":{"self":[{"href":"https:\/\/www.afs.cz\/en\/wp-json\/wp\/v2\/posts\/13735","targetHints":{"allow":["GET"]}}],"collection":[{"href":"https:\/\/www.afs.cz\/en\/wp-json\/wp\/v2\/posts"}],"about":[{"href":"https:\/\/www.afs.cz\/en\/wp-json\/wp\/v2\/types\/post"}],"author":[{"embeddable":true,"href":"https:\/\/www.afs.cz\/en\/wp-json\/wp\/v2\/users\/351"}],"replies":[{"embeddable":true,"href":"https:\/\/www.afs.cz\/en\/wp-json\/wp\/v2\/comments?post=13735"}],"version-history":[{"count":6,"href":"https:\/\/www.afs.cz\/en\/wp-json\/wp\/v2\/posts\/13735\/revisions"}],"predecessor-version":[{"id":16630,"href":"https:\/\/www.afs.cz\/en\/wp-json\/wp\/v2\/posts\/13735\/revisions\/16630"}],"wp:featuredmedia":[{"embeddable":true,"href":"https:\/\/www.afs.cz\/en\/wp-json\/wp\/v2\/media\/13736"}],"wp:attachment":[{"href":"https:\/\/www.afs.cz\/en\/wp-json\/wp\/v2\/media?parent=13735"}],"wp:term":[{"taxonomy":"category","embeddable":true,"href":"https:\/\/www.afs.cz\/en\/wp-json\/wp\/v2\/categories?post=13735"},{"taxonomy":"post_tag","embeddable":true,"href":"https:\/\/www.afs.cz\/en\/wp-json\/wp\/v2\/tags?post=13735"}],"curies":[{"name":"wp","href":"https:\/\/api.w.org\/{rel}","templated":true}]}}