{"id":13707,"date":"2022-01-15T20:21:07","date_gmt":"2022-01-15T19:21:07","guid":{"rendered":"https:\/\/czechrepublic.afssite.afs.org\/?p=13707"},"modified":"2023-02-06T10:35:27","modified_gmt":"2023-02-06T09:35:27","slug":"tri-mesice-v-nemecku","status":"publish","type":"post","link":"https:\/\/www.afs.cz\/en\/2022\/01\/tri-mesice-v-nemecku\/","title":{"rendered":"T\u0159i m\u011bs\u00edce v N\u011bmecku a co z toho m\u00e1m?"},"content":{"rendered":"<p><em>(tenhle \u010dl\u00e1nek byl naps\u00e1n b\u011bhem pop\u00edjen\u00ed kafe z hrn\u00ed\u010dku od hostitelsk\u00e9 rodiny)<\/em><\/p>\n<p>N\u011bmecko &#8211; to byl od za\u010d\u00e1tku studia na st\u0159edn\u00ed tak trochu sen, jakkoliv to zn\u00ed vzhledem k poloze \u010ceska absurdn\u011b. Kdy\u017e to potom vy\u0161lo, byla jsem \u0161t\u011bst\u00edm bez sebe &#8211; asi hlavn\u011b proto, \u017ee jsem si tu zku\u0161enost moc nedok\u00e1zala p\u0159edstavit. N\u011bmecko bylo do posledn\u00ed chv\u00edle n\u011bco abstraktn\u00edho, absolutn\u011b neuchopiteln\u00e9ho. A kdy\u017e na to te\u010f kouk\u00e1m zp\u011btn\u011b, jsem na tom s tou abstrakc\u00ed podobn\u011b: v\u016fbec nedok\u00e1\u017eu naj\u00edt slova, kter\u00e1 by tu smr\u0161\u0165 z\u00e1\u017eitk\u016f a zku\u0161enost\u00ed a zm\u011bn, kter\u00e9 se se mnou za ty t\u0159i m\u011bs\u00edce staly &#8211; a kter\u00e9 p\u0159edev\u0161\u00edm po\u0159\u00e1d pokra\u010duj\u00ed! &#8211; dok\u00e1zala uchopit.<\/p>\n<p>T\u0159i m\u011bs\u00edce se mohou zd\u00e1t jako t\u00e9m\u011b\u0159 zanedbateln\u00fd \u00fasek \u010dasu. Hm. Je v tom ov\u0161em h\u00e1\u010dek. Ano, ute\u010dou hned, jenom\u017ee to je d\u00e1no t\u00edm, \u017ee je \u010dlov\u011bk neust\u00e1le v jednom kole. Jin\u00fdmi slovy: je to kr\u00e1tk\u00e9, ale intenzivn\u00ed. Najednou je ze zanedbateln\u00e9ho \u00faseku \u00fasek naprosto kl\u00ed\u010dov\u00fd. A mimochodem, stejn\u011b tak je to s t\u00edm, \u017ee \u010d\u00edm bl\u00ed\u017e domovu \u010dlov\u011bk je, t\u00edm m\u00e9n\u011b s n\u00edm pobyt v zahrani\u010d\u00ed ud\u011bl\u00e1. M\u016f\u017ee to tak na prvn\u00ed pohled vypadat, ale ve skute\u010dnosti to v\u016fbec nen\u00ed pravda. To, jak moc tahle zku\u0161enost \u010dlov\u011bka zformuje, z\u00e1le\u017e\u00ed hlavn\u011b na otev\u0159enosti, s jakou k t\u00e9hle p\u0159\u00edle\u017eitosti p\u0159istupujeme. Alespo\u0148 j\u00e1 to tak vn\u00edm\u00e1m.<\/p>\n<p><figure class=\"wp-image-wrap\"><img loading=\"lazy\" decoding=\"async\" class=\"size-medium wp-image-13722 alignright\" style=\"max-width: 35%; display: block; font-size: 18px;\" src=\"https:\/\/d22dvihj4pfop3.cloudfront.net\/wp-content\/uploads\/sites\/84\/2022\/01\/17191246\/1642256069359-450x600.jpg\" alt=\"\" width=\"450\" height=\"600\" \/><\/figure><\/p>\n<p>Spoustu je toho te\u010f pro m\u011b jinak. Ne snad, \u017ee by se \u010cesko \u00fapln\u011b od z\u00e1klad\u016f zm\u011bnilo. Zm\u011bnila jsem se &#8211; t\u00e9m\u011b\u0159 od t\u011bch z\u00e1klad\u016f &#8211; jen j\u00e1. A popravd\u011b \u0159e\u010deno to mnohdy dost bol\u00ed. Jak m\u00e1m v\u0161em v p\u00e1r v\u011bt\u00e1ch vysv\u011btlit v\u0161echno to, \u010d\u00edm jsem si v N\u011bmecku pro\u0161la? \u017de m\u00e1m v\u00edc energie a jsem si jist\u011bj\u0161\u00ed sv\u00fdm zam\u011b\u0159en\u00edm a sna\u017e\u00edm se nezastavit se na m\u00edst\u011b (ve smyslu fyzick\u00e9m i psychick\u00e9m), to je na m\u011b vid\u011bt. Viditeln\u00e1 je i moje radost z toho, \u017ee jsem zp\u00e1tky ve sv\u00e9 milovan\u00e9 \u010desk\u00e9 \u0161kole a nad\u0161en\u00ed z \u010cesk\u00fdch drah (to mysl\u00edm v\u00e1\u017en\u011b!). Hmatateln\u00e9 jsou pohlednice, kter\u00e9 mi z N\u011bmecka od hostitelsk\u00e9 rodiny chod\u00ed. To je v\u0161echno na povrchu a vypad\u00e1 to hezky. Fajn. Co ale t\u0159eba osam\u011blost, kter\u00e1 nevyhnuteln\u011b p\u0159ich\u00e1z\u00ed s n\u00e1vratem a nep\u0159enositelnost\u00ed takov\u00e9 zku\u0161enosti? Co st\u00fdsk\u00e1n\u00ed si po spole\u010dn\u00fdch ve\u010de\u0159\u00edch v hostitelsk\u00e9m dom\u011b, rann\u00edch j\u00edzd\u00e1ch do \u0161koly na kole, mlze nad Aachem, po kamar\u00e1dech z AFS, Bodamsk\u00e9m jezeru, Heidelbergu, n\u011bm\u010din\u011b\u2026<\/p>\n<p>J\u00edt studovat do zahrani\u010d\u00ed v jak\u00e9mkoliv v\u011bku vy\u017eaduje obrovskou odvahu. I kdy\u017e to m\u00e1 b\u00fdt \u201e<em>jenom k soused\u016fm\u201d.<\/em> Nese to s sebou &#8211; jako v\u0161echno &#8211; spoustu kr\u00e1sn\u00fdch v\u011bc\u00ed i spoustu n\u00e1ro\u010dn\u00e9ho, co\u017e t\u0159eba nemus\u00ed b\u00fdt na prvn\u00ed pohled zn\u00e1t (mo\u017en\u00e1 proto je pak propast mezi v\u00e1mi a bl\u00edzk\u00fdmi v\u011bt\u0161\u00ed &#8211; proto\u017ee maj\u00ed v\u0161ichni okolo v\u00e1s pocit, \u017ee jste si jen odsko\u010dili na dovolenou, a vy jste se mezit\u00edm nejm\u00e9n\u011b polovinu \u010dasu pl\u00e1cali v obrovsk\u00fdch pochybnostech a kriz\u00edch). Pro m\u011b je to ale stejn\u011b jedno z nejlep\u0161\u00edch rozhodnut\u00ed, kter\u00e1 jsem kdy v \u017eivot\u011b ud\u011blala. A postupn\u011b zji\u0161\u0165uji, \u017ee to je mnohem v\u00edc pr\u00e1v\u011b pro to abstraktn\u00ed, ne\u017e pro to, co je vid\u011bt. Jsem sebev\u011bdom\u011bj\u0161\u00ed, samostatn\u011bj\u0161\u00ed, ale hlavn\u011b odhodlan\u011bj\u0161\u00ed n\u011bco doopravdy m\u011bnit. To aby ty moje abstraktn\u00ed my\u0161lenky dostaly re\u00e1lnou podobu. Aby se \u010cesko, kter\u00e9 je pro m\u011b skute\u010dn\u00fdm domovem (a za tohle zji\u0161t\u011bn\u00ed vd\u011b\u010d\u00edm rovn\u011b\u017e programu), stalo domovem je\u0161t\u011b domovit\u011bj\u0161\u00edm, takov\u00fdm, jak\u00fd m\u00e1 domov skute\u010dn\u011b b\u00fdt &#8211; tolerantn\u00edm, respektuj\u00edc\u00edm a podporuj\u00edc\u00edm v\u0161echny, kte\u0159\u00ed ho takov\u00fdm d\u011blat cht\u011bj\u00ed. A\u0165 u\u017e jsou odkudkoliv.<\/p>\n<p>\u2013 Am\u00e1lka T., t\u0159\u00edm\u011bs\u00ed\u010dn\u00ed stipendijn\u00ed program v N\u011bmecku 2021\/2022, \u010d\u00e1ste\u010dn\u00e9 stipendium bylo ud\u011bleno d\u00edky finan\u010dn\u00ed podpo\u0159e od <a href=\"https:\/\/www.fb.cz\/\">\u010cesko-n\u011bmeck\u00e9ho fondu budoucnosti<\/a><\/p>\n<hr \/>\n<h3><strong>Za\u017eij st\u0159edn\u00ed \u0161kolu v zahrani\u010d\u00ed<\/strong><\/h3>\n<p>Inspiroval t\u011b p\u0159\u00edb\u011bh Am\u00e1lky? Chce\u0161 pro\u017e\u00edt podobn\u00e9 dobrodru\u017estv\u00ed a nau\u010dit se nov\u00fd ciz\u00ed jazyk? V\u00fdm\u011bnn\u00fd studijn\u00ed program je z\u00e1\u017eitek, kter\u00fd ka\u017ed\u00e9mu studentovi p\u0159inese zku\u0161enosti a nadhled pot\u0159ebn\u00e9 pro sou\u010dasn\u00fd sv\u011bt. Pokud i tebe l\u00e1k\u00e1 my\u0161lenka st\u0159edn\u00ed \u0161koly za hranicemi \u010cesk\u00e9 republiky, nev\u00e1hej a kontaktuj na\u0161i koordin\u00e1torku Zuzanu. Ji\u017e z\u00edtra m\u016f\u017ee\u0161 b\u00fdt o krok bl\u00ed\u017e sv\u00e9mu snu! V\u00edce informac\u00ed o AFS studijn\u00edch programech a konkr\u00e9tn\u00ed nab\u00eddku mo\u017en\u00fdch destinac\u00ed nalezne\u0161 zde: <a href=\"https:\/\/www.afs.cz\/studium-v-zahranici\/?utm_source=web&amp;utm_medium=blog&amp;utm_campaign=sending_clanky&amp;utm_term=nemecko\">www.afs.cz\/studium-v-zahranici\/<\/a><\/p>\n<p>Spojit se s n\u00e1mi m\u016f\u017ee\u0161 tak\u00e9 p\u0159es kontaktn\u00ed formul\u00e1\u0159 a my se ti ozveme do t\u0159\u00ed pracovn\u00edch dn\u00ed:\u00a0<a href=\"https:\/\/www.afs.cz\/kontaktni-formular\/?utm_source=web&amp;utm_medium=blog&amp;utm_campaign=sending_clanky&amp;utm_term=nemecko\">www.afs.cz\/kontaktni-formular\/<\/a><\/p>\n<h3 class=\"panel-wysiwyg__column-title h3\" data-name=\"title\" data-livetext=\"\"><strong>Zuzana \u010cu\u010dkov\u00e1<\/strong><\/h3>\n<div class=\"panel-wysiwyg__column-content\">\n<div class=\"context-content\" data-name=\"content\" data-livetext=\"\">\n<p>AFS koordin\u00e1torka studia v zahrani\u010d\u00ed<br \/>\nE:\u00a0<a href=\"mailto:zuzana.cuckova@afs.org\">zuzana.cuckova@afs.org<br \/>\n<\/a>M: 606 704 100<\/p>\n<\/div>\n<\/div>\n","protected":false},"excerpt":{"rendered":"<p>(tenhle \u010dl\u00e1nek byl naps\u00e1n b\u011bhem pop\u00edjen\u00ed kafe z hrn\u00ed\u010dku od hostitelsk\u00e9 rodiny) N\u011bmecko &#8211; to byl od za\u010d\u00e1tku studia na&hellip;<\/p>\n","protected":false},"author":351,"featured_media":13720,"comment_status":"open","ping_status":"open","sticky":false,"template":"","format":"standard","meta":{"footnotes":""},"categories":[50],"tags":[],"class_list":["post-13707","post","type-post","status-publish","format-standard","has-post-thumbnail","hentry","category-studium-v-zahranici"],"yoast_head":"<!-- This site is optimized with the Yoast SEO Premium plugin v26.6 (Yoast SEO v26.6) - https:\/\/yoast.com\/wordpress\/plugins\/seo\/ -->\n<title>T\u0159i m\u011bs\u00edce v N\u011bmecku a co z toho m\u00e1m? - Mezikulturn\u00ed programy<\/title>\n<meta name=\"robots\" content=\"index, follow, max-snippet:-1, max-image-preview:large, max-video-preview:-1\" \/>\n<link rel=\"canonical\" href=\"https:\/\/www.afs.cz\/en\/2022\/01\/tri-mesice-v-nemecku\/\" \/>\n<meta property=\"og:locale\" content=\"en_US\" \/>\n<meta property=\"og:type\" content=\"article\" \/>\n<meta property=\"og:title\" content=\"T\u0159i m\u011bs\u00edce v N\u011bmecku a co z toho m\u00e1m?\" \/>\n<meta property=\"og:description\" content=\"(tenhle \u010dl\u00e1nek byl naps\u00e1n b\u011bhem pop\u00edjen\u00ed kafe z hrn\u00ed\u010dku od hostitelsk\u00e9 rodiny) N\u011bmecko &#8211; to byl od za\u010d\u00e1tku studia na&hellip;\" \/>\n<meta property=\"og:url\" content=\"https:\/\/www.afs.cz\/en\/2022\/01\/tri-mesice-v-nemecku\/\" \/>\n<meta property=\"og:site_name\" content=\"Mezikulturn\u00ed programy\" \/>\n<meta property=\"article:published_time\" content=\"2022-01-15T19:21:07+00:00\" \/>\n<meta property=\"article:modified_time\" content=\"2023-02-06T09:35:27+00:00\" \/>\n<meta property=\"og:image\" content=\"https:\/\/d22dvihj4pfop3.cloudfront.net\/wp-content\/uploads\/sites\/84\/2022\/01\/17191137\/Nahledovky-Sending-zeme-1200x630.png\" \/>\n\t<meta property=\"og:image:width\" content=\"1200\" \/>\n\t<meta property=\"og:image:height\" content=\"630\" \/>\n\t<meta property=\"og:image:type\" content=\"image\/png\" \/>\n<meta name=\"author\" content=\"afscesko\" \/>\n<meta name=\"twitter:card\" content=\"summary_large_image\" \/>\n<meta name=\"twitter:label1\" content=\"Written by\" \/>\n\t<meta name=\"twitter:data1\" content=\"afscesko\" \/>\n\t<meta name=\"twitter:label2\" content=\"Est. reading time\" \/>\n\t<meta name=\"twitter:data2\" content=\"5 minutes\" \/>\n<script type=\"application\/ld+json\" class=\"yoast-schema-graph\">{\"@context\":\"https:\/\/schema.org\",\"@graph\":[{\"@type\":\"WebPage\",\"@id\":\"https:\/\/www.afs.cz\/en\/2022\/01\/tri-mesice-v-nemecku\/\",\"url\":\"https:\/\/www.afs.cz\/en\/2022\/01\/tri-mesice-v-nemecku\/\",\"name\":\"T\u0159i m\u011bs\u00edce v N\u011bmecku a co z toho m\u00e1m? - Mezikulturn\u00ed programy\",\"isPartOf\":{\"@id\":\"https:\/\/www.afs.cz\/en\/#website\"},\"primaryImageOfPage\":{\"@id\":\"https:\/\/www.afs.cz\/en\/2022\/01\/tri-mesice-v-nemecku\/#primaryimage\"},\"image\":{\"@id\":\"https:\/\/www.afs.cz\/en\/2022\/01\/tri-mesice-v-nemecku\/#primaryimage\"},\"thumbnailUrl\":\"https:\/\/d22dvihj4pfop3.cloudfront.net\/wp-content\/uploads\/sites\/84\/2022\/01\/17191137\/Nahledovky-Sending-zeme.png\",\"datePublished\":\"2022-01-15T19:21:07+00:00\",\"dateModified\":\"2023-02-06T09:35:27+00:00\",\"author\":{\"@id\":\"https:\/\/www.afs.cz\/en\/#\/schema\/person\/bc52da0be76098030e75baeb919827ff\"},\"breadcrumb\":{\"@id\":\"https:\/\/www.afs.cz\/en\/2022\/01\/tri-mesice-v-nemecku\/#breadcrumb\"},\"inLanguage\":\"en-US\",\"potentialAction\":[{\"@type\":\"ReadAction\",\"target\":[\"https:\/\/www.afs.cz\/en\/2022\/01\/tri-mesice-v-nemecku\/\"]}]},{\"@type\":\"ImageObject\",\"inLanguage\":\"en-US\",\"@id\":\"https:\/\/www.afs.cz\/en\/2022\/01\/tri-mesice-v-nemecku\/#primaryimage\",\"url\":\"https:\/\/d22dvihj4pfop3.cloudfront.net\/wp-content\/uploads\/sites\/84\/2022\/01\/17191137\/Nahledovky-Sending-zeme.png\",\"contentUrl\":\"https:\/\/d22dvihj4pfop3.cloudfront.net\/wp-content\/uploads\/sites\/84\/2022\/01\/17191137\/Nahledovky-Sending-zeme.png\",\"width\":1200,\"height\":675},{\"@type\":\"BreadcrumbList\",\"@id\":\"https:\/\/www.afs.cz\/en\/2022\/01\/tri-mesice-v-nemecku\/#breadcrumb\",\"itemListElement\":[{\"@type\":\"ListItem\",\"position\":1,\"name\":\"Home\",\"item\":\"https:\/\/czechrepublic.afssite.afs.org\/en\/\"},{\"@type\":\"ListItem\",\"position\":2,\"name\":\"T\u0159i m\u011bs\u00edce v N\u011bmecku a co z toho m\u00e1m?\"}]},{\"@type\":\"WebSite\",\"@id\":\"https:\/\/www.afs.cz\/en\/#website\",\"url\":\"https:\/\/www.afs.cz\/en\/\",\"name\":\"Mezikulturn\u00ed programy\",\"description\":\"Studium v zahrani\u010d\u00ed, hostitelsk\u00fd program, vzd\u011bl\u00e1vac\u00ed programy, dobrovolnictv\u00ed a mnoho dal\u0161\u00edho.\",\"potentialAction\":[{\"@type\":\"SearchAction\",\"target\":{\"@type\":\"EntryPoint\",\"urlTemplate\":\"https:\/\/www.afs.cz\/en\/?s={search_term_string}\"},\"query-input\":{\"@type\":\"PropertyValueSpecification\",\"valueRequired\":true,\"valueName\":\"search_term_string\"}}],\"inLanguage\":\"en-US\"},{\"@type\":\"Person\",\"@id\":\"https:\/\/www.afs.cz\/en\/#\/schema\/person\/bc52da0be76098030e75baeb919827ff\",\"name\":\"afscesko\",\"image\":{\"@type\":\"ImageObject\",\"inLanguage\":\"en-US\",\"@id\":\"https:\/\/www.afs.cz\/en\/#\/schema\/person\/image\/\",\"url\":\"https:\/\/secure.gravatar.com\/avatar\/eda270bfa745d003b9a210dc384a8c22e1a05bc41e5280645d3e2968a117c931?s=96&d=mm&r=g\",\"contentUrl\":\"https:\/\/secure.gravatar.com\/avatar\/eda270bfa745d003b9a210dc384a8c22e1a05bc41e5280645d3e2968a117c931?s=96&d=mm&r=g\",\"caption\":\"afscesko\"},\"url\":\"https:\/\/www.afs.cz\/en\/author\/afscesko\/\"}]}<\/script>\n<!-- \/ Yoast SEO Premium plugin. -->","yoast_head_json":{"title":"T\u0159i m\u011bs\u00edce v N\u011bmecku a co z toho m\u00e1m? - Mezikulturn\u00ed programy","robots":{"index":"index","follow":"follow","max-snippet":"max-snippet:-1","max-image-preview":"max-image-preview:large","max-video-preview":"max-video-preview:-1"},"canonical":"https:\/\/www.afs.cz\/en\/2022\/01\/tri-mesice-v-nemecku\/","og_locale":"en_US","og_type":"article","og_title":"T\u0159i m\u011bs\u00edce v N\u011bmecku a co z toho m\u00e1m?","og_description":"(tenhle \u010dl\u00e1nek byl naps\u00e1n b\u011bhem pop\u00edjen\u00ed kafe z hrn\u00ed\u010dku od hostitelsk\u00e9 rodiny) N\u011bmecko &#8211; to byl od za\u010d\u00e1tku studia na&hellip;","og_url":"https:\/\/www.afs.cz\/en\/2022\/01\/tri-mesice-v-nemecku\/","og_site_name":"Mezikulturn\u00ed programy","article_published_time":"2022-01-15T19:21:07+00:00","article_modified_time":"2023-02-06T09:35:27+00:00","og_image":[{"width":1200,"height":630,"url":"https:\/\/d22dvihj4pfop3.cloudfront.net\/wp-content\/uploads\/sites\/84\/2022\/01\/17191137\/Nahledovky-Sending-zeme-1200x630.png","type":"image\/png"}],"author":"afscesko","twitter_card":"summary_large_image","twitter_misc":{"Written by":"afscesko","Est. reading time":"5 minutes"},"schema":{"@context":"https:\/\/schema.org","@graph":[{"@type":"WebPage","@id":"https:\/\/www.afs.cz\/en\/2022\/01\/tri-mesice-v-nemecku\/","url":"https:\/\/www.afs.cz\/en\/2022\/01\/tri-mesice-v-nemecku\/","name":"T\u0159i m\u011bs\u00edce v N\u011bmecku a co z toho m\u00e1m? - Mezikulturn\u00ed programy","isPartOf":{"@id":"https:\/\/www.afs.cz\/en\/#website"},"primaryImageOfPage":{"@id":"https:\/\/www.afs.cz\/en\/2022\/01\/tri-mesice-v-nemecku\/#primaryimage"},"image":{"@id":"https:\/\/www.afs.cz\/en\/2022\/01\/tri-mesice-v-nemecku\/#primaryimage"},"thumbnailUrl":"https:\/\/d22dvihj4pfop3.cloudfront.net\/wp-content\/uploads\/sites\/84\/2022\/01\/17191137\/Nahledovky-Sending-zeme.png","datePublished":"2022-01-15T19:21:07+00:00","dateModified":"2023-02-06T09:35:27+00:00","author":{"@id":"https:\/\/www.afs.cz\/en\/#\/schema\/person\/bc52da0be76098030e75baeb919827ff"},"breadcrumb":{"@id":"https:\/\/www.afs.cz\/en\/2022\/01\/tri-mesice-v-nemecku\/#breadcrumb"},"inLanguage":"en-US","potentialAction":[{"@type":"ReadAction","target":["https:\/\/www.afs.cz\/en\/2022\/01\/tri-mesice-v-nemecku\/"]}]},{"@type":"ImageObject","inLanguage":"en-US","@id":"https:\/\/www.afs.cz\/en\/2022\/01\/tri-mesice-v-nemecku\/#primaryimage","url":"https:\/\/d22dvihj4pfop3.cloudfront.net\/wp-content\/uploads\/sites\/84\/2022\/01\/17191137\/Nahledovky-Sending-zeme.png","contentUrl":"https:\/\/d22dvihj4pfop3.cloudfront.net\/wp-content\/uploads\/sites\/84\/2022\/01\/17191137\/Nahledovky-Sending-zeme.png","width":1200,"height":675},{"@type":"BreadcrumbList","@id":"https:\/\/www.afs.cz\/en\/2022\/01\/tri-mesice-v-nemecku\/#breadcrumb","itemListElement":[{"@type":"ListItem","position":1,"name":"Home","item":"https:\/\/czechrepublic.afssite.afs.org\/en\/"},{"@type":"ListItem","position":2,"name":"T\u0159i m\u011bs\u00edce v N\u011bmecku a co z toho m\u00e1m?"}]},{"@type":"WebSite","@id":"https:\/\/www.afs.cz\/en\/#website","url":"https:\/\/www.afs.cz\/en\/","name":"Mezikulturn\u00ed programy","description":"Studium v zahrani\u010d\u00ed, hostitelsk\u00fd program, vzd\u011bl\u00e1vac\u00ed programy, dobrovolnictv\u00ed a mnoho dal\u0161\u00edho.","potentialAction":[{"@type":"SearchAction","target":{"@type":"EntryPoint","urlTemplate":"https:\/\/www.afs.cz\/en\/?s={search_term_string}"},"query-input":{"@type":"PropertyValueSpecification","valueRequired":true,"valueName":"search_term_string"}}],"inLanguage":"en-US"},{"@type":"Person","@id":"https:\/\/www.afs.cz\/en\/#\/schema\/person\/bc52da0be76098030e75baeb919827ff","name":"afscesko","image":{"@type":"ImageObject","inLanguage":"en-US","@id":"https:\/\/www.afs.cz\/en\/#\/schema\/person\/image\/","url":"https:\/\/secure.gravatar.com\/avatar\/eda270bfa745d003b9a210dc384a8c22e1a05bc41e5280645d3e2968a117c931?s=96&d=mm&r=g","contentUrl":"https:\/\/secure.gravatar.com\/avatar\/eda270bfa745d003b9a210dc384a8c22e1a05bc41e5280645d3e2968a117c931?s=96&d=mm&r=g","caption":"afscesko"},"url":"https:\/\/www.afs.cz\/en\/author\/afscesko\/"}]}},"_links":{"self":[{"href":"https:\/\/www.afs.cz\/en\/wp-json\/wp\/v2\/posts\/13707","targetHints":{"allow":["GET"]}}],"collection":[{"href":"https:\/\/www.afs.cz\/en\/wp-json\/wp\/v2\/posts"}],"about":[{"href":"https:\/\/www.afs.cz\/en\/wp-json\/wp\/v2\/types\/post"}],"author":[{"embeddable":true,"href":"https:\/\/www.afs.cz\/en\/wp-json\/wp\/v2\/users\/351"}],"replies":[{"embeddable":true,"href":"https:\/\/www.afs.cz\/en\/wp-json\/wp\/v2\/comments?post=13707"}],"version-history":[{"count":9,"href":"https:\/\/www.afs.cz\/en\/wp-json\/wp\/v2\/posts\/13707\/revisions"}],"predecessor-version":[{"id":16628,"href":"https:\/\/www.afs.cz\/en\/wp-json\/wp\/v2\/posts\/13707\/revisions\/16628"}],"wp:featuredmedia":[{"embeddable":true,"href":"https:\/\/www.afs.cz\/en\/wp-json\/wp\/v2\/media\/13720"}],"wp:attachment":[{"href":"https:\/\/www.afs.cz\/en\/wp-json\/wp\/v2\/media?parent=13707"}],"wp:term":[{"taxonomy":"category","embeddable":true,"href":"https:\/\/www.afs.cz\/en\/wp-json\/wp\/v2\/categories?post=13707"},{"taxonomy":"post_tag","embeddable":true,"href":"https:\/\/www.afs.cz\/en\/wp-json\/wp\/v2\/tags?post=13707"}],"curies":[{"name":"wp","href":"https:\/\/api.w.org\/{rel}","templated":true}]}}