{"id":12984,"date":"2021-09-21T20:45:26","date_gmt":"2021-09-21T19:45:26","guid":{"rendered":"http:\/\/czechrepublic.afssite.afs.org\/?p=12984"},"modified":"2023-02-06T10:26:16","modified_gmt":"2023-02-06T09:26:16","slug":"navrat-z-nemecka-ocima-johanky","status":"publish","type":"post","link":"https:\/\/www.afs.cz\/en\/2021\/09\/navrat-z-nemecka-ocima-johanky\/","title":{"rendered":"N\u00e1vrat z N\u011bmecka o\u010dima Johanky"},"content":{"rendered":"<p>P\u0159ed zhruba dvaceti dny jsem p\u0159ijela ze sv\u00e9ho v\u00fdm\u011bnn\u00e9ho programu dom\u016f. Na\u0161t\u011bst\u00ed se mi u\u017e ale nest\u00e1v\u00e1, \u017ee po probuzen\u00ed nev\u00edm, kde jsem, jako se mi st\u00e1valo kr\u00e1tce po p\u0159\u00edjezdu.\u00a0Na posledn\u00edm online kampu v\u00a0N\u011bmecku n\u00e1m \u0159\u00edkali, \u017ee si spousta student\u016f po p\u0159\u00edjezdu mysl\u00ed, \u017ee v\u0161echno byl jen sen. J\u00e1 sama jsem se tohoto pocitu dlouho nemohla zbavit. Z\u00a0ni\u010deho nic je \u010dlov\u011bk doma ve star\u00e9m prost\u0159ed\u00ed s\u00a0lidmi, kter\u00e9 zn\u00e1 dlouho. V\u0161echno, co jsem za\u017eila, tu nikdo nech\u00e1pe a ani si nedok\u00e1\u017ee p\u0159edstavit.<\/p>\n<p>Spousta lid\u00ed se m\u011b pt\u00e1, jak\u00e9 to bylo.\u00a0 Je t\u011b\u017ek\u00e9 na to odpov\u011bd\u011bt jednou v\u011btou. Celkov\u011b je pro m\u011b t\u011b\u017ek\u00e9 mluvit o m\u00e9m pobytu s\u00a0lidmi, kte\u0159\u00ed podobnou zku\u0161enost nemaj\u00ed. Nedok\u00e1\u017eou pochopit, jak\u00e9 to je hledat si kamar\u00e1dy v\u00a0ciz\u00edm jazyce. Nech\u00e1pou, jak\u00e9 to je b\u00fdt tak dlouho bez kohokoliv opravdu bl\u00edzk\u00e9ho a stejn\u011b si zachov\u00e1vat dobrou n\u00e1ladu.<figure class=\"wp-image-wrap\"><img loading=\"lazy\" decoding=\"async\" class=\"size-medium wp-image-12987 alignright\" src=\"https:\/\/d22dvihj4pfop3.cloudfront.net\/wp-content\/uploads\/sites\/84\/2021\/09\/21204358\/fotka-1Johy_GER_NH20-450x600.jpg\" alt=\"\" width=\"450\" height=\"600\" \/><\/figure><\/p>\n<p>\u010c\u00edm d\u00e1l v\u00edc c\u00edt\u00edm, \u017ee jsem se j\u00e1 osobn\u011b zm\u011bnila. Zm\u011bnil se mi pohled na spoustu v\u011bc\u00ed. Po p\u0159\u00edjezdu jsem s\u00a0\u00falekem zjistila, \u017ee u\u017e si tolik nerozum\u00edm se sv\u00fdmi dv\u011bma nejbli\u017e\u0161\u00edmi kamar\u00e1dkami. P\u0159i prvn\u00edm setk\u00e1n\u00ed m\u011b napadla kli\u0161\u00e9 v\u011bta \u201enech\u00e1pu, co \u0159e\u0161\u00ed za probl\u00e9my, to nejsou probl\u00e9my\u201c, kter\u00e1 ale bohu\u017eel p\u0159esn\u011b sed\u00ed.<\/p>\n<p>Mnohem v\u00edce m\u011b vyt\u00e1\u010d\u00ed rasismus a xenofobie, kterou bohu\u017eel vn\u00edm\u00e1m i ve sv\u00fdch bl\u00edzk\u00fdch kruz\u00edch, proto\u017ee jsem ji do t\u00e9to doby ignorovala. V\u0161echny bych je poslala n\u011bkam na del\u0161\u00ed dobu na z\u00e1pad, a\u0165 si zkus\u00ed, jak\u00e9 to je, kdy\u017e v\u00e1s nikdo nebere, kdy\u017e n\u011bkomu po\u0159\u00e1d mus\u00edte n\u011bco dokazovat a kdy\u017e na v\u00e1s spousta kouk\u00e1 skrz prsty.\u00a0Jedna z\u00a0dal\u0161\u00edch v\u011bc\u00ed, co mi zahrani\u010dn\u00ed pobyt dal, je touha zlep\u0161ovat a pracovat na \u010cesk\u00e9 republice. Tohle je m\u016fj domov, nikde se l\u00e9pe c\u00edtit nebudu. Proto m\u00e1m te\u010f v\u011bt\u0161\u00ed chu\u0165 pro svou zem n\u011bco ud\u011blat &#8211; n\u011bjak dobrovolni\u010dit, v\u00edce se anga\u017eovat.<figure class=\"wp-image-wrap\"><img loading=\"lazy\" decoding=\"async\" class=\"size-medium wp-image-12989 alignleft\" src=\"https:\/\/d22dvihj4pfop3.cloudfront.net\/wp-content\/uploads\/sites\/84\/2021\/09\/21204423\/3Johy_GER_NH20-600x450.jpg\" alt=\"\" width=\"600\" height=\"450\" \/><\/figure><\/p>\n<p>N\u011bmeck\u00e1 \u0161kola m\u011b sezn\u00e1mila s\u00a0jin\u00fdm syst\u00e9mem vyu\u010dov\u00e1n\u00ed, p\u0159i kter\u00e9m se v\u00edce p\u0159em\u00fd\u0161l\u00ed a m\u00e9n\u011b bifluje. Mluv\u00ed se o aktu\u00e1ln\u00edch probl\u00e9mech ve sv\u011bt\u011b a ve spole\u010dnosti. U\u010ditel\u00e9 se sna\u017e\u00ed p\u0159edat i poznatky, co se net\u00fdkaj\u00ed jen jejich p\u0159edm\u011btu. D\u00edky tomu jsem o nich za\u010dala v\u00edce p\u0159em\u00fd\u0161let i j\u00e1 sama. P\u0159estala jsem j\u00edst maso, omezila jsem fast fashion. Nev\u00edm, jestli bych se k\u00a0takov\u00fdm krok\u016fm dopracovala sama v\u00a0\u010cech\u00e1ch.<\/p>\n<p>Celkov\u011b ze m\u011b cel\u00e1 tato zku\u0161enost, alespo\u0148 dle m\u00e9ho n\u00e1zoru, ud\u011blala lep\u0161\u00edho \u010dlov\u011bka. Stala jsem se empati\u010dt\u011bj\u0161\u00ed, samostatn\u011bj\u0161\u00ed i odv\u00e1\u017en\u011bj\u0161\u00ed. Dok\u00e1\u017eu se v\u00edce vc\u00edtit do druh\u00fdch, mnohem v\u00edc se sna\u017e\u00edm sv\u00fdm jedn\u00e1n\u00edm nikoho nezranit.\u00a0Rok v\u00a0zahrani\u010d\u00ed bych doporu\u010dila spoust\u011b lidem. Ne, proto\u017ee za\u017eij\u00ed nejlep\u0161\u00ed rok \u017eivota a najdou si spoustu kamar\u00e1d\u016f, ale proto\u017ee je to posune mnohem d\u00e1l. V\u00a0ka\u017ed\u00e9m p\u0159\u00edpad\u011b. A\u0165 u\u017e je to ten nejlep\u0161\u00ed rok, nebo nen\u00ed.<\/p>\n<p>\u2013 Johana K., ro\u010dn\u00ed stipendijn\u00ed program v N\u011bmecku 2020\/2021, \u010d\u00e1ste\u010dn\u00e9 stipendium bylo ud\u011bleno d\u00edky finan\u010dn\u00ed podpo\u0159e od<a href=\"https:\/\/www.fb.cz\/\"> \u010cesko-n\u011bmeck\u00e9ho fondu budoucnosti<\/a><\/p>\n<hr \/>\n<h3><strong>Za\u017eij st\u0159edn\u00ed \u0161kolu v zahrani\u010d\u00ed<\/strong><\/h3>\n<p>Inspiroval t\u011b p\u0159\u00edb\u011bh Johanky? Chce\u0161 pro\u017e\u00edt podobn\u00e9 dobrodru\u017estv\u00ed a nau\u010dit se nov\u00fd ciz\u00ed jazyk? V\u00fdm\u011bnn\u00fd studijn\u00ed program je z\u00e1\u017eitek, kter\u00fd ka\u017ed\u00e9mu studentovi p\u0159inese zku\u0161enosti a nadhled pot\u0159ebn\u00e9 pro sou\u010dasn\u00fd sv\u011bt. Pokud i tebe l\u00e1k\u00e1 my\u0161lenka st\u0159edn\u00ed \u0161koly za hranicemi \u010cesk\u00e9 republiky, nev\u00e1hej a kontaktuj na\u0161i koordin\u00e1torku Zuzanu. Ji\u017e z\u00edtra m\u016f\u017ee\u0161 b\u00fdt o krok bl\u00ed\u017e sv\u00e9mu snu! V\u00edce informac\u00ed o AFS studijn\u00edch programech a konkr\u00e9tn\u00ed nab\u00eddku mo\u017en\u00fdch destinac\u00ed nalezne\u0161 zde: <a href=\"https:\/\/www.afs.cz\/studium-v-zahranici\/?utm_source=web&amp;utm_medium=blog&amp;utm_campaign=sending_clanky&amp;utm_term=nemecko\">www.afs.cz\/studium-v-zahranici\/<\/a><\/p>\n<p>Spojit se s n\u00e1mi m\u016f\u017ee\u0161 tak\u00e9 p\u0159es kontaktn\u00ed formul\u00e1\u0159 a my se ti ozveme do t\u0159\u00ed pracovn\u00edch dn\u00ed:\u00a0<a href=\"https:\/\/www.afs.cz\/kontaktni-formular\/?utm_source=web&amp;utm_medium=blog&amp;utm_campaign=sending_clanky&amp;utm_term=nemecko\">www.afs.cz\/kontaktni-formular\/<\/a><\/p>\n<h3 class=\"panel-wysiwyg__column-title h3\" data-name=\"title\" data-livetext=\"\"><strong>Zuzana \u010cu\u010dkov\u00e1<\/strong><\/h3>\n<div class=\"panel-wysiwyg__column-content\">\n<div class=\"context-content\" data-name=\"content\" data-livetext=\"\">\n<p>AFS koordin\u00e1torka studia v zahrani\u010d\u00ed<br \/>\nE:\u00a0<a href=\"mailto:zuzana.cuckova@afs.org\">zuzana.cuckova@afs.org<br \/>\n<\/a>M: 606 704 100<\/p>\n<\/div>\n<\/div>\n","protected":false},"excerpt":{"rendered":"<p>P\u0159ed zhruba dvaceti dny jsem p\u0159ijela ze sv\u00e9ho v\u00fdm\u011bnn\u00e9ho programu dom\u016f. Na\u0161t\u011bst\u00ed se mi u\u017e ale nest\u00e1v\u00e1, \u017ee po probuzen\u00ed&hellip;<\/p>\n","protected":false},"author":351,"featured_media":12993,"comment_status":"open","ping_status":"open","sticky":false,"template":"","format":"standard","meta":{"footnotes":""},"categories":[50],"tags":[],"class_list":["post-12984","post","type-post","status-publish","format-standard","has-post-thumbnail","hentry","category-studium-v-zahranici"],"yoast_head":"<!-- This site is optimized with the Yoast SEO Premium plugin v26.6 (Yoast SEO v26.6) - https:\/\/yoast.com\/wordpress\/plugins\/seo\/ -->\n<title>N\u00e1vrat z N\u011bmecka o\u010dima Johanky - Mezikulturn\u00ed programy<\/title>\n<meta name=\"robots\" content=\"index, follow, max-snippet:-1, max-image-preview:large, max-video-preview:-1\" \/>\n<link rel=\"canonical\" href=\"https:\/\/www.afs.cz\/en\/2021\/09\/navrat-z-nemecka-ocima-johanky\/\" \/>\n<meta property=\"og:locale\" content=\"en_US\" \/>\n<meta property=\"og:type\" content=\"article\" \/>\n<meta property=\"og:title\" content=\"N\u00e1vrat z N\u011bmecka o\u010dima Johanky\" \/>\n<meta property=\"og:description\" content=\"P\u0159ed zhruba dvaceti dny jsem p\u0159ijela ze sv\u00e9ho v\u00fdm\u011bnn\u00e9ho programu dom\u016f. Na\u0161t\u011bst\u00ed se mi u\u017e ale nest\u00e1v\u00e1, \u017ee po probuzen\u00ed&hellip;\" \/>\n<meta property=\"og:url\" content=\"https:\/\/www.afs.cz\/en\/2021\/09\/navrat-z-nemecka-ocima-johanky\/\" \/>\n<meta property=\"og:site_name\" content=\"Mezikulturn\u00ed programy\" \/>\n<meta property=\"article:published_time\" content=\"2021-09-21T19:45:26+00:00\" \/>\n<meta property=\"article:modified_time\" content=\"2023-02-06T09:26:16+00:00\" \/>\n<meta property=\"og:image\" content=\"https:\/\/d22dvihj4pfop3.cloudfront.net\/wp-content\/uploads\/sites\/84\/2021\/09\/21204828\/IMG_1682-1200x630.jpg\" \/>\n\t<meta property=\"og:image:width\" content=\"1200\" \/>\n\t<meta property=\"og:image:height\" content=\"630\" \/>\n\t<meta property=\"og:image:type\" content=\"image\/jpeg\" \/>\n<meta name=\"author\" content=\"afscesko\" \/>\n<meta name=\"twitter:card\" content=\"summary_large_image\" \/>\n<meta name=\"twitter:label1\" content=\"Written by\" \/>\n\t<meta name=\"twitter:data1\" content=\"afscesko\" \/>\n\t<meta name=\"twitter:label2\" content=\"Est. reading time\" \/>\n\t<meta name=\"twitter:data2\" content=\"4 minutes\" \/>\n<script type=\"application\/ld+json\" class=\"yoast-schema-graph\">{\"@context\":\"https:\/\/schema.org\",\"@graph\":[{\"@type\":\"WebPage\",\"@id\":\"https:\/\/www.afs.cz\/en\/2021\/09\/navrat-z-nemecka-ocima-johanky\/\",\"url\":\"https:\/\/www.afs.cz\/en\/2021\/09\/navrat-z-nemecka-ocima-johanky\/\",\"name\":\"N\u00e1vrat z N\u011bmecka o\u010dima Johanky - Mezikulturn\u00ed programy\",\"isPartOf\":{\"@id\":\"https:\/\/www.afs.cz\/en\/#website\"},\"primaryImageOfPage\":{\"@id\":\"https:\/\/www.afs.cz\/en\/2021\/09\/navrat-z-nemecka-ocima-johanky\/#primaryimage\"},\"image\":{\"@id\":\"https:\/\/www.afs.cz\/en\/2021\/09\/navrat-z-nemecka-ocima-johanky\/#primaryimage\"},\"thumbnailUrl\":\"https:\/\/d22dvihj4pfop3.cloudfront.net\/wp-content\/uploads\/sites\/84\/2021\/09\/21204828\/IMG_1682.jpg\",\"datePublished\":\"2021-09-21T19:45:26+00:00\",\"dateModified\":\"2023-02-06T09:26:16+00:00\",\"author\":{\"@id\":\"https:\/\/www.afs.cz\/en\/#\/schema\/person\/bc52da0be76098030e75baeb919827ff\"},\"breadcrumb\":{\"@id\":\"https:\/\/www.afs.cz\/en\/2021\/09\/navrat-z-nemecka-ocima-johanky\/#breadcrumb\"},\"inLanguage\":\"en-US\",\"potentialAction\":[{\"@type\":\"ReadAction\",\"target\":[\"https:\/\/www.afs.cz\/en\/2021\/09\/navrat-z-nemecka-ocima-johanky\/\"]}]},{\"@type\":\"ImageObject\",\"inLanguage\":\"en-US\",\"@id\":\"https:\/\/www.afs.cz\/en\/2021\/09\/navrat-z-nemecka-ocima-johanky\/#primaryimage\",\"url\":\"https:\/\/d22dvihj4pfop3.cloudfront.net\/wp-content\/uploads\/sites\/84\/2021\/09\/21204828\/IMG_1682.jpg\",\"contentUrl\":\"https:\/\/d22dvihj4pfop3.cloudfront.net\/wp-content\/uploads\/sites\/84\/2021\/09\/21204828\/IMG_1682.jpg\",\"width\":2048,\"height\":1981},{\"@type\":\"BreadcrumbList\",\"@id\":\"https:\/\/www.afs.cz\/en\/2021\/09\/navrat-z-nemecka-ocima-johanky\/#breadcrumb\",\"itemListElement\":[{\"@type\":\"ListItem\",\"position\":1,\"name\":\"Home\",\"item\":\"https:\/\/czechrepublic.afssite.afs.org\/en\/\"},{\"@type\":\"ListItem\",\"position\":2,\"name\":\"N\u00e1vrat z N\u011bmecka o\u010dima Johanky\"}]},{\"@type\":\"WebSite\",\"@id\":\"https:\/\/www.afs.cz\/en\/#website\",\"url\":\"https:\/\/www.afs.cz\/en\/\",\"name\":\"Mezikulturn\u00ed programy\",\"description\":\"Studium v zahrani\u010d\u00ed, hostitelsk\u00fd program, vzd\u011bl\u00e1vac\u00ed programy, dobrovolnictv\u00ed a mnoho dal\u0161\u00edho.\",\"potentialAction\":[{\"@type\":\"SearchAction\",\"target\":{\"@type\":\"EntryPoint\",\"urlTemplate\":\"https:\/\/www.afs.cz\/en\/?s={search_term_string}\"},\"query-input\":{\"@type\":\"PropertyValueSpecification\",\"valueRequired\":true,\"valueName\":\"search_term_string\"}}],\"inLanguage\":\"en-US\"},{\"@type\":\"Person\",\"@id\":\"https:\/\/www.afs.cz\/en\/#\/schema\/person\/bc52da0be76098030e75baeb919827ff\",\"name\":\"afscesko\",\"image\":{\"@type\":\"ImageObject\",\"inLanguage\":\"en-US\",\"@id\":\"https:\/\/www.afs.cz\/en\/#\/schema\/person\/image\/\",\"url\":\"https:\/\/secure.gravatar.com\/avatar\/eda270bfa745d003b9a210dc384a8c22e1a05bc41e5280645d3e2968a117c931?s=96&d=mm&r=g\",\"contentUrl\":\"https:\/\/secure.gravatar.com\/avatar\/eda270bfa745d003b9a210dc384a8c22e1a05bc41e5280645d3e2968a117c931?s=96&d=mm&r=g\",\"caption\":\"afscesko\"},\"url\":\"https:\/\/www.afs.cz\/en\/author\/afscesko\/\"}]}<\/script>\n<!-- \/ Yoast SEO Premium plugin. -->","yoast_head_json":{"title":"N\u00e1vrat z N\u011bmecka o\u010dima Johanky - Mezikulturn\u00ed programy","robots":{"index":"index","follow":"follow","max-snippet":"max-snippet:-1","max-image-preview":"max-image-preview:large","max-video-preview":"max-video-preview:-1"},"canonical":"https:\/\/www.afs.cz\/en\/2021\/09\/navrat-z-nemecka-ocima-johanky\/","og_locale":"en_US","og_type":"article","og_title":"N\u00e1vrat z N\u011bmecka o\u010dima Johanky","og_description":"P\u0159ed zhruba dvaceti dny jsem p\u0159ijela ze sv\u00e9ho v\u00fdm\u011bnn\u00e9ho programu dom\u016f. Na\u0161t\u011bst\u00ed se mi u\u017e ale nest\u00e1v\u00e1, \u017ee po probuzen\u00ed&hellip;","og_url":"https:\/\/www.afs.cz\/en\/2021\/09\/navrat-z-nemecka-ocima-johanky\/","og_site_name":"Mezikulturn\u00ed programy","article_published_time":"2021-09-21T19:45:26+00:00","article_modified_time":"2023-02-06T09:26:16+00:00","og_image":[{"width":1200,"height":630,"url":"https:\/\/d22dvihj4pfop3.cloudfront.net\/wp-content\/uploads\/sites\/84\/2021\/09\/21204828\/IMG_1682-1200x630.jpg","type":"image\/jpeg"}],"author":"afscesko","twitter_card":"summary_large_image","twitter_misc":{"Written by":"afscesko","Est. reading time":"4 minutes"},"schema":{"@context":"https:\/\/schema.org","@graph":[{"@type":"WebPage","@id":"https:\/\/www.afs.cz\/en\/2021\/09\/navrat-z-nemecka-ocima-johanky\/","url":"https:\/\/www.afs.cz\/en\/2021\/09\/navrat-z-nemecka-ocima-johanky\/","name":"N\u00e1vrat z N\u011bmecka o\u010dima Johanky - Mezikulturn\u00ed programy","isPartOf":{"@id":"https:\/\/www.afs.cz\/en\/#website"},"primaryImageOfPage":{"@id":"https:\/\/www.afs.cz\/en\/2021\/09\/navrat-z-nemecka-ocima-johanky\/#primaryimage"},"image":{"@id":"https:\/\/www.afs.cz\/en\/2021\/09\/navrat-z-nemecka-ocima-johanky\/#primaryimage"},"thumbnailUrl":"https:\/\/d22dvihj4pfop3.cloudfront.net\/wp-content\/uploads\/sites\/84\/2021\/09\/21204828\/IMG_1682.jpg","datePublished":"2021-09-21T19:45:26+00:00","dateModified":"2023-02-06T09:26:16+00:00","author":{"@id":"https:\/\/www.afs.cz\/en\/#\/schema\/person\/bc52da0be76098030e75baeb919827ff"},"breadcrumb":{"@id":"https:\/\/www.afs.cz\/en\/2021\/09\/navrat-z-nemecka-ocima-johanky\/#breadcrumb"},"inLanguage":"en-US","potentialAction":[{"@type":"ReadAction","target":["https:\/\/www.afs.cz\/en\/2021\/09\/navrat-z-nemecka-ocima-johanky\/"]}]},{"@type":"ImageObject","inLanguage":"en-US","@id":"https:\/\/www.afs.cz\/en\/2021\/09\/navrat-z-nemecka-ocima-johanky\/#primaryimage","url":"https:\/\/d22dvihj4pfop3.cloudfront.net\/wp-content\/uploads\/sites\/84\/2021\/09\/21204828\/IMG_1682.jpg","contentUrl":"https:\/\/d22dvihj4pfop3.cloudfront.net\/wp-content\/uploads\/sites\/84\/2021\/09\/21204828\/IMG_1682.jpg","width":2048,"height":1981},{"@type":"BreadcrumbList","@id":"https:\/\/www.afs.cz\/en\/2021\/09\/navrat-z-nemecka-ocima-johanky\/#breadcrumb","itemListElement":[{"@type":"ListItem","position":1,"name":"Home","item":"https:\/\/czechrepublic.afssite.afs.org\/en\/"},{"@type":"ListItem","position":2,"name":"N\u00e1vrat z N\u011bmecka o\u010dima Johanky"}]},{"@type":"WebSite","@id":"https:\/\/www.afs.cz\/en\/#website","url":"https:\/\/www.afs.cz\/en\/","name":"Mezikulturn\u00ed programy","description":"Studium v zahrani\u010d\u00ed, hostitelsk\u00fd program, vzd\u011bl\u00e1vac\u00ed programy, dobrovolnictv\u00ed a mnoho dal\u0161\u00edho.","potentialAction":[{"@type":"SearchAction","target":{"@type":"EntryPoint","urlTemplate":"https:\/\/www.afs.cz\/en\/?s={search_term_string}"},"query-input":{"@type":"PropertyValueSpecification","valueRequired":true,"valueName":"search_term_string"}}],"inLanguage":"en-US"},{"@type":"Person","@id":"https:\/\/www.afs.cz\/en\/#\/schema\/person\/bc52da0be76098030e75baeb919827ff","name":"afscesko","image":{"@type":"ImageObject","inLanguage":"en-US","@id":"https:\/\/www.afs.cz\/en\/#\/schema\/person\/image\/","url":"https:\/\/secure.gravatar.com\/avatar\/eda270bfa745d003b9a210dc384a8c22e1a05bc41e5280645d3e2968a117c931?s=96&d=mm&r=g","contentUrl":"https:\/\/secure.gravatar.com\/avatar\/eda270bfa745d003b9a210dc384a8c22e1a05bc41e5280645d3e2968a117c931?s=96&d=mm&r=g","caption":"afscesko"},"url":"https:\/\/www.afs.cz\/en\/author\/afscesko\/"}]}},"_links":{"self":[{"href":"https:\/\/www.afs.cz\/en\/wp-json\/wp\/v2\/posts\/12984","targetHints":{"allow":["GET"]}}],"collection":[{"href":"https:\/\/www.afs.cz\/en\/wp-json\/wp\/v2\/posts"}],"about":[{"href":"https:\/\/www.afs.cz\/en\/wp-json\/wp\/v2\/types\/post"}],"author":[{"embeddable":true,"href":"https:\/\/www.afs.cz\/en\/wp-json\/wp\/v2\/users\/351"}],"replies":[{"embeddable":true,"href":"https:\/\/www.afs.cz\/en\/wp-json\/wp\/v2\/comments?post=12984"}],"version-history":[{"count":8,"href":"https:\/\/www.afs.cz\/en\/wp-json\/wp\/v2\/posts\/12984\/revisions"}],"predecessor-version":[{"id":16618,"href":"https:\/\/www.afs.cz\/en\/wp-json\/wp\/v2\/posts\/12984\/revisions\/16618"}],"wp:featuredmedia":[{"embeddable":true,"href":"https:\/\/www.afs.cz\/en\/wp-json\/wp\/v2\/media\/12993"}],"wp:attachment":[{"href":"https:\/\/www.afs.cz\/en\/wp-json\/wp\/v2\/media?parent=12984"}],"wp:term":[{"taxonomy":"category","embeddable":true,"href":"https:\/\/www.afs.cz\/en\/wp-json\/wp\/v2\/categories?post=12984"},{"taxonomy":"post_tag","embeddable":true,"href":"https:\/\/www.afs.cz\/en\/wp-json\/wp\/v2\/tags?post=12984"}],"curies":[{"name":"wp","href":"https:\/\/api.w.org\/{rel}","templated":true}]}}