{"id":10453,"date":"2020-07-14T12:27:59","date_gmt":"2020-07-14T11:27:59","guid":{"rendered":"http:\/\/czechrepublic.afssite.afs.org\/?p=10453"},"modified":"2023-02-06T10:02:52","modified_gmt":"2023-02-06T09:02:52","slug":"stredni-skola-francie-julie","status":"publish","type":"post","link":"https:\/\/www.afs.cz\/en\/2020\/07\/stredni-skola-francie-julie\/","title":{"rendered":"M\u016fj ro\u010dn\u00ed program ve Francii byl jedno velk\u00e9 p\u0159ekvapen\u00ed"},"content":{"rendered":"<p>Salut! Jmenuju se Jul\u010da a minul\u00fd rok jsem, d\u00edky AFS, pro\u017eila na severu Francie. Sv\u016fj rok jsem str\u00e1vila ve\u00a0m\u011bst\u011b Amiens, v regionu Picardie. Za tento regionu jsem r\u00e1da, proto\u017ee sever Francie nen\u00ed typick\u00e1 turistick\u00e1 oblast a p\u0159ed odjezdem jsem o n\u00ed nev\u011bd\u011bla skoro nic, tak\u017ee to bylo ur\u010dit\u011b zaj\u00edmav\u011bj\u0161\u00ed, ne\u017e kdybych jela t\u0159eba do Pa\u0159\u00ed\u017ee<em>. <\/em>Moje hostitelsk\u00e1 rodina se skl\u00e1dala z\u00a0moj\u00ed hostitelsk\u00e9 m\u00e1my a t\u0159\u00ed d\u011bt\u00ed. Nejv\u00edce jsem si rozum\u011bla se svoj\u00ed nejstar\u0161\u00ed sestrou, hlavn\u011b proto, \u017ee byla stejn\u011b star\u00e1 jako j\u00e1 a p\u0159edchoz\u00ed rok odjela s\u00a0AFS do D\u00e1nska, tak\u017ee jsme si v\u017edycky m\u011bly o \u010dem pov\u00eddat.<\/p>\n<p><figure class=\"wp-image-wrap\"><img loading=\"lazy\" decoding=\"async\" class=\"size-medium wp-image-10456 alignright\" src=\"https:\/\/d22dvihj4pfop3.cloudfront.net\/wp-content\/uploads\/sites\/84\/2020\/07\/14122359\/IMG-20180909-WA0007.jpg\" alt=\"\" width=\"600\" height=\"450\" \/><\/figure><\/p>\n<p>Do \u0161koly jsem jezdila ka\u017ed\u00e9 r\u00e1no na kole, co\u017e \u010dlov\u011bku, co do \u0161koly norm\u00e1ln\u011b jezd\u00ed metrem, dalo ze za\u010d\u00e1tku zabrat, brzy jsem si ale cestu do m\u011bsta jinak p\u0159edstavit nedok\u00e1zala. Ve Francii jsou t\u0159\u00eddy na gymn\u00e1ziu rozd\u011bleny do t\u0159\u00ed zam\u011b\u0159en\u00ed. Pokud se chcete v\u011bnovat matematice a r\u016fzn\u00fdm v\u011bd\u00e1m, m\u016f\u017eete se p\u0159ihl\u00e1sit do S (scientifique), jestli v\u00e1s zaj\u00edmaj\u00ed humanitn\u00ed obory a literatura, tak si asi vyberete L (litt\u00e9raire) a jestli jste tak n\u011bco mezi, asi byste \u0161li do ES (\u00e9conomique et social). J\u00e1 jsem si vybrala L. P\u0159i\u0161lo mi, \u017ee studium francouzsk\u00e9 literatury je dobr\u00fd zp\u016fsob, jak po\u0159\u00e1dn\u011b poznat francouzskou kulturu. Uk\u00e1zalo se ale, \u017ee si se svou slovn\u00ed z\u00e1sobou dok\u00e1\u017eu tak maxim\u00e1ln\u011b objednat j\u00eddlo, a u\u017e i to mi d\u00e1 zabrat a k bli\u017e\u0161\u00edmu studiu literatury jsem se nakonec nedostala v\u016fbec :D. To ale v\u016fbec nevadilo, proto\u017ee i p\u0159es to, \u017ee jsem ze za\u010d\u00e1tku ve \u0161kole v\u00fduku \u00fapln\u011b nech\u00e1pala, byla pro m\u011b francouzsk\u00e1 \u0161kola velk\u00fd z\u00e1\u017eitek. Ve Francii jsem nastoupila do maturitn\u00edho ro\u010dn\u00edku a m\u011bla jsem mo\u017enost slo\u017eit jejich maturitu (le bac). N\u011bkte\u0159\u00ed z\u00a0m\u00fdch kamar\u00e1d\u016f se o to pokusili (\u010dasto i \u00fasp\u011b\u0161n\u011b), ale j\u00e1 jsem zrovna s\u00a0jednou kamar\u00e1dkou ze \u0161koly zalo\u017eila kapelu, a tak jsem se m\u00edsto u\u010den\u00ed v\u011bnovala tomu.<\/p>\n<p>Jeden z\u00a0m\u00fdch nejv\u011bt\u0161\u00edch z\u00e1\u017eitk\u016f byl \u201cla F\u00eate de la Musique\u201c, sv\u00e1tek hudby. To je jeden den v\u00a0roce, v\u011bt\u0161inou 21. \u010dervna, kdy si ka\u017ed\u00fd, kdo se v\u011bnuje hudb\u011b, m\u016f\u017ee zahr\u00e1t na jak\u00e9mkoli ve\u0159ejn\u00e9m m\u00edst\u011b a\u017e do p\u016flnoci. Je to p\u0159\u00edle\u017eitost k\u00a0tomu vid\u011bt spousty koncert\u016f zdarma a poznat nov\u00e9 hudebn\u00edky. Na\u0161e kapela samoz\u0159ejm\u011b nemohla chyb\u011bt a hr\u00e1t na ulici p\u0159ed tolika lidmi byl moc fajn z\u00e1\u017eitek.<\/p>\n<p><figure class=\"wp-image-wrap\"><img loading=\"lazy\" decoding=\"async\" class=\"size-medium wp-image-10458 alignleft\" src=\"https:\/\/d22dvihj4pfop3.cloudfront.net\/wp-content\/uploads\/sites\/84\/2020\/07\/14122433\/IMG-20181023-WA0005.jpg\" alt=\"\" width=\"600\" height=\"338\" \/><\/figure><\/p>\n<p>Asi ka\u017ed\u00fd v\u00fdm\u011bnn\u00fd student v\u00e1m potvrd\u00ed, \u017ee ke ka\u017ed\u00e9mu pobytu v zahrani\u010d\u00ed pat\u0159\u00ed neodmysliteln\u011b ostatn\u00ed v\u00fdm\u011bnn\u00ed studenti. Je jedno, jestli jste z Japonska, Indon\u00e9sie, It\u00e1lie, nebo z Mexika. V\u0161ichni jste ve stejn\u00e9 situaci, m\u00e1te podobn\u00e9 probl\u00e9my i z\u00e1\u017eitky a najednou k sob\u011b m\u00e1te mnohem bl\u00ed\u017e, ne\u017e byste si kdy mysleli. Myslela jsem si, \u017ee ve Francii m\u011b nic nem\u016f\u017ee p\u0159ekvapit, proto\u017ee francouzsk\u00e1 kultura je docela zn\u00e1m\u00e1. Francie ale nejsou jenom bagety a Pa\u0159\u00ed\u017e, ale i kdy\u017e je jejich pe\u010divo opravdu dobr\u00e9 a v\u00a0Pa\u0159\u00ed\u017ei si v\u0161ichni d\u011blaj\u00ed selfies p\u0159ed Eiffelovkou, po\u0159\u00e1d tam jde naj\u00edt spousta nov\u00fdch v\u011bc\u00ed.\u00a0Dal\u0161\u00ed v\u00fdhodou odcestov\u00e1n\u00ed do ciziny je samoz\u0159ejm\u011b jazyk. Za ten rok se mi poda\u0159ilo nau\u010dit se francouzsky mnohem rychleji, ne\u017e kdybych se musela u\u010dit doma.<\/p>\n<p>P\u0159ed odjezdem jsem si ani nep\u0159edstavovala, \u017ee budu moct poznat tolik v\u011bc\u00ed, kolik jsem nakonec poznala. Poda\u0159ilo se mi podniknout v\u00fdlety na jih do hor i k\u00a0mo\u0159i a n\u011bkolikr\u00e1t i do Pa\u0159\u00ed\u017ee. C\u00edt\u00edm se trochu, jako bych za t\u011bch deset m\u011bs\u00edc\u016f vlastn\u011b stihla pro\u017e\u00edt cel\u00fd jeden dal\u0161\u00ed \u017eivot.\u00a0M\u016fj pobyt mi neotev\u0159el jenom cestu ke kultu\u0159e Francie, ale dozv\u011bd\u011bla jsem se spoustu zaj\u00edmav\u00fdch v\u011bc\u00ed o sob\u011b i o sv\u011bt\u011b a lidech co m\u011b obklopuj\u00ed. Jestli pr\u00e1v\u011b p\u0159em\u00fd\u0161l\u00edte, zda odjet na pobyt s\u00a0AFS, j\u00e1\u00a0to m\u016f\u017eu jen doporu\u010dit. A to nemluv\u00edm jen o Francii, ale jsem si jist\u00e1, \u017ee vycestov\u00e1n\u00ed kamkoli je super z\u00e1\u017eitek.<\/p>\n<p>\u2013 Julie B., ro\u010dn\u00ed program ve Francii ve \u0161koln\u00edm roce 2018\/2019<\/p>\n<hr \/>\n<h3><strong>Za\u017eij st\u0159edn\u00ed \u0161kolu v zahrani\u010d\u00ed<\/strong><\/h3>\n<p>Inspiroval t\u011b p\u0159\u00edb\u011bh Julie? Chce\u0161 pro\u017e\u00edt podobn\u00e9 dobrodru\u017estv\u00ed a nau\u010dit se nov\u00fd ciz\u00ed jazyk? V\u00fdm\u011bnn\u00fd studijn\u00ed program je z\u00e1\u017eitek, kter\u00fd ka\u017ed\u00e9mu studentovi p\u0159inese zku\u0161enosti a nadhled pot\u0159ebn\u00e9 pro sou\u010dasn\u00fd sv\u011bt. Pokud i tebe l\u00e1k\u00e1 my\u0161lenka st\u0159edn\u00ed \u0161koly za hranicemi \u010cesk\u00e9 republiky, nev\u00e1hej a kontaktuj na\u0161i koordin\u00e1torku Zuzanu. Ji\u017e z\u00edtra m\u016f\u017ee\u0161 b\u00fdt o krok bl\u00ed\u017e sv\u00e9mu snu! V\u00edce informac\u00ed o AFS studijn\u00edch programech a konkr\u00e9tn\u00ed nab\u00eddku mo\u017en\u00fdch destinac\u00ed nalezne\u0161 zde: <a href=\"https:\/\/www.afs.cz\/studium-v-zahranici\/?utm_source=web&amp;utm_medium=blog&amp;utm_campaign=sending_clanky&amp;utm_term=francie\">www.afs.cz\/studium-v-zahranici\/<\/a><\/p>\n<p>Spojit se s n\u00e1mi m\u016f\u017ee\u0161 tak\u00e9 p\u0159es kontaktn\u00ed formul\u00e1\u0159 a my se ti ozveme do t\u0159\u00ed pracovn\u00edch dn\u00ed:\u00a0<a href=\"https:\/\/www.afs.cz\/kontaktni-formular\/?utm_source=web&amp;utm_medium=blog&amp;utm_campaign=sending_clanky&amp;utm_term=francie\">www.afs.cz\/kontaktni-formular\/<\/a><\/p>\n<h3 class=\"panel-wysiwyg__column-title h3\" data-name=\"title\" data-livetext=\"\"><strong>Zuzana \u010cu\u010dkov\u00e1<\/strong><\/h3>\n<div class=\"panel-wysiwyg__column-content\">\n<div class=\"context-content\" data-name=\"content\" data-livetext=\"\">\n<p>AFS koordin\u00e1torka studia v zahrani\u010d\u00ed<br \/>\nE:\u00a0<a href=\"mailto:zuzana.cuckova@afs.org\">zuzana.cuckova@afs.org<br \/>\n<\/a>M: 606 704 100<\/p>\n<\/div>\n<\/div>\n","protected":false},"excerpt":{"rendered":"<p>Salut! Jmenuju se Jul\u010da a minul\u00fd rok jsem, d\u00edky AFS, pro\u017eila na severu Francie. Sv\u016fj rok jsem str\u00e1vila ve\u00a0m\u011bst\u011b Amiens,&hellip;<\/p>\n","protected":false},"author":351,"featured_media":10460,"comment_status":"open","ping_status":"open","sticky":false,"template":"","format":"standard","meta":{"footnotes":""},"categories":[50],"tags":[],"class_list":["post-10453","post","type-post","status-publish","format-standard","has-post-thumbnail","hentry","category-studium-v-zahranici"],"yoast_head":"<!-- This site is optimized with the Yoast SEO Premium plugin v26.6 (Yoast SEO v26.6) - https:\/\/yoast.com\/wordpress\/plugins\/seo\/ -->\n<title>M\u016fj ro\u010dn\u00ed program ve Francii byl jedno velk\u00e9 p\u0159ekvapen\u00ed - Mezikulturn\u00ed programy<\/title>\n<meta name=\"robots\" content=\"index, follow, max-snippet:-1, max-image-preview:large, max-video-preview:-1\" \/>\n<link rel=\"canonical\" href=\"https:\/\/www.afs.cz\/en\/2020\/07\/stredni-skola-francie-julie\/\" \/>\n<meta property=\"og:locale\" content=\"en_US\" \/>\n<meta property=\"og:type\" content=\"article\" \/>\n<meta property=\"og:title\" content=\"M\u016fj ro\u010dn\u00ed program ve Francii byl jedno velk\u00e9 p\u0159ekvapen\u00ed\" \/>\n<meta property=\"og:description\" content=\"Salut! Jmenuju se Jul\u010da a minul\u00fd rok jsem, d\u00edky AFS, pro\u017eila na severu Francie. Sv\u016fj rok jsem str\u00e1vila ve\u00a0m\u011bst\u011b Amiens,&hellip;\" \/>\n<meta property=\"og:url\" content=\"https:\/\/www.afs.cz\/en\/2020\/07\/stredni-skola-francie-julie\/\" \/>\n<meta property=\"og:site_name\" content=\"Mezikulturn\u00ed programy\" \/>\n<meta property=\"article:published_time\" content=\"2020-07-14T11:27:59+00:00\" \/>\n<meta property=\"article:modified_time\" content=\"2023-02-06T09:02:52+00:00\" \/>\n<meta property=\"og:image\" content=\"https:\/\/d22dvihj4pfop3.cloudfront.net\/wp-content\/uploads\/sites\/84\/2020\/07\/14122729\/IMG-20181028-WA0037-1152x630.jpg\" \/>\n\t<meta property=\"og:image:width\" content=\"1152\" \/>\n\t<meta property=\"og:image:height\" content=\"630\" \/>\n\t<meta property=\"og:image:type\" content=\"image\/jpeg\" \/>\n<meta name=\"author\" content=\"afscesko\" \/>\n<meta name=\"twitter:card\" content=\"summary_large_image\" \/>\n<meta name=\"twitter:label1\" content=\"Written by\" \/>\n\t<meta name=\"twitter:data1\" content=\"afscesko\" \/>\n\t<meta name=\"twitter:label2\" content=\"Est. reading time\" \/>\n\t<meta name=\"twitter:data2\" content=\"5 minutes\" \/>\n<script type=\"application\/ld+json\" class=\"yoast-schema-graph\">{\"@context\":\"https:\/\/schema.org\",\"@graph\":[{\"@type\":\"WebPage\",\"@id\":\"https:\/\/www.afs.cz\/en\/2020\/07\/stredni-skola-francie-julie\/\",\"url\":\"https:\/\/www.afs.cz\/en\/2020\/07\/stredni-skola-francie-julie\/\",\"name\":\"M\u016fj ro\u010dn\u00ed program ve Francii byl jedno velk\u00e9 p\u0159ekvapen\u00ed - Mezikulturn\u00ed programy\",\"isPartOf\":{\"@id\":\"https:\/\/www.afs.cz\/en\/#website\"},\"primaryImageOfPage\":{\"@id\":\"https:\/\/www.afs.cz\/en\/2020\/07\/stredni-skola-francie-julie\/#primaryimage\"},\"image\":{\"@id\":\"https:\/\/www.afs.cz\/en\/2020\/07\/stredni-skola-francie-julie\/#primaryimage\"},\"thumbnailUrl\":\"https:\/\/d22dvihj4pfop3.cloudfront.net\/wp-content\/uploads\/sites\/84\/2020\/07\/14122729\/IMG-20181028-WA0037.jpg\",\"datePublished\":\"2020-07-14T11:27:59+00:00\",\"dateModified\":\"2023-02-06T09:02:52+00:00\",\"author\":{\"@id\":\"https:\/\/www.afs.cz\/en\/#\/schema\/person\/bc52da0be76098030e75baeb919827ff\"},\"breadcrumb\":{\"@id\":\"https:\/\/www.afs.cz\/en\/2020\/07\/stredni-skola-francie-julie\/#breadcrumb\"},\"inLanguage\":\"en-US\",\"potentialAction\":[{\"@type\":\"ReadAction\",\"target\":[\"https:\/\/www.afs.cz\/en\/2020\/07\/stredni-skola-francie-julie\/\"]}]},{\"@type\":\"ImageObject\",\"inLanguage\":\"en-US\",\"@id\":\"https:\/\/www.afs.cz\/en\/2020\/07\/stredni-skola-francie-julie\/#primaryimage\",\"url\":\"https:\/\/d22dvihj4pfop3.cloudfront.net\/wp-content\/uploads\/sites\/84\/2020\/07\/14122729\/IMG-20181028-WA0037.jpg\",\"contentUrl\":\"https:\/\/d22dvihj4pfop3.cloudfront.net\/wp-content\/uploads\/sites\/84\/2020\/07\/14122729\/IMG-20181028-WA0037.jpg\",\"width\":1152,\"height\":864},{\"@type\":\"BreadcrumbList\",\"@id\":\"https:\/\/www.afs.cz\/en\/2020\/07\/stredni-skola-francie-julie\/#breadcrumb\",\"itemListElement\":[{\"@type\":\"ListItem\",\"position\":1,\"name\":\"Home\",\"item\":\"https:\/\/czechrepublic.afssite.afs.org\/en\/\"},{\"@type\":\"ListItem\",\"position\":2,\"name\":\"M\u016fj ro\u010dn\u00ed program ve Francii byl jedno velk\u00e9 p\u0159ekvapen\u00ed\"}]},{\"@type\":\"WebSite\",\"@id\":\"https:\/\/www.afs.cz\/en\/#website\",\"url\":\"https:\/\/www.afs.cz\/en\/\",\"name\":\"Mezikulturn\u00ed programy\",\"description\":\"Studium v zahrani\u010d\u00ed, hostitelsk\u00fd program, vzd\u011bl\u00e1vac\u00ed programy, dobrovolnictv\u00ed a mnoho dal\u0161\u00edho.\",\"potentialAction\":[{\"@type\":\"SearchAction\",\"target\":{\"@type\":\"EntryPoint\",\"urlTemplate\":\"https:\/\/www.afs.cz\/en\/?s={search_term_string}\"},\"query-input\":{\"@type\":\"PropertyValueSpecification\",\"valueRequired\":true,\"valueName\":\"search_term_string\"}}],\"inLanguage\":\"en-US\"},{\"@type\":\"Person\",\"@id\":\"https:\/\/www.afs.cz\/en\/#\/schema\/person\/bc52da0be76098030e75baeb919827ff\",\"name\":\"afscesko\",\"image\":{\"@type\":\"ImageObject\",\"inLanguage\":\"en-US\",\"@id\":\"https:\/\/www.afs.cz\/en\/#\/schema\/person\/image\/\",\"url\":\"https:\/\/secure.gravatar.com\/avatar\/eda270bfa745d003b9a210dc384a8c22e1a05bc41e5280645d3e2968a117c931?s=96&d=mm&r=g\",\"contentUrl\":\"https:\/\/secure.gravatar.com\/avatar\/eda270bfa745d003b9a210dc384a8c22e1a05bc41e5280645d3e2968a117c931?s=96&d=mm&r=g\",\"caption\":\"afscesko\"},\"url\":\"https:\/\/www.afs.cz\/en\/author\/afscesko\/\"}]}<\/script>\n<!-- \/ Yoast SEO Premium plugin. -->","yoast_head_json":{"title":"M\u016fj ro\u010dn\u00ed program ve Francii byl jedno velk\u00e9 p\u0159ekvapen\u00ed - Mezikulturn\u00ed programy","robots":{"index":"index","follow":"follow","max-snippet":"max-snippet:-1","max-image-preview":"max-image-preview:large","max-video-preview":"max-video-preview:-1"},"canonical":"https:\/\/www.afs.cz\/en\/2020\/07\/stredni-skola-francie-julie\/","og_locale":"en_US","og_type":"article","og_title":"M\u016fj ro\u010dn\u00ed program ve Francii byl jedno velk\u00e9 p\u0159ekvapen\u00ed","og_description":"Salut! Jmenuju se Jul\u010da a minul\u00fd rok jsem, d\u00edky AFS, pro\u017eila na severu Francie. Sv\u016fj rok jsem str\u00e1vila ve\u00a0m\u011bst\u011b Amiens,&hellip;","og_url":"https:\/\/www.afs.cz\/en\/2020\/07\/stredni-skola-francie-julie\/","og_site_name":"Mezikulturn\u00ed programy","article_published_time":"2020-07-14T11:27:59+00:00","article_modified_time":"2023-02-06T09:02:52+00:00","og_image":[{"width":1152,"height":630,"url":"https:\/\/d22dvihj4pfop3.cloudfront.net\/wp-content\/uploads\/sites\/84\/2020\/07\/14122729\/IMG-20181028-WA0037-1152x630.jpg","type":"image\/jpeg"}],"author":"afscesko","twitter_card":"summary_large_image","twitter_misc":{"Written by":"afscesko","Est. reading time":"5 minutes"},"schema":{"@context":"https:\/\/schema.org","@graph":[{"@type":"WebPage","@id":"https:\/\/www.afs.cz\/en\/2020\/07\/stredni-skola-francie-julie\/","url":"https:\/\/www.afs.cz\/en\/2020\/07\/stredni-skola-francie-julie\/","name":"M\u016fj ro\u010dn\u00ed program ve Francii byl jedno velk\u00e9 p\u0159ekvapen\u00ed - Mezikulturn\u00ed programy","isPartOf":{"@id":"https:\/\/www.afs.cz\/en\/#website"},"primaryImageOfPage":{"@id":"https:\/\/www.afs.cz\/en\/2020\/07\/stredni-skola-francie-julie\/#primaryimage"},"image":{"@id":"https:\/\/www.afs.cz\/en\/2020\/07\/stredni-skola-francie-julie\/#primaryimage"},"thumbnailUrl":"https:\/\/d22dvihj4pfop3.cloudfront.net\/wp-content\/uploads\/sites\/84\/2020\/07\/14122729\/IMG-20181028-WA0037.jpg","datePublished":"2020-07-14T11:27:59+00:00","dateModified":"2023-02-06T09:02:52+00:00","author":{"@id":"https:\/\/www.afs.cz\/en\/#\/schema\/person\/bc52da0be76098030e75baeb919827ff"},"breadcrumb":{"@id":"https:\/\/www.afs.cz\/en\/2020\/07\/stredni-skola-francie-julie\/#breadcrumb"},"inLanguage":"en-US","potentialAction":[{"@type":"ReadAction","target":["https:\/\/www.afs.cz\/en\/2020\/07\/stredni-skola-francie-julie\/"]}]},{"@type":"ImageObject","inLanguage":"en-US","@id":"https:\/\/www.afs.cz\/en\/2020\/07\/stredni-skola-francie-julie\/#primaryimage","url":"https:\/\/d22dvihj4pfop3.cloudfront.net\/wp-content\/uploads\/sites\/84\/2020\/07\/14122729\/IMG-20181028-WA0037.jpg","contentUrl":"https:\/\/d22dvihj4pfop3.cloudfront.net\/wp-content\/uploads\/sites\/84\/2020\/07\/14122729\/IMG-20181028-WA0037.jpg","width":1152,"height":864},{"@type":"BreadcrumbList","@id":"https:\/\/www.afs.cz\/en\/2020\/07\/stredni-skola-francie-julie\/#breadcrumb","itemListElement":[{"@type":"ListItem","position":1,"name":"Home","item":"https:\/\/czechrepublic.afssite.afs.org\/en\/"},{"@type":"ListItem","position":2,"name":"M\u016fj ro\u010dn\u00ed program ve Francii byl jedno velk\u00e9 p\u0159ekvapen\u00ed"}]},{"@type":"WebSite","@id":"https:\/\/www.afs.cz\/en\/#website","url":"https:\/\/www.afs.cz\/en\/","name":"Mezikulturn\u00ed programy","description":"Studium v zahrani\u010d\u00ed, hostitelsk\u00fd program, vzd\u011bl\u00e1vac\u00ed programy, dobrovolnictv\u00ed a mnoho dal\u0161\u00edho.","potentialAction":[{"@type":"SearchAction","target":{"@type":"EntryPoint","urlTemplate":"https:\/\/www.afs.cz\/en\/?s={search_term_string}"},"query-input":{"@type":"PropertyValueSpecification","valueRequired":true,"valueName":"search_term_string"}}],"inLanguage":"en-US"},{"@type":"Person","@id":"https:\/\/www.afs.cz\/en\/#\/schema\/person\/bc52da0be76098030e75baeb919827ff","name":"afscesko","image":{"@type":"ImageObject","inLanguage":"en-US","@id":"https:\/\/www.afs.cz\/en\/#\/schema\/person\/image\/","url":"https:\/\/secure.gravatar.com\/avatar\/eda270bfa745d003b9a210dc384a8c22e1a05bc41e5280645d3e2968a117c931?s=96&d=mm&r=g","contentUrl":"https:\/\/secure.gravatar.com\/avatar\/eda270bfa745d003b9a210dc384a8c22e1a05bc41e5280645d3e2968a117c931?s=96&d=mm&r=g","caption":"afscesko"},"url":"https:\/\/www.afs.cz\/en\/author\/afscesko\/"}]}},"_links":{"self":[{"href":"https:\/\/www.afs.cz\/en\/wp-json\/wp\/v2\/posts\/10453","targetHints":{"allow":["GET"]}}],"collection":[{"href":"https:\/\/www.afs.cz\/en\/wp-json\/wp\/v2\/posts"}],"about":[{"href":"https:\/\/www.afs.cz\/en\/wp-json\/wp\/v2\/types\/post"}],"author":[{"embeddable":true,"href":"https:\/\/www.afs.cz\/en\/wp-json\/wp\/v2\/users\/351"}],"replies":[{"embeddable":true,"href":"https:\/\/www.afs.cz\/en\/wp-json\/wp\/v2\/comments?post=10453"}],"version-history":[{"count":10,"href":"https:\/\/www.afs.cz\/en\/wp-json\/wp\/v2\/posts\/10453\/revisions"}],"predecessor-version":[{"id":16612,"href":"https:\/\/www.afs.cz\/en\/wp-json\/wp\/v2\/posts\/10453\/revisions\/16612"}],"wp:featuredmedia":[{"embeddable":true,"href":"https:\/\/www.afs.cz\/en\/wp-json\/wp\/v2\/media\/10460"}],"wp:attachment":[{"href":"https:\/\/www.afs.cz\/en\/wp-json\/wp\/v2\/media?parent=10453"}],"wp:term":[{"taxonomy":"category","embeddable":true,"href":"https:\/\/www.afs.cz\/en\/wp-json\/wp\/v2\/categories?post=10453"},{"taxonomy":"post_tag","embeddable":true,"href":"https:\/\/www.afs.cz\/en\/wp-json\/wp\/v2\/tags?post=10453"}],"curies":[{"name":"wp","href":"https:\/\/api.w.org\/{rel}","templated":true}]}}